{"id":23754,"date":"2026-02-09T11:03:07","date_gmt":"2026-02-09T11:03:07","guid":{"rendered":"https:\/\/bihavadis.com\/?p=23754"},"modified":"2026-02-09T11:03:07","modified_gmt":"2026-02-09T11:03:07","slug":"kocaelide-sifir-atik-icin-guclu-koordinasyon","status":"publish","type":"post","link":"https:\/\/bihavadis.com\/index.php\/2026\/02\/09\/kocaelide-sifir-atik-icin-guclu-koordinasyon\/","title":{"rendered":"Kocaeli&#8217;de &#8216;s\u0131f\u0131r at\u0131k&#8217; i\u00e7in g\u00fc\u00e7l\u00fc koordinasyon"},"content":{"rendered":"<p>Kocaeli B\u00fcy\u00fck\u015fehir Belediyesi koordinasyonunda her ay farkl\u0131 bir il\u00e7ede d\u00fczenlenen \u201cS\u0131f\u0131r At\u0131k De\u011ferlendirme Toplant\u0131s\u0131\u201d Kartepe Belediyesi ev sahipli\u011finde ger\u00e7ekle\u015ftirildi. Toplant\u0131da 2025 \u00e7al\u0131\u015fmalar\u0131 ele al\u0131nd\u0131, 2026\u2019ya y\u00f6nelik ortak, s\u00fcrd\u00fcr\u00fclebilir ve koordineli \u00e7al\u0131\u015fmalar de\u011ferlendirildi.<\/p>\n<p><b>SIFIR ATIK UYGULAMALARI KARTEPE\u2019DE KONU\u015eULDU<\/b><\/p>\n<p>Kocaeli genelinde S\u0131f\u0131r At\u0131k Y\u00f6netim Sistemi\u2019nin etkinli\u011fini art\u0131rmak amac\u0131 ile Kocaeli B\u00fcy\u00fck\u015fehir Belediyesi koordinasyonunda d\u00fczenlenen \u201cS\u0131f\u0131r At\u0131k De\u011ferlendirme Toplant\u0131s\u0131\u201d Kocaeli B\u00fcy\u00fck\u015fehir Belediyesi S\u0131f\u0131r At\u0131k \u015eube M\u00fcd\u00fcr\u00fc H\u00fcseyin K\u0131l\u0131\u00e7, il\u00e7e belediyeleri \u0130klim ve S\u0131f\u0131r At\u0131k \u015eube M\u00fcd\u00fcrleri ve teknik personellerinin kat\u0131l\u0131mlar\u0131 ile ger\u00e7ekle\u015fiyor. Bu kapsamda her ay farkl\u0131 bir il\u00e7ede d\u00fczenlenen \u201cS\u0131f\u0131r At\u0131k De\u011ferlendirme Toplant\u0131s\u0131\u201d Kartepe Belediyesi ev sahipli\u011finde ger\u00e7ekle\u015ftirildi.<\/p>\n<p>Toplant\u0131da 2025 y\u0131l\u0131n\u0131n genel de\u011ferlendirilmesi yap\u0131l\u0131rken, ayr\u0131ca mevcut uygulamalar, kar\u015f\u0131la\u015f\u0131lan sorunlar ve iyi uygulama \u00f6rnekleri ele al\u0131narak, sistemin daha etkin ve s\u00fcrd\u00fcr\u00fclebilir bir \u015fekilde y\u00fcr\u00fct\u00fclmesine y\u00f6nelik de\u011ferlendirmelerde bulunuldu.<\/p>\n<p><b>2026 YOL HAR\u0130TASI MASAYA YATIRILDI<\/b><\/p>\n<p>Kartepe Belediyesi Temizlik \u0130\u015fleri ve \u0130klim ve S\u0131f\u0131r At\u0131k \u015eube M\u00fcd\u00fcr\u00fc Emre Turan ger\u00e7ekle\u015ftirdi\u011fi sunumda; Kartepe Belediyesi taraf\u0131ndan t\u00fcm at\u0131k t\u00fcrleri \u00f6zelinde sahada y\u00fcr\u00fct\u00fclen kayna\u011f\u0131nda ayr\u0131 toplama \u00e7al\u0131\u015fmalar\u0131 ile ilgili faaliyetlere de\u011findi. B\u00fcy\u00fck\u015fehir S\u0131f\u0131r At\u0131k \u015eube M\u00fcd\u00fcr\u00fc H\u00fcseyin K\u0131l\u0131\u00e7 ise, s\u0131f\u0131r at\u0131k y\u00f6netim sistemine ili\u015fkin il genelinde yap\u0131lan \u00e7al\u0131\u015fmalar\u0131 de\u011ferlendirdi. K\u0131l\u0131\u00e7, ger\u00e7ekle\u015ftirdi\u011fi bilgilendirmede 2026 y\u0131l\u0131 i\u00e7erisinde y\u00fcr\u00fct\u00fclmesi planlanan ortak \u00e7al\u0131\u015fmalar, e\u011fitim, bilin\u00e7lendirme ve fark\u0131ndal\u0131k faaliyetleri hakk\u0131nda bilgi payla\u015f\u0131m\u0131nda bulundu.<\/p>\n<p><b>TE\u015eV\u0130K PROJES\u0130 SONU\u00c7LARI DE\u011eERLEND\u0130R\u0130LD\u0130<\/b><\/p>\n<p>2025 y\u0131l\u0131nda hayata ge\u00e7irilen \u201cTe\u015fvik Projesi\u201d kapsam\u0131nda Derince, \u00c7ay\u0131rova ve K\u00f6rfez\u2019de kurulan \u201cS\u0131f\u0131r At\u0131k Noktalar\u0131na\u201d getirilen geri kazan\u0131labilir at\u0131klar kar\u015f\u0131l\u0131\u011f\u0131nda vatanda\u015flara ula\u015f\u0131m kart\u0131 bakiyesi ve promosyon sa\u011flanan proje sonu\u00e7lar\u0131 de\u011ferlendirilerek, uygulaman\u0131n yayg\u0131nla\u015ft\u0131r\u0131lmas\u0131na y\u00f6nelik \u00e7al\u0131\u015fmalar ele al\u0131nd\u0131. \u0130l\u00e7e belediyeleri temsilcilerinin interaktif kat\u0131l\u0131mlar\u0131 ile ger\u00e7ekle\u015fen toplant\u0131da,\u00a0Kocaeli genelinde S\u0131f\u0131r At\u0131k Y\u00f6netim Sistemi\u2019nin etkinli\u011finin art\u0131r\u0131lmas\u0131, uygulama birli\u011finin sa\u011flanmas\u0131 ve \u00e7evresel s\u00fcrd\u00fcr\u00fclebilirli\u011fe katk\u0131 sunacak \u00e7al\u0131\u015fmalar\u0131n kararl\u0131l\u0131kla s\u00fcrd\u00fcr\u00fclmesi konusunda mutabakata var\u0131ld\u0131.<\/p>\n<p>Kaynak: (BYZHA) Beyaz Haber Ajans\u0131<\/p>\n","protected":false},"excerpt":{"rendered":"<p>Kocaeli B\u00fcy\u00fck\u015fehir Belediyesi koordinasyonunda her ay farkl\u0131 bir il\u00e7ede d\u00fczenlenen \u201cS\u0131f\u0131r At\u0131k De\u011ferlendirme Toplant\u0131s\u0131\u201d Kartepe Belediyesi ev sahipli\u011finde ger\u00e7ekle\u015ftirildi.<\/p>\n","protected":false},"author":1,"featured_media":23755,"comment_status":"open","ping_status":"open","sticky":false,"template":"","format":"standard","meta":{"footnotes":""},"categories":[4],"tags":[1139,991,1243,2388],"class_list":["post-23754","post","type-post","status-publish","format-standard","has-post-thumbnail","hentry","category-gundem","tag-belediyesi","tag-calismalar","tag-sifir-atik","tag-uygulama"],"_links":{"self":[{"href":"https:\/\/bihavadis.com\/index.php\/wp-json\/wp\/v2\/posts\/23754","targetHints":{"allow":["GET"]}}],"collection":[{"href":"https:\/\/bihavadis.com\/index.php\/wp-json\/wp\/v2\/posts"}],"about":[{"href":"https:\/\/bihavadis.com\/index.php\/wp-json\/wp\/v2\/types\/post"}],"author":[{"embeddable":true,"href":"https:\/\/bihavadis.com\/index.php\/wp-json\/wp\/v2\/users\/1"}],"replies":[{"embeddable":true,"href":"https:\/\/bihavadis.com\/index.php\/wp-json\/wp\/v2\/comments?post=23754"}],"version-history":[{"count":1,"href":"https:\/\/bihavadis.com\/index.php\/wp-json\/wp\/v2\/posts\/23754\/revisions"}],"predecessor-version":[{"id":23756,"href":"https:\/\/bihavadis.com\/index.php\/wp-json\/wp\/v2\/posts\/23754\/revisions\/23756"}],"wp:featuredmedia":[{"embeddable":true,"href":"https:\/\/bihavadis.com\/index.php\/wp-json\/wp\/v2\/media\/23755"}],"wp:attachment":[{"href":"https:\/\/bihavadis.com\/index.php\/wp-json\/wp\/v2\/media?parent=23754"}],"wp:term":[{"taxonomy":"category","embeddable":true,"href":"https:\/\/bihavadis.com\/index.php\/wp-json\/wp\/v2\/categories?post=23754"},{"taxonomy":"post_tag","embeddable":true,"href":"https:\/\/bihavadis.com\/index.php\/wp-json\/wp\/v2\/tags?post=23754"}],"curies":[{"name":"wp","href":"https:\/\/api.w.org\/{rel}","templated":true}]}}