{"id":23825,"date":"2026-02-09T12:03:09","date_gmt":"2026-02-09T12:03:09","guid":{"rendered":"https:\/\/bihavadis.com\/?p=23825"},"modified":"2026-02-09T12:03:09","modified_gmt":"2026-02-09T12:03:09","slug":"freskteki-melek-figuru-meloniye-benzedi","status":"publish","type":"post","link":"https:\/\/bihavadis.com\/index.php\/2026\/02\/09\/freskteki-melek-figuru-meloniye-benzedi\/","title":{"rendered":"Freskteki Melek Fig\u00fcr\u00fc Meloni&#8217;ye Benzedi"},"content":{"rendered":"<p> \u0130talya&#8217;n\u0131n ba\u015fkenti Roma&#8217;daki tarihi &#8220;San Lorenzo in Lucina Bazilikas\u0131&#8221;nda restorasyondan ge\u00e7en bir freskteki melek fig\u00fcrlerinden birinin y\u00fcz ifadesinin, \u0130talya Ba\u015fbakan Giorgia Meloni&#8217;ye benzemesi \u00fclkede g\u00fcndem oldu.<\/p>\n<p><b>RESTORE ED\u0130LEN FRESK, MELON\u0130&#8217;YE BENZET\u0130LD\u0130<\/b><\/p>\n<p>La Repubblica gazetesinin haberinde, ba\u015fkentin merkezinde bulunan, ge\u00e7mi\u015fi 4. y\u00fczy\u0131la dayanan bazilikada restorasyondan ge\u00e7en fresklerden birindeki y\u00fcz\u00fcn, &#8220;her g\u00fcn haberlerde de g\u00f6r\u00fclen ve \u00fclkenin en g\u00fc\u00e7l\u00fc kad\u0131nlar\u0131ndan biri olan&#8221; Ba\u015fbakan Meloni&#8217;ye benzedi\u011fi ileri s\u00fcr\u00fcld\u00fc.<\/p>\n<p>Sosyal medya mecralar\u0131nda da payla\u015f\u0131lan foto\u011fraflarda freskte yer alan meleklerden birinin Meloni&#8217;ye olan benzerli\u011fi, kamuoyunda b\u00fcy\u00fck ilgi uyand\u0131r\u0131rken, tart\u0131\u015fmalara da yol a\u00e7t\u0131.<\/p>\n<p><b>&#8220;GER\u00c7EKTEN DE BELL\u0130 B\u0130R BENZERL\u0130K VAR&#8221;<\/b><\/p>\n<p>ANSA haber ajans\u0131na konu\u015fan bazilikadan sorumlu Piskopos Daniele Micheletti, &#8220;Bu sabah gazetede haberi okudum ve restorasyonu g\u00f6rmeye gittim. Ger\u00e7ekten de belli bir benzerlik var ama bunu neden b\u00f6yle yapt\u0131\u011f\u0131n\u0131 restorasyonu yapan ki\u015fiye sorman\u0131z gerekir. Nedenini ben bilmiyorum. Ben tam olarak oldu\u011fu gibi restore edilmesini istedim. Orada bir melek vard\u0131 ama y\u00fcz hatlar\u0131n\u0131n \u00f6yle olup olmad\u0131\u011f\u0131n\u0131 bilmiyorum.&#8221; ifadelerini kulland\u0131.<\/p>\n<div>\n<figure><img decoding=\"async\" src=\"https:\/\/bihavadis.com\/wp-content\/uploads\/2026\/02\/freskteki-melek-figuru-meloniye-benzedi-0-6qAvNdD5.jpg\"\/>\u0130talya Ba\u015fbakan\u0131 Giorgia Meloni<\/figure>\n<\/div>\n<p><b>&#8220;SANAT\u00c7ININ M\u00dcDAHALE ETT\u0130\u011e\u0130 A\u00c7IK&#8221;<\/b><\/p>\n<p>Roma Piskoposlu\u011fundan ANSA&#8217;ya yap\u0131lan a\u00e7\u0131klamada da Meloni&#8217;ye benzeyen melekli freskin &#8220;\u015fa\u015fk\u0131nl\u0131kla&#8221; kar\u015f\u0131land\u0131\u011f\u0131 belirtilerek, &#8220;Sanat\u00e7\u0131n\u0131n m\u00fcdahale etti\u011fi a\u00e7\u0131k. Bu konudan ve restorat\u00f6r\u00fcn niyetinden tamamen habersizdik ve bilgilendirilmedik. \u015eimdi ne oldu\u011funu ara\u015ft\u0131r\u0131yoruz.&#8221; ifadeleri kullan\u0131ld\u0131.<\/p>\n<p><b>&#8220;KES\u0130NL\u0130KLE B\u0130R MELE\u011eE BENZEM\u0130YORUM&#8221;<\/b><\/p>\n<p>Ana muhalefet partisi Demokratik Parti (PD), 5 Y\u0131ld\u0131z Hareketi ile Ye\u015fil ve Sol \u0130ttifak (AVS) partilerinden, Meloni&#8217;ye benzeyen melekli freske tepki g\u00f6sterildi. \u00dc\u00e7 parti de \u0130talya K\u00fclt\u00fcr Bakan\u0131 Alessandro Giuli&#8217;ye s\u00f6z konusu restorasyona y\u00f6nelik inceleme ba\u015flatmas\u0131n\u0131 ve konuya a\u00e7\u0131kl\u0131k getirmesini istedi.<\/p>\n<p>Ba\u015fbakan Meloni ise kilisedeki freskteki melek fig\u00fcr\u00fcn\u00fcn kendisine benzemesine ili\u015fkin sosyal medya hesab\u0131ndan, freskin foto\u011fraf\u0131n\u0131, &#8220;Hay\u0131r, kesinlikle bir mele\u011fe benzemiyorum.&#8221; ifadesini ironi yaparak payla\u015ft\u0131.<\/p>\n<p>Tart\u0131\u015fmalar\u0131n oda\u011f\u0131ndaki isim restorasyon sorumlusu Bruno Valentinetti ise melekteki y\u00fcz\u00fcn Meloni&#8217;ye benzedi\u011fi iddialar\u0131n\u0131 reddederek, &#8220;Kim diyor ki bu y\u00fcz, Ba\u015fbakan Meloni&#8217;nin? Kilise rahibi s\u00f6ylemedi, ona benzedi\u011fini s\u00f6yledi. Bu y\u00fcz i\u00e7in, 25 y\u0131l \u00f6nce orada olan\u0131, ayn\u0131 \u015fekilde restore ettim. 25 y\u0131l \u00f6nceki ayn\u0131 tasar\u0131mlar\u0131 ve renkleri kullanmak zorundayd\u0131m. De\u011fi\u015ftirilmemeliydi. Tart\u0131\u015fmaya gelince, ben de bunlar\u0131n hepsinin uydurma oldu\u011funu s\u00f6yl\u00fcyorum.&#8221; ifadelerini kulland\u0131.<\/p>\n","protected":false},"excerpt":{"rendered":"<p>Roma&#8217;daki San Lorenzo in Lucina Bazilikas\u0131&#8217;ndaki freskteki melek, Ba\u015fbakan Meloni&#8217;ye benziyor.<\/p>\n","protected":false},"author":1,"featured_media":23826,"comment_status":"open","ping_status":"open","sticky":false,"template":"","format":"standard","meta":{"footnotes":""},"categories":[9,4,13],"tags":[4018,2549,2550,682],"class_list":["post-23825","post","type-post","status-publish","format-standard","has-post-thumbnail","hentry","category-genel","category-gundem","category-son-dakika","tag-basbakan","tag-melek","tag-restorasyon","tag-yuz"],"_links":{"self":[{"href":"https:\/\/bihavadis.com\/index.php\/wp-json\/wp\/v2\/posts\/23825","targetHints":{"allow":["GET"]}}],"collection":[{"href":"https:\/\/bihavadis.com\/index.php\/wp-json\/wp\/v2\/posts"}],"about":[{"href":"https:\/\/bihavadis.com\/index.php\/wp-json\/wp\/v2\/types\/post"}],"author":[{"embeddable":true,"href":"https:\/\/bihavadis.com\/index.php\/wp-json\/wp\/v2\/users\/1"}],"replies":[{"embeddable":true,"href":"https:\/\/bihavadis.com\/index.php\/wp-json\/wp\/v2\/comments?post=23825"}],"version-history":[{"count":1,"href":"https:\/\/bihavadis.com\/index.php\/wp-json\/wp\/v2\/posts\/23825\/revisions"}],"predecessor-version":[{"id":23828,"href":"https:\/\/bihavadis.com\/index.php\/wp-json\/wp\/v2\/posts\/23825\/revisions\/23828"}],"wp:featuredmedia":[{"embeddable":true,"href":"https:\/\/bihavadis.com\/index.php\/wp-json\/wp\/v2\/media\/23826"}],"wp:attachment":[{"href":"https:\/\/bihavadis.com\/index.php\/wp-json\/wp\/v2\/media?parent=23825"}],"wp:term":[{"taxonomy":"category","embeddable":true,"href":"https:\/\/bihavadis.com\/index.php\/wp-json\/wp\/v2\/categories?post=23825"},{"taxonomy":"post_tag","embeddable":true,"href":"https:\/\/bihavadis.com\/index.php\/wp-json\/wp\/v2\/tags?post=23825"}],"curies":[{"name":"wp","href":"https:\/\/api.w.org\/{rel}","templated":true}]}}