{"id":23836,"date":"2026-02-09T12:12:05","date_gmt":"2026-02-09T12:12:05","guid":{"rendered":"https:\/\/bihavadis.com\/?p=23836"},"modified":"2026-02-09T12:12:05","modified_gmt":"2026-02-09T12:12:05","slug":"galatasaraydan-ayrilan-yusuf-demirin-alacagi-maas-ortaya-cikti","status":"publish","type":"post","link":"https:\/\/bihavadis.com\/index.php\/2026\/02\/09\/galatasaraydan-ayrilan-yusuf-demirin-alacagi-maas-ortaya-cikti\/","title":{"rendered":"Galatasaray&#8217;dan ayr\u0131lan Yusuf Demir&#8217;in alaca\u011f\u0131 maa\u015f ortaya \u00e7\u0131kt\u0131"},"content":{"rendered":"<p>Galatasaray&#8217;da beklentileri bir t\u00fcrl\u00fc kar\u015f\u0131layamayan Yusuf Demir maceras\u0131 sona erdi.<\/p>\n<p>Sar\u0131-k\u0131rm\u0131z\u0131l\u0131lardan ayr\u0131lan Yusuf Demir, altyap\u0131s\u0131ndan yeti\u015fti\u011fi kul\u00fcp Rapid Wien&#8217;e geri d\u00f6nd\u00fc.<\/p>\n<p>Ye\u015fil-beyazl\u0131lar, oyuncuyla 2027 yaz\u0131na kadar s\u00f6zle\u015fme imzaland\u0131\u011f\u0131n\u0131 a\u00e7\u0131klad\u0131.<\/p>\n<p><strong>AVUSTURYA EK\u0130B\u0130NDEN 250 B\u0130N EURO MAA\u015e ALACAK<\/strong><\/p>\n<p>Yusuf Demir, d\u00f6n\u00fc\u015f\u00fcyle ilgili yapt\u0131\u011f\u0131 a\u00e7\u0131klamada, <b><em>&#8220;Ben her zaman Rapidliyim. Yeniden forma giyecek olmaktan mutluyum. Yeni teknik ekip, tak\u0131m arkada\u015flar\u0131m, taraftarlar ve \u00f6zellikle karde\u015fim Furkan&#8217;la yeniden ayn\u0131 kul\u00fcpte olmak benim i\u00e7in \u00e7ok \u00f6zel.&#8221;<\/em><\/b> dedi.<\/p>\n<p><strong>G.SARAY&#8217;DAN 1.2 M\u0130LYON EURO ALIYORDU<\/strong><\/p>\n<p>Galatasaray&#8217;da senelik 1.2 milyon euro alan futbolcu, Wien&#8217;de sezon sonuna kadar 250 bin euro kazanacak.<\/p>\n<p><img decoding=\"async\" src=\"https:\/\/bihavadis.com\/wp-content\/uploads\/2026\/02\/galatasaraydan-ayrilan-yusuf-demirin-alacagi-maas-ortaya-cikti-0-6UA92s5m.jpg\"\/><\/p>\n<p><strong>\u015eU ANA KADAR 8 M\u0130LYON EUROLUK \u00d6DEME YAPILDI<\/strong><\/p>\n<p>Galatasaray, sezonun geri kalan k\u0131sm\u0131ndaki alacaklar\u0131 haricinde bonservis bedeli ve maa\u015f olarak Yusuf Demir i\u00e7in toplamda 8 milyon 725 bin euroluk \u00f6deme yapt\u0131.<\/p>\n<p>Galatasaray formas\u0131 alt\u0131nda 26 ma\u00e7ta g\u00f6rev alan Avusturyal\u0131 oyuncu, Galatasaray&#8217;a ma\u00e7 ba\u015f\u0131na ortalama 335 bin 576 euroya mal oldu.<\/p>\n<p>Sar\u0131-K\u0131rm\u0131z\u0131l\u0131 ekip, 2022 yaz\u0131nda KAP&#8217;a yapt\u0131\u011f\u0131 a\u00e7\u0131klamada Demir&#8217;in s\u00f6zle\u015fme detaylar\u0131 hakk\u0131nda \u015fu ifadeleri kullanm\u0131\u015ft\u0131:<\/p>\n<p>&#8220;Futbolcu ile 2022-2023 sezonundan ba\u015flayarak 4 sezon i\u00e7in s\u00f6zle\u015fme imzalanm\u0131\u015ft\u0131r. Buna g\u00f6re, Futbolcumuza 2022-2023 sezonu i\u00e7in net 650.000 EUR, 2023-2024 sezonu i\u00e7in net 750.000 EUR, 2024-2025 sezonu i\u00e7in net 850.000 EUR ve 2025-2026 sezonu i\u00e7in net 950.000 EUR sezonluk \u00fccret \u00f6denecektir.&#8221;<\/p>\n<p><img decoding=\"async\" src=\"https:\/\/bihavadis.com\/wp-content\/uploads\/2026\/02\/galatasaraydan-ayrilan-yusuf-demirin-alacagi-maas-ortaya-cikti-1-NaTGuAQ3.jpg\"\/><\/p>\n","protected":false},"excerpt":{"rendered":"<p>Galatasaray&#8217;dan ayr\u0131lan Yusuf Demir&#8217;in yeni kul\u00fcb\u00fc Rapid Wien&#8217;den 250 bin euro maa\u015f alaca\u011f\u0131 ortaya \u00e7\u0131kt\u0131. Demir&#8217;in ayr\u0131ca sar\u0131-k\u0131rm\u0131z\u0131l\u0131 ekibe \u015fu ana dek toplamda 8,7 milyon euroya mal oldu\u011fu \u00f6\u011frenildi.<\/p>\n","protected":false},"author":1,"featured_media":23837,"comment_status":"open","ping_status":"open","sticky":false,"template":"","format":"standard","meta":{"footnotes":""},"categories":[14],"tags":[601,803,496,451],"class_list":["post-23836","post","type-post","status-publish","format-standard","has-post-thumbnail","hentry","category-spor","tag-demir","tag-euro","tag-galatasaray","tag-sezon"],"_links":{"self":[{"href":"https:\/\/bihavadis.com\/index.php\/wp-json\/wp\/v2\/posts\/23836","targetHints":{"allow":["GET"]}}],"collection":[{"href":"https:\/\/bihavadis.com\/index.php\/wp-json\/wp\/v2\/posts"}],"about":[{"href":"https:\/\/bihavadis.com\/index.php\/wp-json\/wp\/v2\/types\/post"}],"author":[{"embeddable":true,"href":"https:\/\/bihavadis.com\/index.php\/wp-json\/wp\/v2\/users\/1"}],"replies":[{"embeddable":true,"href":"https:\/\/bihavadis.com\/index.php\/wp-json\/wp\/v2\/comments?post=23836"}],"version-history":[{"count":1,"href":"https:\/\/bihavadis.com\/index.php\/wp-json\/wp\/v2\/posts\/23836\/revisions"}],"predecessor-version":[{"id":23840,"href":"https:\/\/bihavadis.com\/index.php\/wp-json\/wp\/v2\/posts\/23836\/revisions\/23840"}],"wp:featuredmedia":[{"embeddable":true,"href":"https:\/\/bihavadis.com\/index.php\/wp-json\/wp\/v2\/media\/23837"}],"wp:attachment":[{"href":"https:\/\/bihavadis.com\/index.php\/wp-json\/wp\/v2\/media?parent=23836"}],"wp:term":[{"taxonomy":"category","embeddable":true,"href":"https:\/\/bihavadis.com\/index.php\/wp-json\/wp\/v2\/categories?post=23836"},{"taxonomy":"post_tag","embeddable":true,"href":"https:\/\/bihavadis.com\/index.php\/wp-json\/wp\/v2\/tags?post=23836"}],"curies":[{"name":"wp","href":"https:\/\/api.w.org\/{rel}","templated":true}]}}