{"id":23844,"date":"2026-02-09T12:18:07","date_gmt":"2026-02-09T12:18:07","guid":{"rendered":"https:\/\/bihavadis.com\/?p=23844"},"modified":"2026-02-09T12:18:07","modified_gmt":"2026-02-09T12:18:07","slug":"rusyadan-uzaya-askeri-hamle-savunma-bakanligi-icin-uydular-yorungede","status":"publish","type":"post","link":"https:\/\/bihavadis.com\/index.php\/2026\/02\/09\/rusyadan-uzaya-askeri-hamle-savunma-bakanligi-icin-uydular-yorungede\/","title":{"rendered":"Rusya\u2019dan uzaya askeri hamle: Savunma Bakanl\u0131\u011f\u0131 i\u00e7in uydular y\u00f6r\u00fcngede"},"content":{"rendered":"<p>Rusya Hava-Uzay Kuvvetleri\u2019ne ba\u011fl\u0131 Uzay Kuvvetleri\u2019nin muharebe ekibi, 5 \u015eubat saat 21.59\u2019da (Moskova saati) Arhangelsk b\u00f6lgesinde bulunan Plesetsk Kozmodromu\u2019ndan orta s\u0131n\u0131f Soyuz-2.1b ta\u015f\u0131y\u0131c\u0131 roketini ba\u015far\u0131yla f\u0131rlatt\u0131.<\/p>\n<p><strong>UYGULAR ASKER\u0130 AMA\u00c7LI<\/strong><\/p>\n<p>Ta\u015f\u0131y\u0131c\u0131 roketle birlikte uzaya g\u00f6nderilen askeri uydular\u0131n, Savunma Bakanl\u0131\u011f\u0131\u2019n\u0131n \u00e7\u0131karlar\u0131 do\u011frultusunda g\u00f6rev yapmak \u00fczere \u00f6nceden belirlenen y\u00f6r\u00fcngelerine yerle\u015ftirildi\u011fi belirtildi.<\/p>\n<p>A\u00e7\u0131klamada, f\u0131rlatma s\u00fcreci ile uzay ara\u00e7lar\u0131n\u0131n hedef y\u00f6r\u00fcngeye intikalinin planlanan takvime uygun ve herhangi bir aksakl\u0131k ya\u015fanmadan ger\u00e7ekle\u015ftirildi\u011fi vurguland\u0131.<\/p>\n<p>Askeri uydular\u0131n kontrol\u00fcn\u00fcn Rusya Hava-Uzay Kuvvetleri\u2019ne ba\u011fl\u0131 yer tabanl\u0131 merkezler taraf\u0131ndan devral\u0131nd\u0131\u011f\u0131 kaydedilirken, uydularla telemetri ba\u011flant\u0131s\u0131n\u0131n kuruldu\u011fu, ileti\u015fimin stabil oldu\u011fu ve t\u00fcm yerle\u015fik sistemlerin normal \u015fekilde \u00e7al\u0131\u015ft\u0131\u011f\u0131 bildirildi.<\/p>\n","protected":false},"excerpt":{"rendered":"<p>Rusya Savunma Bakanl\u0131\u011f\u0131, Soyuz-2.1b ta\u015f\u0131y\u0131c\u0131 roketiyle askeri ama\u00e7l\u0131 uydular\u0131n uzaya f\u0131rlat\u0131ld\u0131\u011f\u0131n\u0131 ve planlanan y\u00f6r\u00fcngelerine sorunsuz \u015fekilde yerle\u015ftirildi\u011fini duyurdu.<\/p>\n","protected":false},"author":1,"featured_media":23845,"comment_status":"open","ping_status":"open","sticky":false,"template":"","format":"standard","meta":{"footnotes":""},"categories":[6],"tags":[3058],"class_list":["post-23844","post","type-post","status-publish","format-standard","has-post-thumbnail","hentry","category-dunya","tag-uzay"],"_links":{"self":[{"href":"https:\/\/bihavadis.com\/index.php\/wp-json\/wp\/v2\/posts\/23844","targetHints":{"allow":["GET"]}}],"collection":[{"href":"https:\/\/bihavadis.com\/index.php\/wp-json\/wp\/v2\/posts"}],"about":[{"href":"https:\/\/bihavadis.com\/index.php\/wp-json\/wp\/v2\/types\/post"}],"author":[{"embeddable":true,"href":"https:\/\/bihavadis.com\/index.php\/wp-json\/wp\/v2\/users\/1"}],"replies":[{"embeddable":true,"href":"https:\/\/bihavadis.com\/index.php\/wp-json\/wp\/v2\/comments?post=23844"}],"version-history":[{"count":1,"href":"https:\/\/bihavadis.com\/index.php\/wp-json\/wp\/v2\/posts\/23844\/revisions"}],"predecessor-version":[{"id":23846,"href":"https:\/\/bihavadis.com\/index.php\/wp-json\/wp\/v2\/posts\/23844\/revisions\/23846"}],"wp:featuredmedia":[{"embeddable":true,"href":"https:\/\/bihavadis.com\/index.php\/wp-json\/wp\/v2\/media\/23845"}],"wp:attachment":[{"href":"https:\/\/bihavadis.com\/index.php\/wp-json\/wp\/v2\/media?parent=23844"}],"wp:term":[{"taxonomy":"category","embeddable":true,"href":"https:\/\/bihavadis.com\/index.php\/wp-json\/wp\/v2\/categories?post=23844"},{"taxonomy":"post_tag","embeddable":true,"href":"https:\/\/bihavadis.com\/index.php\/wp-json\/wp\/v2\/tags?post=23844"}],"curies":[{"name":"wp","href":"https:\/\/api.w.org\/{rel}","templated":true}]}}