{"id":23886,"date":"2026-02-09T12:48:36","date_gmt":"2026-02-09T12:48:36","guid":{"rendered":"https:\/\/bihavadis.com\/?p=23886"},"modified":"2026-02-09T12:48:36","modified_gmt":"2026-02-09T12:48:36","slug":"hamaneyin-danismani-ali-semhani-herhangi-bir-saldiriya-yanitimiz-tel-avivin-kalbine-ulasir","status":"publish","type":"post","link":"https:\/\/bihavadis.com\/index.php\/2026\/02\/09\/hamaneyin-danismani-ali-semhani-herhangi-bir-saldiriya-yanitimiz-tel-avivin-kalbine-ulasir\/","title":{"rendered":"Hamaney&#8217;in Dan\u0131\u015fman\u0131 Ali \u015eemhani : Herhangi bir sald\u0131r\u0131ya yan\u0131t\u0131m\u0131z Tel Aviv&#8217;in kalbine ula\u015f\u0131r"},"content":{"rendered":"<p>ABD&#8217;in \u0130ran&#8217;a bir sald\u0131r\u0131 d\u00fczenleme olas\u0131l\u0131\u011f\u0131 g\u00fcndemdeyken \u0130ran dini lideri Ayetullah Ali Hamaney&#8217;in dan\u0131\u015fman\u0131 Ali \u015eemhani &#8220;Herhangi bir sald\u0131r\u0131ya yan\u0131t\u0131m\u0131z Tel Aviv&#8217;in kalbine ula\u015f\u0131r&#8221; dedi.<\/p>\n<p><b>HAMANEY&#8217;\u0130N DANI\u015eMANI \u0130SRA\u0130L&#8217;\u0130 TEHD\u0130T ETT\u0130<\/b><\/p>\n<p>Hamaney&#8217;i Y\u00fcksek Savunma Konseyi&#8217;nde temsil eden \u015eemhani, bug\u00fcn yapt\u0131\u011f\u0131 a\u00e7\u0131klamada, \u00fclkesinin herhangi bir sald\u0131r\u0131ya &#8220;etkili ve cayd\u0131r\u0131c\u0131&#8221; bir kar\u015f\u0131l\u0131k verece\u011fini s\u00f6yledi. \u015eemhani, \u0130ran merkezli Tesnim haber ajans\u0131 taraf\u0131ndan aktar\u0131lan a\u00e7\u0131klamas\u0131nda, \u0130ran&#8217;\u0131n olas\u0131 bir sald\u0131r\u0131ya verece\u011fi yan\u0131t\u0131n &#8216;Tel Aviv&#8217;in kalbine ula\u015faca\u011f\u0131n\u0131&#8217; s\u00f6yledi.<\/p>\n<p>\u00d6te yandan \u0130ran Genelkurmay Ba\u015fkan\u0131 Emir Hatemi, ABD ve \u0130srail&#8217;i herhangi bir sald\u0131r\u0131dan ka\u00e7\u0131nmalar\u0131 konusunda uyard\u0131. Hatemi, Washington&#8217;un b\u00f6lgede yo\u011fun askeri takviyeler yapmas\u0131yla birlikte \u0130ran g\u00fc\u00e7lerinin &#8220;en \u00fcst d\u00fczeyde alarm halinde&#8221; oldu\u011funu belirtti. Hatemi, resmi haber ajans\u0131 IRNA&#8217;ya yapt\u0131\u011f\u0131 a\u00e7\u0131klamada, &#8220;E\u011fer d\u00fc\u015fman bir hata yaparsa, bu durum yaln\u0131zca kendi g\u00fcvenli\u011fini de\u011fil, b\u00f6lgenin ve siyonist rejimin g\u00fcvenli\u011fini de tehlikeye atar&#8221; ifadelerini kulland\u0131.<br \/>\u0130ran Silahl\u0131 Kuvvetleri&#8217;nin &#8220;en \u00fcst d\u00fczey savunma ve askeri haz\u0131rl\u0131k&#8221; i\u00e7inde oldu\u011funu vurgulayan Hatemi, ayr\u0131ca &#8220;n\u00fckleer teknolojinin ortadan kald\u0131r\u0131lamayaca\u011f\u0131n\u0131&#8221; s\u00f6yledi.<\/p>\n<p><b>&#8220;M\u00dcZAKERELERE HAZIRIZ&#8221;<\/b><\/p>\n<p>\u00d6te yandan Tahran y\u00f6netimi, e\u015f zamanl\u0131 olarak ABD ile m\u00fczakerelere a\u00e7\u0131k oldu\u011fu mesaj\u0131n\u0131 da veriyor. D\u0131\u015fi\u015fleri Bakan\u0131 Abbas Arak\u00e7i, d\u00fcn ve bug\u00fcn yapt\u0131\u011f\u0131 a\u00e7\u0131klamalarda, \u0130ran&#8217;\u0131n n\u00fckleer silahlanmadan vazge\u00e7mesi ve kar\u015f\u0131l\u0131\u011f\u0131nda Tahran&#8217;a y\u00f6nelik yapt\u0131r\u0131mlar\u0131n kald\u0131r\u0131lmas\u0131n\u0131 i\u00e7eren bir anla\u015fma i\u00e7in Washington ile m\u00fczakereye haz\u0131r oldu\u011funu s\u00f6yledi. Ancak Arak\u00e7i, \u0130ran&#8217;\u0131n &#8220;savunma ve balistik f\u00fcze kapasitesinin&#8221; m\u00fczakere ya da pazarl\u0131k konusu olmas\u0131n\u0131n s\u00f6z konusu olmad\u0131\u011f\u0131n\u0131 da kaydetti.<\/p>\n<p>ABD Ba\u015fkan\u0131 Donald Trump ise Beyaz Saray&#8217;\u0131n taleplerini yerine getirmesi i\u00e7in \u0130ran y\u00f6netimine s\u00fcre tan\u0131d\u0131\u011f\u0131n\u0131 s\u00f6yledi ancak s\u00fcrenin ne zaman dolaca\u011f\u0131n\u0131 belirtmedi. Trump, &#8220;t\u00fcm se\u00e7eneklerin masada oldu\u011funu&#8221; s\u00f6ylemi\u015f, nihai karar\u0131n hen\u00fcz al\u0131nmad\u0131\u011f\u0131n\u0131 ifade etmi\u015fti.<\/p>\n","protected":false},"excerpt":{"rendered":"<p>\u0130ran dini lideri Hamaney&#8217;in dan\u0131\u015fman\u0131 \u015eemhani, ABD&#8217;nin olas\u0131 bir sald\u0131r\u0131s\u0131na kar\u015f\u0131 Tel Aviv&#8217;in kalbine ula\u015facak bir yan\u0131t vereceklerini belirtti. \u0130ran Genelkurmay Ba\u015fkan\u0131 Hatemi ise d\u00fc\u015fman\u0131n hata yapmas\u0131 durumunda b\u00f6lge g\u00fcvenli\u011finin tehlikeye girece\u011fini vurgulad\u0131. Tahran, ABD ile m\u00fczakereye a\u00e7\u0131k oldu\u011funu da dile getirdi.<\/p>\n","protected":false},"author":1,"featured_media":0,"comment_status":"open","ping_status":"open","sticky":false,"template":"","format":"standard","meta":{"footnotes":""},"categories":[6],"tags":[271,4080],"class_list":["post-23886","post","type-post","status-publish","format-standard","hentry","category-dunya","tag-iran","tag-soyledi"],"_links":{"self":[{"href":"https:\/\/bihavadis.com\/index.php\/wp-json\/wp\/v2\/posts\/23886","targetHints":{"allow":["GET"]}}],"collection":[{"href":"https:\/\/bihavadis.com\/index.php\/wp-json\/wp\/v2\/posts"}],"about":[{"href":"https:\/\/bihavadis.com\/index.php\/wp-json\/wp\/v2\/types\/post"}],"author":[{"embeddable":true,"href":"https:\/\/bihavadis.com\/index.php\/wp-json\/wp\/v2\/users\/1"}],"replies":[{"embeddable":true,"href":"https:\/\/bihavadis.com\/index.php\/wp-json\/wp\/v2\/comments?post=23886"}],"version-history":[{"count":1,"href":"https:\/\/bihavadis.com\/index.php\/wp-json\/wp\/v2\/posts\/23886\/revisions"}],"predecessor-version":[{"id":23887,"href":"https:\/\/bihavadis.com\/index.php\/wp-json\/wp\/v2\/posts\/23886\/revisions\/23887"}],"wp:attachment":[{"href":"https:\/\/bihavadis.com\/index.php\/wp-json\/wp\/v2\/media?parent=23886"}],"wp:term":[{"taxonomy":"category","embeddable":true,"href":"https:\/\/bihavadis.com\/index.php\/wp-json\/wp\/v2\/categories?post=23886"},{"taxonomy":"post_tag","embeddable":true,"href":"https:\/\/bihavadis.com\/index.php\/wp-json\/wp\/v2\/tags?post=23886"}],"curies":[{"name":"wp","href":"https:\/\/api.w.org\/{rel}","templated":true}]}}