{"id":23888,"date":"2026-02-09T12:51:08","date_gmt":"2026-02-09T12:51:08","guid":{"rendered":"https:\/\/bihavadis.com\/?p=23888"},"modified":"2026-02-09T12:51:08","modified_gmt":"2026-02-09T12:51:08","slug":"bakan-kurum-depremden-etkilenen-11-ilimizi-daha-guclu-sehirler-olarak-yeniden-insa-ediyoruz","status":"publish","type":"post","link":"https:\/\/bihavadis.com\/index.php\/2026\/02\/09\/bakan-kurum-depremden-etkilenen-11-ilimizi-daha-guclu-sehirler-olarak-yeniden-insa-ediyoruz\/","title":{"rendered":"Bakan Kurum: Depremden etkilenen 11 ilimizi daha g\u00fc\u00e7l\u00fc \u015fehirler olarak yeniden in\u015fa ediyoruz"},"content":{"rendered":"<p>\u00c7evre, \u015eehircilik ve \u0130klim De\u011fi\u015fikli\u011fi Bakan\u0131 Murat Kurum, Kahramanmara\u015f merkezli 6 \u015eubat 2023 depremlerinde ya\u015fam\u0131n\u0131 yitiren vatanda\u015flar i\u00e7in Erzurumluo\u011flu Camisi\u2019nde d\u00fczenlenen anma program\u0131na kat\u0131ld\u0131. Program\u0131n ard\u0131ndan bas\u0131n mensuplar\u0131na a\u00e7\u0131klamalarda bulunan Kurum, depremin t\u00fcm T\u00fcrkiye\u2019yi derinden etkiledi\u011fini s\u00f6yledi.<\/p>\n<p><strong>&#8220;ASRIN FELAKET\u0130, M\u0130LLET\u00c7E HEP\u0130M\u0130Z\u0130 SARSTI&#8221;<\/strong><\/p>\n<p>Depremin \u00fczerinden 3 y\u0131l ge\u00e7ti\u011fini hat\u0131rlatan Kurum, ya\u015fanan b\u00fcy\u00fck ac\u0131lar\u0131n h\u00e2l\u00e2 ilk g\u00fcnk\u00fc tazeli\u011fini korudu\u011funu ifade etti. Afetin 11 ilde yakla\u015f\u0131k 14 milyon vatanda\u015f\u0131 etkiledi\u011fini belirten Kurum, <b><em>\u201cO g\u00fcnler \u00e7ok zordu. Binlerce can\u0131m\u0131z\u0131 kaybettik, millet\u00e7e \u00e7ok b\u00fcy\u00fck bir s\u0131navdan ge\u00e7tik.\u201d <\/em><\/b>dedi.<\/p>\n<p><img decoding=\"async\" src=\"https:\/\/bihavadis.com\/wp-content\/uploads\/2026\/02\/bakan-kurum-depremden-etkilenen-11-ilimizi-daha-guclu-sehirler-olarak-yeniden-insa-ediyoruz-0-yyGmI9QC.jpg\"\/><\/p>\n<p><strong>&#8220;455 B\u0130N KONUTUN TAMAMINI HAK SAH\u0130PLER\u0130NE TESL\u0130M ETT\u0130K&#8221;<\/strong><\/p>\n<p>Devlet ve milletin omuz omuza vererek b\u00fcy\u00fck bir m\u00fccadele ortaya koydu\u011funu vurgulayan Kurum, bug\u00fcne kadar \u00f6nemli bir mesafe al\u0131nd\u0131\u011f\u0131n\u0131 belirterek \u015funlar\u0131 s\u00f6yledi:<\/p>\n<p>Asla \u00fcmitsizli\u011fe kap\u0131lmad\u0131k. Hamdolsun bug\u00fcn 455 bin hak sahibi vatanda\u015f\u0131m\u0131z\u0131n tamam\u0131n\u0131n kuras\u0131n\u0131 \u00e7ektik ve konutlar\u0131n\u0131 teslim ettik. Say\u0131n Cumhurba\u015fkan\u0131m\u0131z\u0131n liderli\u011finde, 11 ilimizi aya\u011fa kald\u0131rmak, istihdam\u0131 ve \u00fcretimi art\u0131rmak i\u00e7in gece g\u00fcnd\u00fcz \u00e7al\u0131\u015f\u0131yoruz.<\/p>\n<p><img decoding=\"async\" src=\"https:\/\/bihavadis.com\/wp-content\/uploads\/2026\/02\/bakan-kurum-depremden-etkilenen-11-ilimizi-daha-guclu-sehirler-olarak-yeniden-insa-ediyoruz-1-bngUNO5d.jpg\"\/><\/p>\n<p><strong>&#8220;\u015eEH\u0130RLER\u0130M\u0130Z, DEPREM \u015eEH\u0130TLER\u0130M\u0130Z\u0130N EMANET\u0130&#8221;<\/strong><\/p>\n<p>Depremde hayat\u0131n\u0131 kaybeden vatanda\u015flar\u0131n hat\u0131ras\u0131na yak\u0131\u015f\u0131r \u015fehirler in\u015fa etmek istediklerini dile getiren Kurum, <b><em>\u201c\u015eehitlerimizi geri getiremeyiz ama onlar\u0131n bize emaneti olan bu \u015fehirleri eskisinden daha g\u00fczel, daha g\u00fcvenli ve daha g\u00fc\u00e7l\u00fc hale getirmek zorunday\u0131z.\u201d<\/em><\/b> diye konu\u015ftu.<\/p>\n<p><strong>BA\u015eSA\u011eLI\u011eI VE B\u0130RL\u0130K VURGUSU<\/strong><\/p>\n<p>Ortaya konulan m\u00fccadelenin t\u00fcm d\u00fcnyaya \u00f6rnek oldu\u011funu ifade eden Kurum, anma program\u0131nda deprem \u015fehitleri i\u00e7in dualar edildi\u011fini belirterek, ba\u015fta depremzedeler olmak \u00fczere t\u00fcm T\u00fcrk milletine bir kez daha ba\u015fsa\u011fl\u0131\u011f\u0131 dile\u011finde bulundu.<\/p>\n<p><img decoding=\"async\" src=\"https:\/\/bihavadis.com\/wp-content\/uploads\/2026\/02\/bakan-kurum-depremden-etkilenen-11-ilimizi-daha-guclu-sehirler-olarak-yeniden-insa-ediyoruz-2-OL8O72nN.jpg\"\/><\/p>\n","protected":false},"excerpt":{"rendered":"<p>\u00c7evre, \u015eehircilik ve \u0130klim De\u011fi\u015fikli\u011fi Bakan\u0131 Murat Kurum, &#8220;Cumhurba\u015fkan\u0131m\u0131z\u0131n liderli\u011finde, 11 ilimizi eskisinden daha g\u00fczel hale getirmek i\u00e7in gece g\u00fcnd\u00fcz \u00e7al\u0131\u015f\u0131yoruz&#8221; dedi.<\/p>\n","protected":false},"author":1,"featured_media":23889,"comment_status":"open","ping_status":"open","sticky":false,"template":"","format":"standard","meta":{"footnotes":""},"categories":[9,13],"tags":[60,1570],"class_list":["post-23888","post","type-post","status-publish","format-standard","has-post-thumbnail","hentry","category-genel","category-son-dakika","tag-deprem","tag-kurum"],"_links":{"self":[{"href":"https:\/\/bihavadis.com\/index.php\/wp-json\/wp\/v2\/posts\/23888","targetHints":{"allow":["GET"]}}],"collection":[{"href":"https:\/\/bihavadis.com\/index.php\/wp-json\/wp\/v2\/posts"}],"about":[{"href":"https:\/\/bihavadis.com\/index.php\/wp-json\/wp\/v2\/types\/post"}],"author":[{"embeddable":true,"href":"https:\/\/bihavadis.com\/index.php\/wp-json\/wp\/v2\/users\/1"}],"replies":[{"embeddable":true,"href":"https:\/\/bihavadis.com\/index.php\/wp-json\/wp\/v2\/comments?post=23888"}],"version-history":[{"count":1,"href":"https:\/\/bihavadis.com\/index.php\/wp-json\/wp\/v2\/posts\/23888\/revisions"}],"predecessor-version":[{"id":23893,"href":"https:\/\/bihavadis.com\/index.php\/wp-json\/wp\/v2\/posts\/23888\/revisions\/23893"}],"wp:featuredmedia":[{"embeddable":true,"href":"https:\/\/bihavadis.com\/index.php\/wp-json\/wp\/v2\/media\/23889"}],"wp:attachment":[{"href":"https:\/\/bihavadis.com\/index.php\/wp-json\/wp\/v2\/media?parent=23888"}],"wp:term":[{"taxonomy":"category","embeddable":true,"href":"https:\/\/bihavadis.com\/index.php\/wp-json\/wp\/v2\/categories?post=23888"},{"taxonomy":"post_tag","embeddable":true,"href":"https:\/\/bihavadis.com\/index.php\/wp-json\/wp\/v2\/tags?post=23888"}],"curies":[{"name":"wp","href":"https:\/\/api.w.org\/{rel}","templated":true}]}}