{"id":23984,"date":"2026-02-09T14:21:05","date_gmt":"2026-02-09T14:21:05","guid":{"rendered":"https:\/\/bihavadis.com\/?p=23984"},"modified":"2026-02-09T14:21:05","modified_gmt":"2026-02-09T14:21:05","slug":"ispanya-basbakani-tekno-oligarklar-havlasin","status":"publish","type":"post","link":"https:\/\/bihavadis.com\/index.php\/2026\/02\/09\/ispanya-basbakani-tekno-oligarklar-havlasin\/","title":{"rendered":"\u0130spanya Ba\u015fbakan\u0131: Tekno oligarklar havlas\u0131n"},"content":{"rendered":"<p>Ba\u015fbakan Pedro Sanchez\u2019in, re\u015fit olmayanlar\u0131n sosyal payla\u015f\u0131m a\u011flar\u0131na eri\u015fimini s\u0131n\u0131rland\u0131rmay\u0131 ve platform y\u00f6neticileri \u00fczerindeki hukuki sorumlulu\u011fu art\u0131rmay\u0131 hedefleyen a\u00e7\u0131klamalar\u0131, teknoloji sekt\u00f6r\u00fcnde yank\u0131 uyand\u0131rd\u0131. Daha \u00f6nce Elon Musk\u2019\u0131n ele\u015ftirdi\u011fi giri\u015fime, bu kez Telegram\u2019\u0131n kurucu orta\u011f\u0131 Pavel Durov da tepki g\u00f6sterdi.<\/p>\n<p><strong>DUROV: &#8220;BU B\u0130R \u00d6ZG\u00dcRL\u00dcK TEHD\u0130D\u0130&#8221;<\/strong><\/p>\n<p>Pavel Durov, Telegram hesab\u0131ndan yapt\u0131\u011f\u0131 a\u00e7\u0131klamada, Sanchez\u2019in planlad\u0131\u011f\u0131 d\u00fczenlemelerin \u201cinternet \u00f6zg\u00fcrl\u00fc\u011f\u00fcn\u00fc tehdit etti\u011fini\u201d ve \u201ctehlikeli bir yola i\u015faret etti\u011fini\u201d savundu. 16 ya\u015f alt\u0131na getirilecek sosyal medya yasa\u011f\u0131n\u0131n ve art\u0131r\u0131lacak yasal kontrollerin, \u0130spanya\u2019y\u0131 \u201ckoruma s\u00f6ylemi alt\u0131nda bir g\u00f6zetim devletine\u201d d\u00f6n\u00fc\u015ft\u00fcrebilece\u011fini \u00f6ne s\u00fcrd\u00fc.<\/p>\n<p>Durov, s\u00f6z konusu \u00f6nlemlerin g\u00fcvenlik sa\u011flamaktan \u00e7ok \u201ctam kontrole y\u00f6nelmek ve ele\u015ftirel sesleri bast\u0131rmak\u201d anlam\u0131na gelece\u011fini iddia etti.<\/p>\n<p><strong>SANCHEZ&#8217;DEN SERT YANIT: &#8220;TEKNO-OL\u0130GARKLAR HAVLASINLAR&#8221;<\/strong><\/p>\n<p>\u0130spanya Ba\u015fbakan\u0131 Sanchez ise ABD merkezli sosyal medya platformu X\u2019teki hesab\u0131ndan Durov\u2019a yan\u0131t verdi. Sanchez, <b><em>\u201cTekno-oligarklar havlas\u0131nlar. Bu, bizim yolumuza kararl\u0131l\u0131kla devam etti\u011fimizin bir g\u00f6stergesidir.\u201d<\/em><\/b> ifadelerini kulland\u0131.<\/p>\n<p><strong>BAKANLARDAN TELEGRAM PROTESTOSU<\/strong><\/p>\n<p>Tart\u0131\u015fma siyasi cephede de yank\u0131 buldu. Ula\u015ft\u0131rma Bakan\u0131 Oscar Lopez, <em><b>\u201cTelegram\u2019\u0131 telefonumdan silmek i\u00e7in iyi bir g\u00fcn. Benim i\u00e7in hi\u00e7bir zaman \u00e7ok faydal\u0131 olmad\u0131\u201d<\/b><\/em> diyerek uygulamadan \u00e7\u0131kt\u0131\u011f\u0131n\u0131 duyurdu.<\/p>\n<p>Ba\u015fbakan Yard\u0131mc\u0131s\u0131, \u00c7al\u0131\u015fma ve Sosyal Ekonomi Bakan\u0131 ve koalisyon orta\u011f\u0131 Sumar partisinin lideri Yolanda Diaz ise ABD merkezli Bluesky platformundaki hesab\u0131ndan yapt\u0131\u011f\u0131 a\u00e7\u0131klamada, Durov\u2019un ele\u015ftirilerle \u0130spanya h\u00fck\u00fcmetini geri ad\u0131m att\u0131ramayaca\u011f\u0131n\u0131 belirtti. Diaz, <b><em>\u201cDijital tekelleri k\u0131raca\u011f\u0131z ve teknolojiyi \u00e7al\u0131\u015fanlara geri verece\u011fiz. G\u00fc\u00e7 halka aittir, onlara de\u011fil.\u201d <\/em><\/b>mesaj\u0131n\u0131 payla\u015ft\u0131.<\/p>\n<p><strong>MUSK-SANCHEZ GER\u0130L\u0130M\u0130 YEN\u0130DEN G\u00dcNDEMDE<\/strong><\/p>\n<p>Sanchez\u2019in sosyal medyaya y\u00f6nelik s\u0131n\u0131rlama giri\u015fimi, daha \u00f6nce de Elon Musk\u2019\u0131n sert ele\u015ftirilerine konu olmu\u015ftu. Musk, Sanchez\u2019i \u201czalim\u201d ve \u201ctotaliter\u201d olmakla su\u00e7lam\u0131\u015f, a\u011f\u0131r ifadelerle hedef alm\u0131\u015ft\u0131.<\/p>\n<p>Yakla\u015f\u0131k iki y\u0131ld\u0131r s\u00fcren Musk-Sanchez geriliminde, \u0130spanya Ba\u015fbakan\u0131, Musk\u2019\u0131n sahibi oldu\u011fu X platformunun algoritmas\u0131n\u0131 defalarca \u201cyalan yaymak ve manip\u00fclasyon yapmakla\u201d itham etmi\u015fti.<\/p>\n<p><strong>&#8220;D\u0130J\u0130TAL EGEMENL\u0130KTEN GER\u0130 ADIM YOK&#8221;<\/strong><\/p>\n<p>Sanchez, 3 \u015eubat\u2019ta Dubai\u2019de d\u00fczenlenen D\u00fcnya H\u00fck\u00fcmetler Zirvesi\u2019nde yapt\u0131\u011f\u0131 konu\u015fmada, sosyal medya \u015firketlerinin g\u00fcc\u00fcn\u00fcn h\u00fck\u00fcmetleri cayd\u0131rmamas\u0131 gerekti\u011fini vurgulayarak,<b><em> \u201cKararl\u0131l\u0131\u011f\u0131m\u0131z onlar\u0131n zenginli\u011finden daha b\u00fcy\u00fck. \u0130spanya bu konuda s\u0131f\u0131r tolerans g\u00f6sterecek ve dijital egemenli\u011fi garanti edecektir.\u201d<\/em><\/b> demi\u015fti.<\/p>\n<p><img decoding=\"async\" src=\"https:\/\/bihavadis.com\/wp-content\/uploads\/2026\/02\/ispanya-basbakani-tekno-oligarklar-havlasin-0-BgEv26zW.jpg\"\/><\/p>\n","protected":false},"excerpt":{"rendered":"<p>\u0130spanya Ba\u015fbakan\u0131 Pedro Sanchez\u2019in 16 ya\u015f alt\u0131na sosyal payla\u015f\u0131m a\u011flar\u0131n\u0131 yasaklama ve platformlar \u00fczerindeki yasal denetimi art\u0131rma giri\u015fimi, teknoloji d\u00fcnyas\u0131nda sert tepkilere yol a\u00e7t\u0131.<\/p>\n","protected":false},"author":1,"featured_media":23985,"comment_status":"open","ping_status":"open","sticky":false,"template":"","format":"standard","meta":{"footnotes":""},"categories":[16],"tags":[3393,3460,3459,172],"class_list":["post-23984","post","type-post","status-publish","format-standard","has-post-thumbnail","hentry","category-teknoloji","tag-durov","tag-ispanya","tag-sanchez","tag-sosyal"],"_links":{"self":[{"href":"https:\/\/bihavadis.com\/index.php\/wp-json\/wp\/v2\/posts\/23984","targetHints":{"allow":["GET"]}}],"collection":[{"href":"https:\/\/bihavadis.com\/index.php\/wp-json\/wp\/v2\/posts"}],"about":[{"href":"https:\/\/bihavadis.com\/index.php\/wp-json\/wp\/v2\/types\/post"}],"author":[{"embeddable":true,"href":"https:\/\/bihavadis.com\/index.php\/wp-json\/wp\/v2\/users\/1"}],"replies":[{"embeddable":true,"href":"https:\/\/bihavadis.com\/index.php\/wp-json\/wp\/v2\/comments?post=23984"}],"version-history":[{"count":1,"href":"https:\/\/bihavadis.com\/index.php\/wp-json\/wp\/v2\/posts\/23984\/revisions"}],"predecessor-version":[{"id":23987,"href":"https:\/\/bihavadis.com\/index.php\/wp-json\/wp\/v2\/posts\/23984\/revisions\/23987"}],"wp:featuredmedia":[{"embeddable":true,"href":"https:\/\/bihavadis.com\/index.php\/wp-json\/wp\/v2\/media\/23985"}],"wp:attachment":[{"href":"https:\/\/bihavadis.com\/index.php\/wp-json\/wp\/v2\/media?parent=23984"}],"wp:term":[{"taxonomy":"category","embeddable":true,"href":"https:\/\/bihavadis.com\/index.php\/wp-json\/wp\/v2\/categories?post=23984"},{"taxonomy":"post_tag","embeddable":true,"href":"https:\/\/bihavadis.com\/index.php\/wp-json\/wp\/v2\/tags?post=23984"}],"curies":[{"name":"wp","href":"https:\/\/api.w.org\/{rel}","templated":true}]}}