{"id":24033,"date":"2026-02-09T15:00:44","date_gmt":"2026-02-09T15:00:44","guid":{"rendered":"https:\/\/bihavadis.com\/?p=24033"},"modified":"2026-02-09T15:00:44","modified_gmt":"2026-02-09T15:00:44","slug":"mattia-ahmet-minguzzi-anildi","status":"publish","type":"post","link":"https:\/\/bihavadis.com\/index.php\/2026\/02\/09\/mattia-ahmet-minguzzi-anildi\/","title":{"rendered":"Mattia Ahmet Minguzzi An\u0131ld\u0131"},"content":{"rendered":"<p> \u0130stanbul&#8217;da 15 ya\u015f\u0131nda b\u0131\u00e7aklanarak hayat\u0131n\u0131 kaybeden Mattia Ahmet Minguzzi, vefat\u0131n\u0131n y\u0131l d\u00f6n\u00fcm\u00fcnde mezar\u0131 ba\u015f\u0131nda d\u00fczenlenen anma program\u0131yla an\u0131ld\u0131. <\/p>\n<p>Anma t\u00f6reninde, benzer \u015fekilde b\u0131\u00e7akl\u0131 sald\u0131r\u0131 sonucu ya\u015fam\u0131n\u0131 yitiren Atlas \u00c7a\u011flayan&#8217;\u0131n annesinin de haz\u0131r bulunmas\u0131, t\u00f6rende duygusal anlar\u0131n ya\u015fanmas\u0131na neden oldu.<\/p>\n<div>\n<figure><img decoding=\"async\" src=\"https:\/\/bihavadis.com\/wp-content\/uploads\/2026\/02\/mattia-ahmet-minguzzi-anildi-0-JCClfn24.jpg\"\/><\/figure>\n<\/div>\n<p><b>KABR\u0130 BA\u015eINDA DUALAR OKUNDU, LOKMA DA\u011eITILDI <\/b><\/p>\n<p>Bah\u00e7elievler Belediyesi taraf\u0131ndan d\u00fczenlenen programda, Mattia Ahmet Minguzzi i\u00e7in Kur&#8217;an-\u0131 Kerim tilaveti yap\u0131ld\u0131, ard\u0131ndan kat\u0131l\u0131mc\u0131lara lokma ikram\u0131nda bulunuldu.<\/p>\n<p><b>ATLAS&#8217;IN ANNES\u0130 DE ORADAYDI <\/b><\/p>\n<p>Anma program\u0131na Minguzzi&#8217;nin ailesinin yan\u0131 s\u0131ra, Bah\u00e7elievler Belediye Ba\u015fkan\u0131 Hakan Bahad\u0131r, G\u00fcng\u00f6ren&#8217;de b\u0131\u00e7aklanarak hayat\u0131n\u0131 kaybeden Atlas \u00c7a\u011flayan&#8217;\u0131n annesi, evlatlar\u0131n\u0131 kaybetmi\u015f ba\u015fka aileler ve \u00e7ok say\u0131da vatanda\u015f kat\u0131ld\u0131.<\/p>\n<div>\n<figure><img decoding=\"async\" src=\"https:\/\/bihavadis.com\/wp-content\/uploads\/2026\/02\/mattia-ahmet-minguzzi-anildi-1-EZCmiPAs.jpg\"\/><\/figure>\n<\/div>\n<p><b>&#8220;30 YIL GE\u00c7SEDE ACIM D\u0130NMEYECEK&#8221;<\/b><\/p>\n<p>Anmada konu\u015fan Yasemin Minguzzi, &#8220;Neredeyse bir y\u0131l olmak \u00fczere. Ama bu bir y\u0131l sanki d\u00fcnk\u00fc gibi, hi\u00e7bir de\u011fi\u015fiklik yok. Zaten 30 y\u0131l ge\u00e7se de ac\u0131 dinmeyecek diyorlar. D\u00fcnk\u00fc gibi ac\u0131. O kadar m\u00fccadele, bir y\u0131ld\u0131r da verdi\u011fimiz m\u00fccadele. Hen\u00fcz bir yasa de\u011fi\u015fikli\u011fi yok, bundan dolay\u0131 da \u00e7ok \u00f6fkeliyim. Ama her zaman her yerde s\u00f6yledi\u011fim gibi hi\u00e7bir zaman da durmay\u0131 d\u00fc\u015f\u00fcnm\u00fcyorum. E\u011fer Allah bize bu g\u00f6revi verdiyse, biz bir misyon edindiysek, bunun sonu mutlak selamettir diye d\u00fc\u015f\u00fcn\u00fcyorum. Er ya da ge\u00e7 bu yasa \u00e7\u0131kacak. Hi\u00e7 durmayaca\u011f\u0131z. Bug\u00fcn Atlas&#8217;\u0131n annesi de buradayd\u0131. Ba\u015fka di\u011fer Ay\u015fe abla o\u011flunu kaybeden, ba\u015fka ma\u011fdur aileler de vard\u0131. I\u015f\u0131l&#8217;\u0131n ailesi de burada. Yani her hafta, her g\u00fcn bu tats\u0131z olaylar\u0131 duyuyoruz, ya\u015f\u0131yoruz. Bunlara bir dur demenin art\u0131k, dur demenin vakti geldi zaten, \u00e7oktan geldi ge\u00e7ti de. Ahmet k\u0131rm\u0131z\u0131 d\u00fc\u011fmeye basm\u0131\u015ft\u0131. Yani ke\u015fke Atlas&#8217;\u0131 kaybetmeseydik. Yani ben sadece Ahmet&#8217;e yanm\u0131yorum. \u00d6yle di\u011fer \u00e7ocuklar\u0131n da ba\u015f\u0131na b\u00f6yle \u015feyler gelince benim ac\u0131m daha da b\u00fcy\u00fcyor. Hem ac\u0131m b\u00fcy\u00fcyor hem \u00f6fkem de b\u00fcy\u00fcyor. \u00c7ok \u015fey s\u00f6ylemek istiyorum ama inan\u0131lmaz derecede \u00f6fkeli ve ac\u0131l\u0131 bir kad\u0131n\u0131m. Kimse benim \u00fczerime gelmesin. Asla hi\u00e7bir zaman durmayaca\u011f\u0131m.&#8221; dedi.<\/p>\n<div>\n<figure><img decoding=\"async\" src=\"https:\/\/bihavadis.com\/wp-content\/uploads\/2026\/02\/mattia-ahmet-minguzzi-anildi-2-Rl5uStD5.jpg\"\/><\/figure>\n<\/div>\n<p><b>BA\u015eKAN GEN\u00c7LERE SESLEND\u0130<\/b><\/p>\n<p>Belediye Ba\u015fkan\u0131 Bahad\u0131r ise Mattia Ahmet Minguzzi&#8217;yi ve ailesini yak\u0131ndan tan\u0131d\u0131\u011f\u0131n\u0131 belirterek, \u015funlar\u0131 kaydetti: &#8220;Ahmet Mattia Bah\u00e7elievler&#8217;de ya\u015f\u0131yordu, ailesiyle tan\u0131\u015f\u0131yorduk. Onun ac\u0131s\u0131 \u00e7ok tazeyken, bu kez ba\u015fka bir gencimizin hayat\u0131n\u0131 kaybetti\u011fini \u00f6\u011frendik. \u00c7ok \u00fczg\u00fcn\u00fcz. T\u00fcm gen\u00e7lerimize sesleniyorum, l\u00fctfen evinize vaktinde gidin, arkada\u015f \u00e7evrenizi do\u011fru se\u00e7in. Okulunuzla, sporla, sanatla ilgilenin. Sokaklarda, k\u00f6\u015fe ba\u015flar\u0131nda zaman ge\u00e7irmeyin. Ailelere de b\u00fcy\u00fck sorumluluk d\u00fc\u015f\u00fcyor. \u00c7ocuklar\u0131yla yak\u0131ndan ilgilensinler, sa\u011fl\u0131kl\u0131 bir diyalog kursunlar. Bu sorunlar\u0131n \u00e7\u00f6z\u00fcm\u00fc sadece kanunlarla olmaz, e\u011fitim ailede ba\u015flar. Y\u00fcre\u011fimiz kan a\u011fl\u0131yor, p\u0131rlanta gibi evlatlar\u0131m\u0131z\u0131 kaybediyoruz.&#8221;<\/p>\n","protected":false},"excerpt":{"rendered":"<p>\u0130stanbul&#8217;da b\u0131\u00e7aklanarak hayat\u0131n\u0131 kaybeden Mattia Ahmet Minguzzi mezar\u0131 ba\u015f\u0131nda an\u0131ld\u0131.<\/p>\n","protected":false},"author":1,"featured_media":24034,"comment_status":"open","ping_status":"open","sticky":false,"template":"","format":"standard","meta":{"footnotes":""},"categories":[9,4,13],"tags":[3497,3837,4091,4002],"class_list":["post-24033","post","type-post","status-publish","format-standard","has-post-thumbnail","hentry","category-genel","category-gundem","category-son-dakika","tag-aci","tag-ahmet","tag-dur","tag-minguzzi"],"_links":{"self":[{"href":"https:\/\/bihavadis.com\/index.php\/wp-json\/wp\/v2\/posts\/24033","targetHints":{"allow":["GET"]}}],"collection":[{"href":"https:\/\/bihavadis.com\/index.php\/wp-json\/wp\/v2\/posts"}],"about":[{"href":"https:\/\/bihavadis.com\/index.php\/wp-json\/wp\/v2\/types\/post"}],"author":[{"embeddable":true,"href":"https:\/\/bihavadis.com\/index.php\/wp-json\/wp\/v2\/users\/1"}],"replies":[{"embeddable":true,"href":"https:\/\/bihavadis.com\/index.php\/wp-json\/wp\/v2\/comments?post=24033"}],"version-history":[{"count":1,"href":"https:\/\/bihavadis.com\/index.php\/wp-json\/wp\/v2\/posts\/24033\/revisions"}],"predecessor-version":[{"id":24038,"href":"https:\/\/bihavadis.com\/index.php\/wp-json\/wp\/v2\/posts\/24033\/revisions\/24038"}],"wp:featuredmedia":[{"embeddable":true,"href":"https:\/\/bihavadis.com\/index.php\/wp-json\/wp\/v2\/media\/24034"}],"wp:attachment":[{"href":"https:\/\/bihavadis.com\/index.php\/wp-json\/wp\/v2\/media?parent=24033"}],"wp:term":[{"taxonomy":"category","embeddable":true,"href":"https:\/\/bihavadis.com\/index.php\/wp-json\/wp\/v2\/categories?post=24033"},{"taxonomy":"post_tag","embeddable":true,"href":"https:\/\/bihavadis.com\/index.php\/wp-json\/wp\/v2\/tags?post=24033"}],"curies":[{"name":"wp","href":"https:\/\/api.w.org\/{rel}","templated":true}]}}