{"id":24049,"date":"2026-02-09T15:12:37","date_gmt":"2026-02-09T15:12:37","guid":{"rendered":"https:\/\/bihavadis.com\/?p=24049"},"modified":"2026-02-09T15:12:37","modified_gmt":"2026-02-09T15:12:37","slug":"bakan-tunctan-ozele-secimin-birinci-partisiyiz-tepkisi","status":"publish","type":"post","link":"https:\/\/bihavadis.com\/index.php\/2026\/02\/09\/bakan-tunctan-ozele-secimin-birinci-partisiyiz-tepkisi\/","title":{"rendered":"Bakan Tun\u00e7&#8217;tan \u00d6zel&#8217;e &#8220;Se\u00e7imin birinci partisiyiz&#8221; tepkisi"},"content":{"rendered":"<p>Adalet Bakan\u0131 Y\u0131lmaz Tun\u00e7, CHP Genel Ba\u015fkan\u0131 \u00d6zg\u00fcr \u00d6zel&#8217;in se\u00e7imde birinci parti olduklar\u0131 y\u00f6n\u00fcndeki s\u00f6ylemine tepki g\u00f6stererek, &#8220;Belediye say\u0131s\u0131 olarak bakt\u0131\u011f\u0131n\u0131z zaman 600&#8217;den fazla belediyeyi AK Parti alm\u0131\u015f. 300 civar\u0131nda belediyeyi CHP alm\u0131\u015f. Belediye say\u0131s\u0131nda da AK Parti birinci. B\u00f6yle bir alg\u0131 \u00e7al\u0131\u015fmas\u0131 yap\u0131l\u0131yor ki kendisini birinci g\u00f6stererek b\u00f6yle bir alg\u0131yla bir yalan bir propaganda \u00fczerine kurdu\u011fu bir siyasete devam ediyor. AK Parti tart\u0131\u015fmas\u0131z b\u00fct\u00fcn se\u00e7imlerin birinci partisi; milletimizin AK Parti&#8217;yi her se\u00e7imde birinci parti yapmas\u0131n\u0131n yegane sebebi iktidarda milletimizin sesine kulak vermemizdir&#8221; \u015feklinde konu\u015ftu.<\/p>\n<p>Adalet Bakan\u0131 Y\u0131lmaz Tun\u00e7, Karab\u00fck&#8217;te AK Parti Genel Merkez Te\u015fkilat Ba\u015fkanl\u0131\u011f\u0131nca ger\u00e7ekle\u015ftirilen Bat\u0131 Karadeniz B\u00f6lge Strateji Toplant\u0131s\u0131&#8217;na kat\u0131ld\u0131. Tun\u00e7, 2028 vizyonunu belirleyecek yol haritas\u0131 \u00fczerine \u00f6nemli de\u011ferlendirmelerde bulundu. Se\u00e7im \u00e7al\u0131\u015fmalar\u0131n\u0131n son ana b\u0131rak\u0131lamayaca\u011f\u0131n\u0131 belirten Tun\u00e7, bu toplant\u0131lar\u0131n ortak akl\u0131 harekete ge\u00e7irmek i\u00e7in kritik oldu\u011funu vurgulad\u0131.<\/p>\n<p>Bakan Tun\u00e7, toplant\u0131n\u0131n amac\u0131n\u0131 ve te\u015fkilatlar\u0131n \u00f6nemini \u015fu s\u00f6zlerle ifade etti: <\/p>\n<p>&#8220;Bu toplant\u0131larda verilecek mesajlar \u00e7ok \u00f6nemli. G\u00fcndeme bakt\u0131\u011f\u0131m strateji toplant\u0131s\u0131, gelece\u011fe d\u00f6n\u00fck bir vizyon belirleniyor. \u00d6zellikle se\u00e7im stratejileri \u00f6nemli. Sadece se\u00e7ime birka\u00e7 ay kala bu stratejiler belirlenmez. \u00c7ok \u00f6ncesinden haz\u0131rl\u0131k yapmak gerekir. 2028&#8217;e giden yolda \u015fu \u00f6n\u00fcm\u00fczdeki s\u00fcreci en iyi \u015fekilde de\u011ferlendirmeliyiz. Te\u015fkilatlar\u0131m\u0131z\u0131n motivasyonunu daha da artt\u0131rmak ve te\u015fkilatlar\u0131m\u0131z\u0131n \u00f6zellikle bilgilendirmek. Hem h\u00fck\u00fcmet yat\u0131r\u0131mlar\u0131yla ilgili hem de te\u015fkilat \u00e7al\u0131\u015fmalar\u0131yla ilgili burada arkada\u015flar\u0131m\u0131z\u0131n yapaca\u011f\u0131 isti\u015fareler sizlerin dile getirece\u011fi bu hususlar bir ortak ak\u0131l \u00e7er\u00e7evesinde buradan olu\u015facak g\u00f6r\u00fc\u015fler genel merkezimiz taraf\u0131ndan de\u011ferlendirilecek bir stratejiye d\u00f6n\u00fc\u015fecek. Bu strateji sonras\u0131nda da adeta sizin g\u00f6r\u00fc\u015fleriniz do\u011frultusunda \u015fekillenen bir \u00e7al\u0131\u015fma ortaya \u00e7\u0131kacak. Dolay\u0131s\u0131yla sizin g\u00f6r\u00fc\u015f\u00fcn\u00fcz demek en g\u00fczel noktadaki il\u00e7e ba\u015fkan\u0131m\u0131z\u0131n burada bulunmas\u0131 demek sizin temsil etti\u011finiz il\u00e7enin \u00f6zellikle sesi demek.&#8221;<\/p>\n<p>&#8220;AK Parti bir m\u00fchendislik projesi de\u011fil, millet hareketidir&#8221;<\/p>\n<p>Konu\u015fmas\u0131n\u0131n devam\u0131nda 1990&#8217;l\u0131 y\u0131llar\u0131n siyasi atmosferine de\u011finen Bakan Tun\u00e7, AK Parti&#8217;nin masa ba\u015f\u0131nda planlanm\u0131\u015f bir proje olmad\u0131\u011f\u0131n\u0131, o d\u00f6nemin kaotik ortam\u0131ndan bunalan milletin talebiyle kuruldu\u011funu belirtti. Tun\u00e7, 90&#8217;l\u0131 y\u0131llardaki koalisyonlar\u0131, ekonomik krizleri ve yasaklar\u0131 hat\u0131rlatarak partinin tarihsel k\u00f6klerine dikkat \u00e7ekti. Tun\u00e7, &#8220;AK Parti Cumhurba\u015fkan\u0131m\u0131z Recep Tayyip Erdo\u011fan&#8217;\u0131n belediye ba\u015fkanl\u0131\u011f\u0131ndan sonra hadi arkada\u015flar birlikte bir parti kural\u0131m. Bir oy isteyelim milletten. Belki iktidara geliriz diye bir masa ba\u015f\u0131nda bir siyaset m\u00fchendisli\u011fi neticesinde olu\u015fturulmu\u015f bir siyaset hareketi de\u011fil. AK Parti milletin talebiyle kurulmu\u015f bir millet hareketi sadece 2001&#8217;den itibaren al\u0131rsak o da hatal\u0131 olur. AK Parti&#8217;nin temsil etti\u011fi siyasi d\u00fc\u015f\u00fcnce anlay\u0131\u015f\u0131 bizim medeniyet de\u011ferlerimize dayan\u0131r. Sel\u00e7uklu&#8217;ya dayan\u0131r, Osmanl\u0131&#8217;ya dayan\u0131r. Cumhuriyetimizin kurulu\u015funa dayan\u0131r ve milletimizi temsil eden, milli iradeyi temsil eden o ana damar\u0131n temsilcisidir bug\u00fcn AK Parti. 2001&#8217;de b\u00fcy\u00fck bir ihtiya\u00e7tan do\u011fmu\u015ftur&#8221; ifadelerine yer verdi.<\/p>\n<p>&#8220;Bug\u00fcn yarg\u0131 ba\u011f\u0131ms\u0131zl\u0131\u011f\u0131ndan, adaletsizlikten bahsedenler; 28 \u015eubat, 27 May\u0131s, 12 Eyl\u00fcl yarg\u0131s\u0131n\u0131 bu millet unutmad\u0131&#8221;<\/p>\n<p>\u0130ktidara geldikleri ilk g\u00fcnden itibaren vesayet odaklar\u0131n\u0131n direnciyle kar\u015f\u0131la\u015ft\u0131klar\u0131n\u0131 belirten Tun\u00e7, kronolojik olarak ya\u015fanan engellemeleri anlatt\u0131. Kurucu \u00fcyeler aras\u0131nda ba\u015f\u00f6rt\u00fcl\u00fc bir vekilin bulunmas\u0131 nedeniyle partinin kapat\u0131lmakla tehdit edildi\u011fini, ard\u0131ndan 2007&#8217;de 367 krizi ve 2008&#8217;de ikinci kapatma davas\u0131 ile kar\u015f\u0131 kar\u015f\u0131ya kald\u0131klar\u0131n\u0131 hat\u0131rlatan Tun\u00e7, ge\u00e7mi\u015f yarg\u0131 sistemini sert bir dille ele\u015ftirdi: <\/p>\n<p>&#8220;Kurucu \u00fcyeleri aras\u0131nda ba\u015f\u00f6rt\u00fcl\u00fc kurucu \u00fcye var diye Anayasa Mahkemesi ihtar etti. Dedi ki kurucuyu \u00fcyelikten \u00e7\u0131kartmazsan partiyi kapat\u0131r\u0131z. \u00d6yle bir ortam vard\u0131. Bug\u00fcn yarg\u0131 ba\u011f\u0131ms\u0131zl\u0131\u011f\u0131ndan, adaletsizlikten bahsedenler 28 \u015eubat yarg\u0131s\u0131n\u0131, 27 May\u0131s yarg\u0131s\u0131n\u0131, 12 Eyl\u00fcl yarg\u0131s\u0131n\u0131 bu millet unutmad\u0131. Darbeciye kol kanat geren vesayet\u00e7iye destek olan bir yarg\u0131 anlay\u0131\u015f\u0131ndan, bug\u00fcn darbeciden, vesayet\u00e7iden hesap soran bir yarg\u0131 anlay\u0131\u015f\u0131 var. 2008&#8217;de tekrar bir kapatma davas\u0131 ile kar\u015f\u0131 kar\u015f\u0131ya kald\u0131k. Anayasa Mahkemesi&#8217;ndeki \u00e7o\u011funluk kapatma y\u00f6n\u00fcnde oy kulland\u0131 ama nitelikli \u00e7o\u011funluk sa\u011flanamad\u0131. \u0130ktidar partisi kapat\u0131lman\u0131n e\u015fi\u011finden d\u00f6nd\u00fc.&#8221;<\/p>\n<p>&#8220;Cumhurba\u015fkan\u0131m\u0131z\u0131n bir mesaj\u0131, bir g\u00f6r\u00fcnt\u00fcs\u00fc yetti ve meydanlar\u0131 doldurdu millet&#8221;<\/p>\n<p>Bakan Tun\u00e7, 2013 y\u0131l\u0131ndan itibaren T\u00fcrkiye&#8217;nin sistematik sald\u0131r\u0131lara maruz kald\u0131\u011f\u0131n\u0131 ifade etti. Gezi olaylar\u0131, 17-25 Aral\u0131k yarg\u0131 darbesi giri\u015fimi, Hendek olaylar\u0131 ve 15 Temmuz s\u00fcrecini ad\u0131m ad\u0131m anlatan Tun\u00e7, CHP&#8217;nin yarg\u0131 ele\u015ftirilerine &#8220;Yass\u0131ada zihniyeti&#8221; benzetmesiyle yan\u0131t verdi. Bakan Tun\u00e7, \u015f\u00f6yle devam etti: <\/p>\n<p>&#8220;AK Parti&#8217;nin ilk y\u0131llar\u0131, acil eylem plan\u0131. D\u00f6rt bu\u00e7uk y\u0131l ba\u015far\u0131l\u0131 bir d\u00f6nem. Millet arad\u0131\u011f\u0131m\u0131z iktidar\u0131 bulduk dedi. Nas\u0131l Cumhuriyet Halk Partisi y\u00f6netiminde ya\u015fan\u0131lamayan bir \u0130stanbul&#8217;u ya\u015fan\u0131r hale getirdi 4,5 y\u0131lda. \u0130lk d\u00f6nemde de milletimiz evet T\u00fcrkiye&#8217;yi biriken bu sorunlar\u0131ndan Recep Tayyip Erdo\u011fan ve onun kadrosu kurtar\u0131yor dedi milletimiz. Cumhurba\u015fkanl\u0131\u011f\u0131 se\u00e7imleri gelip \u00e7att\u0131. Yine bir kriz. Vesayet\u00e7iler rahat durmuyor. Anayasada olmayan bir kural\u0131 dayatt\u0131lar. 367 krizi dediler. 367 krizini a\u00e7t\u0131k. Sonras\u0131nda i\u015fte milletimiz art\u0131k Cumhurba\u015fkan\u0131&#8217;n\u0131 halk se\u00e7ecek karar\u0131ndan sonra, referandumundan sonra asl\u0131nda bug\u00fcnk\u00fc Cumhurba\u015fkanl\u0131\u011f\u0131 h\u00fck\u00fcmet sisteminin temelinin at\u0131ld\u0131\u011f\u0131 bir referandum diyebiliriz. Yani bug\u00fcn biz Cumhurba\u015fkanl\u0131\u011f\u0131 h\u00fck\u00fcmet sistemine ge\u00e7mi\u015fsek 2007&#8217;de Cumhurba\u015fkan\u0131&#8217;n\u0131n halk taraf\u0131ndan se\u00e7ilmesini kabul eden milletimizin o karar\u0131 nedeniyle. Ge\u00e7mek durumunda kald\u0131m. Tabi Cumhurba\u015fkanl\u0131\u011f\u0131 se\u00e7im s\u00fcrecini ge\u00e7tikten sonra 2008&#8217;de bir kapatma davas\u0131 ile daha kar\u015f\u0131 kar\u015f\u0131ya kald\u0131. Bu sefer laikli\u011fe ayk\u0131r\u0131 eylem oldu diyor AK Parti. Biriktirilmi\u015f gazete kup\u00fcrleri, haberler. \u0130\u015fte ne, ba\u015f\u00f6rt\u00fcs\u00fcn\u00fc savunuyor diyor. Bir milletvekili \u00fcniversitelerde ba\u015f\u00f6rt\u00fcs\u00fc serbest olmal\u0131 demi\u015f. Gazete man\u015fetleri ben de meclise girmi\u015ftim o d\u00f6nem. 411 el kaosa kalkt\u0131 diye gazete man\u015fetleri. Meclis karar veriyor. \u00dcniversitelerde ba\u015f\u00f6rt\u00fcs\u00fc serbest olsun diyor. Rahmetli \u00d6zal d\u00f6neminde de b\u00f6yle bir kanun \u00e7\u0131km\u0131\u015ft\u0131. Kanunu iptal ettik dediler, asl\u0131nda tam iptal dediler, o yasak devam etti. 2008&#8217;de tekrar bir kapatma davas\u0131 ile kar\u015f\u0131 kar\u015f\u0131ya kald\u0131k. Anayasa Mahkemesi&#8217;ndeki \u00e7o\u011funluk kapatma y\u00f6n\u00fcnde oy kulland\u0131 ama nitelikli \u00e7o\u011funluk sa\u011flanamad\u0131. 6-5 AK Parti, iktidar partisi kapat\u0131lman\u0131n e\u015fi\u011finden d\u00f6nd\u00fc. 2009, 2010, 2011 y\u0131llar AK Parti&#8217;nin ikinci d\u00f6nemi icraat yapmaya devam ediyor. \u00dclkemizin d\u00f6rt bir taraf\u0131nda bir kalk\u0131nma hamlesi, enflasyon tek haneli rakamlara do\u011fru inmeye devam ediyor. Faizler d\u00fc\u015fmeye devam ediyor. Bir ekonomik refah art\u0131k kal\u0131c\u0131 hale gelmeye devam ederken 2013&#8217;te Gezi Park\u0131&#8217;nda bir ate\u015f yakarak b\u00fct\u00fcn T\u00fcrkiye&#8217;yi ate\u015fe vermek istediler. Bir sokak kalk\u0131\u015fmas\u0131yla iktidar\u0131 devirebileceklerini zannettiler. Orada da ba\u015far\u0131l\u0131 olamad\u0131lar. Bu sefer masa ba\u015f\u0131na acaba yapaca\u011f\u0131m\u0131z planlarla kamuoyunu alg\u0131 \u00e7al\u0131\u015fmalar\u0131yla, emniyet, yarg\u0131, FET\u00d6 darbe kalk\u0131\u015fmas\u0131yla masa ba\u015f\u0131nda bunu yapabilir miyiz diye d\u00fc\u015f\u00fcnd\u00fcler. 17-25 onu da ba\u015faramad\u0131lar. Sonras\u0131nda 2014-2015&#8217;li y\u0131llar\u0131 hat\u0131rlayal\u0131m. Ter\u00f6r\u00fcn azd\u0131r\u0131ld\u0131\u011f\u0131 y\u0131llar. Hendek olaylar\u0131, Kobani olaylar\u0131. Yani hepsi bir film \u015feridi gibi ge\u00e7ti g\u00f6z\u00fcm\u00fcz\u00fcn \u00f6n\u00fcnde. ve adeta T\u00fcrkiye&#8217;yi bir kaos ortam\u0131ndan s\u00fcr\u00fckleyip darbeye bir zemin haz\u0131rland\u0131\u011f\u0131n\u0131 i\u015fte bug\u00fcn net bir \u015fekilde g\u00f6r\u00fcyoruz. ve son darbeyi de 15 Temmuz gecesi vuracaklar\u0131n\u0131 zannettiler ama sert kayaya \u00e7arpt\u0131lar. Milletimiz darbecilere direni\u015f ger\u00e7ekle\u015ftirdi. Cumhurba\u015fkan\u0131m\u0131za g\u00fcvendi milletimiz. Onun bir mesaj\u0131, bir g\u00f6r\u00fcnt\u00fcs\u00fc yetti ve meydanlar\u0131 doldurdu millet. ve darbecilere kar\u015f\u0131 bir zafer elde etti. Milletin zaferi diyoruz biz ona. 15 Temmuz Demokrasi G\u00fcn\u00fc olarak bug\u00fcn her y\u0131l 15 Temmuz&#8217;da milletin zaferini kutluyoruz. Ama Yass\u0131ada zihniyetinin temsilcilerince 27 May\u0131s ihtilalini h\u00fcrriyet ve anayasa bayram\u0131 olarak y\u0131llarca bu \u00fclkede kutlat\u0131lm\u0131\u015ft\u0131r. \u0130\u015fte aradaki fark bu. Biz milletin zaferini bayram olarak kutlat\u0131rken darbecinin zaferini bayram olarak kutlatan bir Yass\u0131ada zihniyetidir ve bu zihniyeti s\u00fcrekli savunan bir ana muhalefet de \u00fclkemizde maalesef var. Milletimizin zaferiyle o karanl\u0131k geceyi ayd\u0131nl\u0131\u011fa \u00e7evirdik ve bug\u00fcn de Cumhurba\u015fkanl\u0131\u011f\u0131 h\u00fck\u00fcmet sistemine ge\u00e7erek Cumhur \u0130ttifak\u0131 ile beraber yolumuza devam ediyoruz. Yani bu tarihsel s\u00fcreci unutmamak laz\u0131m. 25 y\u0131lda katetti\u011fimiz mesafeyi ve hangi engellemelerle kar\u015f\u0131la\u015ft\u0131k bunu gen\u00e7lerimize aktarmam\u0131z laz\u0131m.&#8221;<\/p>\n<p>&#8220;Ter\u00f6rden o da\u011flar\u0131 temizledi\u011fimizde nas\u0131l petrol f\u0131\u015fk\u0131rd\u0131\u011f\u0131n\u0131 hep beraber g\u00f6rd\u00fck&#8221;<\/p>\n<p>T\u00fcrkiye&#8217;nin fiziki kalk\u0131nmas\u0131n\u0131n yan\u0131nda demokratik kalk\u0131nmas\u0131n\u0131 da sa\u011flad\u0131klar\u0131n\u0131 belirten Tun\u00e7, &#8220;\u0130nsan\u0131 ya\u015fat ki devlet ya\u015fas\u0131n&#8221; d\u00fcsturuyla hareket ettiklerini s\u00f6yledi. Barajlardan savunma sanayiine, Gabar petrol\u00fcnden Karadeniz gaz\u0131na kadar yap\u0131lan yat\u0131r\u0131mlar\u0131 s\u0131ralayan Bakan, anayasa de\u011fi\u015fiklikleriyle vesayet\u00e7i kurumlar\u0131n nas\u0131l tasfiye edildi\u011fini \u015fu s\u00f6zlerle anlatt\u0131: <\/p>\n<p>&#8220;\u0130\u015fte Gabar&#8217;da petrol. Ter\u00f6rden o da\u011flar\u0131 temizledi\u011fimizde nas\u0131l petrol f\u0131\u015fk\u0131rd\u0131\u011f\u0131n\u0131 hep beraber g\u00f6rd\u00fck. Enerji yat\u0131r\u0131mlar\u0131. \u00dclkemizin her bir taraf\u0131n\u0131 altyap\u0131s\u0131yla, \u00fcst yap\u0131s\u0131yla, fiziki kald\u0131rma hamleleriyle donat\u0131rken sadece bir fiziki kalk\u0131nma, sadece ekonomik refah yetmez dedik. Demokratik kalk\u0131nma da beraberinde olmas\u0131 laz\u0131m dedim. T\u00fcrkiye&#8217;nin demokratikle\u015fmesi, y\u00fcksek standartl\u0131 bir demokrasiye kavu\u015fmas\u0131 i\u00e7in milletimizin deste\u011fiyle b\u00fcy\u00fck reformlar\u0131n hayata ge\u00e7ildi. Bir daha bu \u00fclkede vesayet\u00e7iler devreye giremesin, 10 y\u0131lda bir muht\u0131ralar olmas\u0131n. On y\u0131lda bir darbeyle bu millet kar\u015f\u0131 kar\u015f\u0131ya kalmas\u0131n diye kal\u0131c\u0131 yap\u0131sal reformlar\u0131 hayata ge\u00e7irdi. Anayasam\u0131zda ger\u00e7ekle\u015ftirdi\u011fimiz Anayasa de\u011fi\u015fiklikleri gerek 2010 de\u011fi\u015fiklikleri gerek 2017 de\u011fi\u015fiklikleri Anayasam\u0131zda ba\u015fta hak arama h\u00fcrriyetinin hak arama yollar\u0131n\u0131n daha da artt\u0131r\u0131lmas\u0131, kamu denet\u00e7ili\u011finin kurulmas\u0131, vatanda\u015flar\u0131m\u0131z\u0131n yarg\u0131ya ba\u015fvurmadan \u00f6nce idari yoldan hakk\u0131n\u0131 arayabilmesine ili\u015fkin kurumsal bir mekanizma, ki\u015fisel verileri koruma kurumu, kurulu, \u00d6zel hayat\u0131n korunmas\u0131 ile ilgili bunlar yoktu anayasada. Kad\u0131n haklar\u0131, kad\u0131nlara pozitif ayr\u0131mc\u0131l\u0131k, \u015fehit ve gazi ailelerimize pozitif ayr\u0131mc\u0131l\u0131k, \u00e7ocuklar\u0131n korunmas\u0131. Anayasam\u0131z\u0131n 41. maddesinin \u00e7ocuklar\u0131n korunmas\u0131 diye ba\u015fl\u0131\u011f\u0131 de\u011fi\u015ftirdik. Ayr\u0131nt\u0131l\u0131 bir d\u00fczenlemeye bak, bunun alt d\u00fczenlemelerini de yapt\u0131k. ve bunun uygulamalar\u0131n\u0131 da hayata ge\u00e7irmenin gayreti i\u00e7erisinde olduk. Tabi anayasam\u0131zdaki darbeci ve vesayet\u00e7i anlay\u0131\u015f\u0131 ortadan kald\u0131rmak, vesayet\u00e7i ruhu ortadan kald\u0131rmak i\u00e7in \u00e7ok \u00f6nemli reformlar yapt\u0131k bunlar ger\u00e7ekten milletimizin deste\u011fiyle k\u00fc\u00e7\u00fcmsenemeyecek Anayasa Mahkemesi&#8217;nin yap\u0131s\u0131n\u0131n, Hakimler Savc\u0131lar Kurulu&#8217;nun yap\u0131s\u0131n\u0131n daha demokratik hukuk devleti ilkesine uygun hale getirilmesidir. Yine devlet g\u00fcvenlik mahkemelerinin kald\u0131r\u0131lmas\u0131, askeri yarg\u0131n\u0131n kald\u0131r\u0131lmas\u0131, askeri y\u00fcksek idare mahkemesi. Askeri yarg\u0131 taraf\u0131ndan kald\u0131r\u0131ld\u0131. Yarg\u0131 birli\u011finin sa\u011flanmas\u0131 noktas\u0131nda. Demokratik bir devlette yarg\u0131 birli\u011fi i\u015fte sivillerin bile askeri mahkemede yarg\u0131land\u0131\u011f\u0131 d\u00f6nemleri ya\u015fad\u0131 bu \u00fclke. T\u00fcrkiye&#8217;nin y\u00fcksek standartl\u0131 bir demokrasiye kavu\u015fmas\u0131n\u0131n m\u00fccadelesini milletimizle beraber verdik. Anayasam\u0131zda s\u0131k\u0131y\u00f6netim ilan edilebilir diye madde vard\u0131. Bunlar\u0131 kald\u0131rd\u0131k. Y\u00fcksek Askeri \u015eura&#8217;n\u0131n yap\u0131s\u0131, Milli G\u00fcvenlik Kurulu&#8217;nun yap\u0131s\u0131 bunlar \u00f6nemli reformlard\u0131r. Yani o ekranlardaki g\u00f6r\u00fcnt\u00fcleri izledi\u011finizde, ge\u00e7mi\u015fe d\u00f6n\u00fck gazete man\u015fetlerine bak\u0131n, o topland\u0131\u011f\u0131 d\u00fczenleri bile demokratik bir devlete uymad\u0131\u011f\u0131n\u0131 hepimiz g\u00f6r\u00fcr\u00fcz. Darbeciler yarg\u0131lanamaz diye madde var. 12 Eyl\u00fcl darbecilerini y\u0131llar sonra yarg\u0131 huzuruna \u00e7\u0131kard\u0131k. Milletin huzurunda hesap vermeleri sa\u011flad\u0131k. 28 \u015eubat darbecilerine y\u0131llar sonra milletin huzurunda hesap vermelerini sa\u011flad\u0131k. Bug\u00fcnk\u00fc yarg\u0131 sistemi birilerinin arka bah\u00e7esi olmaktan \u00e7\u0131kt\u0131\u011f\u0131 i\u00e7in vesayet\u00e7inin, darbecinin etkisinde de\u011fil de tamamen millet iradesini demokratik hukuk devleti il\u00e7esini esas ald\u0131\u011f\u0131 i\u00e7in darbeciden de, vesayet\u00e7iden de yolsuzluk yapanlar da, h\u0131rs\u0131zl\u0131k yapanlar da hesap sordu\u011fu i\u00e7in bug\u00fcn ana muhalefet bu yarg\u0131dan rahats\u0131z oluyorlar. T\u00fcrkiye&#8217;de adalet yok diyorlar. Onun i\u00e7in yarg\u0131 mensuplar\u0131m\u0131z\u0131 tehdit ediyorlar. \u00c7\u00fcnk\u00fc r\u00fc\u015fvetin, h\u0131rs\u0131zlar\u0131n hesab\u0131n\u0131 gelip yarg\u0131 mensuplar\u0131na hakaret ederek bir alg\u0131 \u00e7al\u0131\u015fmas\u0131 i\u00e7erisinde oluyorlar. Milletimiz neyin ne oldu\u011funu g\u00f6r\u00fcyoruz. Herkes yanl\u0131\u015f\u0131n\u0131n hesab\u0131n\u0131 millet huzurunda vermesi laz\u0131m. T\u00fcy bitmemi\u015f yetimin hakk\u0131n\u0131 korumak bizim iktidar\u0131m\u0131z\u0131n ve en ba\u015fta yarg\u0131m\u0131z\u0131n g\u00f6revi, yarg\u0131 i\u015fini yapacak, paras\u0131z ve ba\u011f\u0131ms\u0131z bir \u015fekilde \u00e7al\u0131\u015fmalar\u0131n\u0131 s\u00fcrd\u00fcrecek.&#8221;<\/p>\n<p>Deprem b\u00f6lgesine 3 trilyonluk kaynak<\/p>\n<p>Deprem b\u00f6lgesindeki yeniden in\u015fa s\u00fcrecine ve ekonomideki toparlanma hedeflerine de\u011finen Bakan Tun\u00e7, ge\u00e7mi\u015f krizlerle bug\u00fcn\u00fc k\u0131yaslad\u0131. Tun\u00e7, IMF bor\u00e7lar\u0131n\u0131n s\u0131f\u0131rland\u0131\u011f\u0131 gibi enflasyonun da tek haneye d\u00fc\u015f\u00fcr\u00fclece\u011fi mesaj\u0131n\u0131 vererek, &#8220;Bu s\u00fcre\u00e7 i\u00e7erisinde \u00f6zellikle AK Parti \u00f6n\u00fcm\u00fczde 2028&#8217;e giden yolda daha yapaca\u011f\u0131m\u0131z i\u015fler var. Ba\u015fta deprem b\u00f6lgesindeki \u00e7al\u0131\u015fmalar\u0131 son a\u015famalara getirildi, konutlar teslim edildi ve \u00e7ok b\u00fcy\u00fck bir kayna\u011f\u0131 oraya aktarmak zorunda kald\u0131k. Yakla\u015f\u0131k 3 trilyona yak\u0131n para, milletin kayna\u011f\u0131, \u015fehirlerimizi yeniden aya\u011fa kald\u0131rmak i\u00e7in kullan\u0131ld\u0131. Sadece konutla de\u011fil yollar\u0131yla, mahalle k\u00fclt\u00fcr\u00fcn\u00fc tekrar ortaya \u00e7\u0131karmak, oradaki tarihi dokuyu tekrar hayata ge\u00e7irmek i\u00e7in b\u00fcy\u00fck bir m\u00fccadele verildi, verilmeye de devam ediyor. Tabii \u00f6ncesinde pandemiyle olu\u015fan ticaret krizleri ekonomimizi olumsuz etkiledi. Biz bunu biliyoruz. 2001&#8217;de 20 bankan\u0131n batt\u0131\u011f\u0131, \u0130MF&#8217;ye 25 milyar dolar borcun oldu\u011fu, bankalar\u0131n batmas\u0131 nedeniyle vatanda\u015fa olan 250 milyar dolara, 250 milyar lira yak\u0131n bir para, o d\u00f6nemki para. Bunlar\u0131n hepsi AK Parti taraf\u0131ndan \u00f6dendi. IMF bor\u00e7lar\u0131m\u0131z s\u0131f\u0131rland\u0131. ve o d\u00f6nemde \u00e7ift hanede enflasyonu tek haneye d\u00fc\u015f\u00fcrd\u00fck. \u0130n\u015fallah tekrar toparlanarak \u015fu andaki milletimizin al\u0131m g\u00fcc\u00fcn\u00fc daha da artt\u0131rman\u0131n gayreti i\u00e7erisinde olaca\u011f\u0131z. Emeklimizin, memurumuzun, i\u015f\u00e7imizin al\u0131m g\u00fcc\u00fcn\u00fc enflasyona ezdirmemek i\u00e7in ekonomi y\u00f6netimimiz b\u00fcy\u00fck bir gayret i\u00e7erisinde \u00e7al\u0131\u015fmas\u0131n\u0131 s\u00fcrd\u00fcr\u00fcyor. Te\u015fkilatlar olarak bizler de tabii ki h\u00fck\u00fcmetimizin \u00e7al\u0131\u015fmalar\u0131n\u0131 takip edece\u011fiz. Bakanl\u0131klar\u0131m\u0131z\u0131n yapt\u0131\u011f\u0131 faaliyetler var. Bunlar\u0131 te\u015fkilat\u0131m\u0131zla payla\u015fmaya devam edece\u011fiz. Halk\u0131m\u0131zla s\u00fcrekli birlikte olaca\u011f\u0131z. \u0130yi g\u00fcn\u00fcnde, k\u00f6t\u00fc g\u00fcn\u00fcnde mutlaka olmam\u0131z gerekiyor&#8221; dedi.<\/p>\n<p>&#8220;AK Parti a\u00e7\u0131k ara birinci parti&#8221;<\/p>\n<p>Konu\u015fmas\u0131n\u0131n en dikkat \u00e7eken b\u00f6l\u00fcm\u00fcnde muhalefetin se\u00e7im zaferi iddialar\u0131na yan\u0131t veren Tun\u00e7, rakamlar\u0131 ortaya koyarak AK Parti&#8217;nin a\u00e7\u0131k ara birinci parti oldu\u011funu savundu. Tun\u00e7, te\u015fkilat\u00e7\u0131l\u0131\u011f\u0131n \u00f6nemine vurgu yaparak \u015funlar\u0131 s\u00f6yledi: <\/p>\n<p>&#8220;23 y\u0131l boyunca ard\u0131 ard\u0131na t\u00fcm se\u00e7imleri kazanan AK Parti. Son yerel se\u00e7imlerini kazanan da AK Parti. Bak\u0131yoruz baz\u0131 toplant\u0131larda ana muhalefet partisinin genel ba\u015fkan\u0131 son yerel se\u00e7imin birinci partisi biziz diyor. Bunu mecliste de ben s\u0131k s\u0131k duyuyorum. Birinci parti AK Parti. Belediye say\u0131s\u0131 olarak bakt\u0131\u011f\u0131n\u0131z zaman 600&#8217;den fazla belediyeyi AK Parti alm\u0131\u015f. 300 civar\u0131nda belediyeyi CHP alm\u0131\u015f. Belediye say\u0131s\u0131nda da AK Parti birinci. B\u00f6yle bir alg\u0131 \u00e7al\u0131\u015fmas\u0131 yap\u0131l\u0131yor ki kendisini birinci g\u00f6stererek b\u00f6yle bir alg\u0131yla bir yalan bir propaganda \u00fczerine kurdu\u011fu bir siyasete devam ediyor. AK Parti tart\u0131\u015fmas\u0131z b\u00fct\u00fcn se\u00e7imlerin birinci partisi; milletimizin AK Parti&#8217;yi her se\u00e7imde birinci parti yapmas\u0131n\u0131n yegane sebebi iktidarda milletimizin sesine kulak vermemizdir. Milletimiz ne istiyorsa onu yapmam\u0131zd\u0131r. Bug\u00fcn burada yapt\u0131\u011f\u0131m\u0131z, yap\u0131lan te\u015fkilat ba\u015fkanl\u0131\u011f\u0131m\u0131za \u00e7ok te\u015fekk\u00fcr ediyoruz. Stratejik toplant\u0131s\u0131 bunun i\u00e7indir. Milletimizin ne d\u00fc\u015f\u00fcnd\u00fc\u011f\u00fcn\u00fc genel merkez y\u00f6neticilerimiz en uzak noktadaki il\u00e7e ba\u015fkan\u0131m\u0131zdan il\u00e7e ba\u015fkan\u0131m\u0131z, mahalle ba\u015fkan\u0131ndan mahalle ba\u015fkan\u0131m\u0131z sand\u0131k ba\u015fkan\u0131ndan, muhtar\u0131ndan, sivil toplumundan alarak buralara getirir. Genel merkezimiz farkl\u0131 yollarla da bu \u00e7al\u0131\u015fmalar\u0131 yapar ama bu noktada hem sorunlar\u0131n tespiti, sorunlara \u00e7\u00f6z\u00fcm \u00f6nerisi bak\u0131m\u0131ndan te\u015fkilat\u0131m\u0131z\u0131n sesine kulak veririz ki te\u015fkilat milletin sesine kulak verir. 23 y\u0131ldan bu yana milletin bizden kopmamas\u0131n\u0131n sebebi iktidarda milleti dinlememizdir. Her zaman onun yan\u0131nda olmam\u0131zd\u0131r. ve bundan sonra da bu hep b\u00f6yle olacak.&#8221;<\/p>\n<p>&#8220;Ter\u00f6rs\u00fcz T\u00fcrkiye&#8221; hedefi ve b\u00f6lgesel yat\u0131r\u0131mlar<\/p>\n<p>Konu\u015fmas\u0131n\u0131n son b\u00f6l\u00fcm\u00fcnde &#8220;T\u00fcrkiye Y\u00fczy\u0131l\u0131&#8221; vizyonuna ve ter\u00f6rle m\u00fccadelede gelinen yeni a\u015famaya de\u011finen Bakan Tun\u00e7, Devlet Bah\u00e7eli&#8217;nin a\u00e7\u0131klamalar\u0131yla ba\u015flayan s\u00fcreci de\u011ferlendirdi. B\u00f6lge veya etnik k\u00f6ken ayr\u0131m\u0131 yapmadan 81 ile e\u015fit hizmet g\u00f6t\u00fcrd\u00fcklerini belirten Tun\u00e7, s\u00f6zlerini \u015f\u00f6yle noktalad\u0131: <\/p>\n<p>&#8220;\u0130\u00e7 cephemizi g\u00fc\u00e7lendirmemiz laz\u0131m. Bu noktada Cumhurba\u015fkan\u0131m\u0131z 23 y\u0131ldan bu yana hi\u00e7bir ayr\u0131m yapmadan T\u00fcrkiye&#8217;nin 81 vilayetinde yat\u0131r\u0131m yaparken eser g\u00f6t\u00fcr\u00fcrken, eser siyaseti yaparken bir ayr\u0131m yapt\u0131 m\u0131, bir b\u00f6lgecilik yapt\u0131 m\u0131? Yapmad\u0131k. B\u00f6lgesel milliyet\u00e7ili\u011fe de hay\u0131r dedik. Dinsel milliyet\u00e7ili\u011fe de hay\u0131r dedik. Etnik milliyet\u00e7ili\u011fe de hay\u0131r dedik. ve bu do\u011frultuda politikalar\u0131m\u0131z\u0131 ortaya koyduk. Zonguldak&#8217;\u0131n \u00c7aycuma&#8217;s\u0131na havaalan\u0131 yapm\u0131\u015fsak, Hakkari&#8217;nin Y\u00fcksekovas\u0131&#8217;na da yapt\u0131m. Sinop&#8217;a \u00fcniversite yapm\u0131\u015fsak \u015e\u0131rnak&#8217;a da \u00fcniversite yapt\u0131k. Barajlar\u0131yla, \u015fehir hastaneleriyle her bir noktaya e\u015fit hizmet g\u00f6t\u00fcrd\u00fck. Ayr\u0131mc\u0131l\u0131\u011f\u0131 ortadan kald\u0131rd\u0131k. Temel hak ve \u00f6zg\u00fcrl\u00fckleri daha da tahkim ettik. Belli b\u00f6lgede ya\u015fayan ya da K\u00fcrt vatanda\u015flar\u0131m\u0131zla ilgili haklar de\u011fil, t\u00fcm insanlar\u0131n, t\u00fcm vatanda\u015flar\u0131m\u0131z\u0131n haklar\u0131n\u0131 teslim etmek ve bu noktada temel hak ve \u00f6zg\u00fcrl\u00fck alan\u0131n\u0131 daha da geni\u015fletmek i\u00e7in b\u00fcy\u00fck reformlar yapt\u0131k. ve geldi\u011fimiz noktada bug\u00fcn ter\u00f6rs\u00fcz T\u00fcrkiye&#8217;yi konu\u015fabiliyorsak bu 23 y\u0131lda elde etti\u011fimiz kazan\u0131m sayesindedir. Son bir y\u0131la geldi\u011fimizde de, bir bu\u00e7uk y\u0131la geldi\u011fimizde de Devlet Bah\u00e7eli&#8217;nin grupta yapt\u0131\u011f\u0131 konu\u015fmayla beraber ve Cumhurba\u015fkan\u0131m\u0131z\u0131n da ortaya koydu\u011fu iradeyle Ter\u00f6rs\u00fcz T\u00fcrkiye s\u00fcrecini ba\u015flatt\u0131k. ve bu s\u00fcre\u00e7te ter\u00f6r \u00f6rg\u00fct\u00fc fesih karar\u0131 ald\u0131. Silah b\u0131rakma s\u00fcreci kurumlar\u0131m\u0131z taraf\u0131ndan, devletin ilgili makamlar\u0131 taraf\u0131ndan izleniyor, takip ediliyor. Tabi ter\u00f6rs\u00fcz T\u00fcrkiye derken ter\u00f6r\u00fcn t\u00fcm unsurlar\u0131yla i\u00e7eride d\u0131\u015far\u0131da silah b\u0131rakmas\u0131 ve ter\u00f6rs\u00fcz b\u00f6lge hedefiyle ancak gelece\u011fe g\u00fcvenle bakabiliriz diyoruz. Bu y\u00f6nde de \u00e7ok \u00f6nemli geli\u015fmeler olmaya devam ediyor. Ter\u00f6rden al\u0131nd\u0131\u011f\u0131nda \u00fclkemiz, T\u00fcrkiye Y\u00fczy\u0131l\u0131 daha kolay ve daha h\u0131zl\u0131 in\u015fallah in\u015fa edilmi\u015f olacak. Tabii di\u011fer yandan kad\u0131nlar\u0131m\u0131z\u0131n korunmas\u0131, onlar\u0131n her t\u00fcrl\u00fc \u015fiddetten uzak tutulmas\u0131, ailenin g\u00fc\u00e7lendirilmesi. Aile g\u00fc\u00e7l\u00fc olacak ki toplum g\u00fc\u00e7l\u00fc olsun, millet olarak g\u00fc\u00e7l\u00fc olal\u0131m. \u00c7ocuklar\u0131n korunmas\u0131, \u00e7ocuklar\u0131m\u0131z\u0131n ve gen\u00e7lerimizin her t\u00fcrl\u00fc zararl\u0131 al\u0131\u015fkanl\u0131klardan uzak tutulmas\u0131. Uyu\u015fturucu illetinden uzak tutulmas\u0131, aileyi tehdit eden k\u00fcresel tehlikelerden ailelerimizin uzak tutulmas\u0131, korunmas\u0131 t\u00fcm bu kabinemizin, h\u00fck\u00fcmetimizin, meclisimizin g\u00fcndeminde olan \u00e7al\u0131\u015fmalar. Yat\u0131r\u0131mlar h\u0131z kesmeden devam ediyor.&#8221; &#8211; KARAB\u00dcK<\/p>\n","protected":false},"excerpt":{"rendered":"<p>Adalet Bakan\u0131 Y\u0131lmaz Tun\u00e7, CHP Genel Ba\u015fkan\u0131 \u00d6zg\u00fcr \u00d6zel&#8217;in se\u00e7imde birinci parti olduklar\u0131 y\u00f6n\u00fcndeki s\u00f6ylemine tepki g\u00f6stererek, &#8220;Belediye say\u0131s\u0131 olarak bakt\u0131\u011f\u0131n\u0131z zaman 600&#8217;den fazla belediyeyi AK Parti alm\u0131\u015f.<\/p>\n","protected":false},"author":1,"featured_media":0,"comment_status":"open","ping_status":"open","sticky":false,"template":"","format":"standard","meta":{"footnotes":""},"categories":[8],"tags":[1389,4092,2113,2020,3235],"class_list":["post-24049","post","type-post","status-publish","format-standard","hentry","category-ekonomi","tag-ak-parti","tag-darbe","tag-millet","tag-secim","tag-yargi"],"_links":{"self":[{"href":"https:\/\/bihavadis.com\/index.php\/wp-json\/wp\/v2\/posts\/24049","targetHints":{"allow":["GET"]}}],"collection":[{"href":"https:\/\/bihavadis.com\/index.php\/wp-json\/wp\/v2\/posts"}],"about":[{"href":"https:\/\/bihavadis.com\/index.php\/wp-json\/wp\/v2\/types\/post"}],"author":[{"embeddable":true,"href":"https:\/\/bihavadis.com\/index.php\/wp-json\/wp\/v2\/users\/1"}],"replies":[{"embeddable":true,"href":"https:\/\/bihavadis.com\/index.php\/wp-json\/wp\/v2\/comments?post=24049"}],"version-history":[{"count":1,"href":"https:\/\/bihavadis.com\/index.php\/wp-json\/wp\/v2\/posts\/24049\/revisions"}],"predecessor-version":[{"id":24050,"href":"https:\/\/bihavadis.com\/index.php\/wp-json\/wp\/v2\/posts\/24049\/revisions\/24050"}],"wp:attachment":[{"href":"https:\/\/bihavadis.com\/index.php\/wp-json\/wp\/v2\/media?parent=24049"}],"wp:term":[{"taxonomy":"category","embeddable":true,"href":"https:\/\/bihavadis.com\/index.php\/wp-json\/wp\/v2\/categories?post=24049"},{"taxonomy":"post_tag","embeddable":true,"href":"https:\/\/bihavadis.com\/index.php\/wp-json\/wp\/v2\/tags?post=24049"}],"curies":[{"name":"wp","href":"https:\/\/api.w.org\/{rel}","templated":true}]}}