{"id":24074,"date":"2026-02-09T15:36:07","date_gmt":"2026-02-09T15:36:07","guid":{"rendered":"https:\/\/bihavadis.com\/?p=24074"},"modified":"2026-02-09T15:36:07","modified_gmt":"2026-02-09T15:36:07","slug":"futbol-dunyasi-6-subat-depremlerinde-hayatini-kaybedenleri-andi","status":"publish","type":"post","link":"https:\/\/bihavadis.com\/index.php\/2026\/02\/09\/futbol-dunyasi-6-subat-depremlerinde-hayatini-kaybedenleri-andi\/","title":{"rendered":"Futbol d\u00fcnyas\u0131, 6 \u015eubat depremlerinde hayat\u0131n\u0131 kaybedenleri and\u0131"},"content":{"rendered":"<p>T\u00fcrkiye Futbol Federasyonu (TFF) ve spor kul\u00fcpleri, Kahramanmara\u015f merkezli 6 \u015eubat 2023&#8217;teki depremlerde hayat\u0131n\u0131 kaybeden vatanda\u015flar i\u00e7in anma mesaj\u0131 yay\u0131nlad\u0131.<\/p>\n<p>Federasyonun internet sitesinden yay\u0131mlanan mesajda, <b><em>&#8220;6 \u015eubat 2023 tarihinde merkez \u00fcss\u00fc Kahramanmara\u015f olan ve 11 ilimizde y\u0131k\u0131c\u0131 izler b\u0131rakarak \u00fclkemizi yasa bo\u011fan deprem felaketinin 3. y\u0131l d\u00f6n\u00fcm\u00fcnde, hayat\u0131n\u0131 kaybeden vatanda\u015flar\u0131m\u0131za bir kez daha Allah&#8217;tan rahmet; kederli ailelerine, yak\u0131nlar\u0131na ve aziz milletimize ba\u015fsa\u011fl\u0131\u011f\u0131 diliyoruz.&#8221;<\/em><\/b> ifadeleri kullan\u0131ld\u0131.<\/p>\n<p><strong>TFF VE KUL\u00dcPLER\u0130M\u0130Z DE UNUTMADI&#8230;<\/strong><\/p>\n<p>Be\u015fikta\u015f Kul\u00fcb\u00fcn\u00fcn payla\u015f\u0131m\u0131nda, <b><em>&#8220;Unutmad\u0131k. Unutmayaca\u011f\u0131z. 6 \u015eubat Kahramanmara\u015f depremlerinde yitirdi\u011fimiz canlar\u0131m\u0131z\u0131 rahmetle an\u0131yoruz. Bu tarifsiz ac\u0131lar\u0131n bir daha ya\u015fanmamas\u0131n\u0131 temenni ediyoruz.&#8221; <\/em><\/b>denildi.<\/p>\n<p>Fenerbah\u00e7e Kul\u00fcb\u00fcn\u00fcn yay\u0131mlad\u0131\u011f\u0131 mesajda \u015fu ifadelere yer verildi:<\/p>\n<p>&#8220;6 \u015eubat deprem felaketinde hayat\u0131n\u0131 kaybeden vatanda\u015flar\u0131m\u0131z\u0131 rahmet ve \u00f6zlemle an\u0131yor; yak\u0131nlar\u0131na ve t\u00fcm \u00fclkemize sab\u0131r ve ba\u015fsa\u011fl\u0131\u011f\u0131 diliyoruz. Unutmad\u0131k, unutmayaca\u011f\u0131z.&#8221;<\/p>\n<p>Galatasaray Kul\u00fcb\u00fcn\u00fcn anma mesaj\u0131nda,<b><em> &#8220;Y\u00fcreklerimizin yand\u0131\u011f\u0131 gecenin \u00fczerinden tam \u00fc\u00e7 y\u0131l ge\u00e7ti\u2026 6 \u015eubat Kahramanmara\u015f depremlerinin y\u0131l d\u00f6n\u00fcm\u00fcnde hayat\u0131n\u0131 kaybedenlere Allah&#8217;tan rahmet, yak\u0131nlar\u0131na sonsuz sab\u0131r diliyoruz. Galatasaray camias\u0131 olarak her zaman yan\u0131n\u0131zda olmaya devam edece\u011fiz.&#8221; <\/em><\/b>denildi.<\/p>\n<p><img decoding=\"async\" src=\"https:\/\/bihavadis.com\/wp-content\/uploads\/2026\/02\/futbol-dunyasi-6-subat-depremlerinde-hayatini-kaybedenleri-andi-0-9Dc5DpGQ.jpg\"\/><\/p>\n<p><strong>&#8220;\u00dcLKEM\u0130Z\u0130 DER\u0130N B\u0130R YASA S\u00dcR\u00dcKLEYEN&#8230;&#8221;<\/strong><\/p>\n<p>Trabzonspor Kul\u00fcb\u00fcn\u00fcn yay\u0131mlad\u0131\u011f\u0131 payla\u015f\u0131mda ise \u015funlar kaydedildi:<\/p>\n<p>&#8220;6 \u015eubat 2023&#8217;te meydana gelen ve \u00fclkemizi derin bir yasa s\u00fcr\u00fckleyen depremin y\u0131l d\u00f6n\u00fcm\u00fcnde hayat\u0131n\u0131 kaybeden vatanda\u015flar\u0131m\u0131z\u0131 rahmetle an\u0131yor; ailelerine ve yak\u0131nlar\u0131na sab\u0131r diliyoruz. Depremden etkilenen t\u00fcm vatanda\u015flar\u0131m\u0131za bir kez daha ge\u00e7mi\u015f olsun dileklerimizi iletiyor, benzer ac\u0131lar\u0131n bir daha ya\u015fanmamas\u0131n\u0131 temenni ediyoruz.&#8221;<\/p>\n<p>Bir\u00e7ok spor kul\u00fcb\u00fc de depremlerde hayat\u0131n\u0131 kaybedenler i\u00e7in sosyal medya hesaplar\u0131ndan anma mesaj\u0131 yay\u0131nlad\u0131.<\/p>\n<p><img decoding=\"async\" src=\"https:\/\/bihavadis.com\/wp-content\/uploads\/2026\/02\/futbol-dunyasi-6-subat-depremlerinde-hayatini-kaybedenleri-andi-1-fwMySb1y.jpg\"\/><\/p>\n","protected":false},"excerpt":{"rendered":"<p>T\u00fcrkiye, 6 \u015eubat 2023&#8217;te meydana gelen deprem facias\u0131nda kaybettiklerinin yas\u0131n\u0131 tutuyor&#8230; TFF ve kul\u00fcplerimiz de asr\u0131n felaketinde hayat\u0131n\u0131 kaybeden vatanda\u015flar\u0131m\u0131z\u0131 unutmad\u0131&#8230;<\/p>\n","protected":false},"author":1,"featured_media":24075,"comment_status":"open","ping_status":"open","sticky":false,"template":"","format":"standard","meta":{"footnotes":""},"categories":[14],"tags":[3419,60,3417,4093,1135],"class_list":["post-24074","post","type-post","status-publish","format-standard","has-post-thumbnail","hentry","category-spor","tag-6-subat","tag-deprem","tag-hayatini-kaybeden","tag-rahmet","tag-vatandaslar"],"_links":{"self":[{"href":"https:\/\/bihavadis.com\/index.php\/wp-json\/wp\/v2\/posts\/24074","targetHints":{"allow":["GET"]}}],"collection":[{"href":"https:\/\/bihavadis.com\/index.php\/wp-json\/wp\/v2\/posts"}],"about":[{"href":"https:\/\/bihavadis.com\/index.php\/wp-json\/wp\/v2\/types\/post"}],"author":[{"embeddable":true,"href":"https:\/\/bihavadis.com\/index.php\/wp-json\/wp\/v2\/users\/1"}],"replies":[{"embeddable":true,"href":"https:\/\/bihavadis.com\/index.php\/wp-json\/wp\/v2\/comments?post=24074"}],"version-history":[{"count":1,"href":"https:\/\/bihavadis.com\/index.php\/wp-json\/wp\/v2\/posts\/24074\/revisions"}],"predecessor-version":[{"id":24078,"href":"https:\/\/bihavadis.com\/index.php\/wp-json\/wp\/v2\/posts\/24074\/revisions\/24078"}],"wp:featuredmedia":[{"embeddable":true,"href":"https:\/\/bihavadis.com\/index.php\/wp-json\/wp\/v2\/media\/24075"}],"wp:attachment":[{"href":"https:\/\/bihavadis.com\/index.php\/wp-json\/wp\/v2\/media?parent=24074"}],"wp:term":[{"taxonomy":"category","embeddable":true,"href":"https:\/\/bihavadis.com\/index.php\/wp-json\/wp\/v2\/categories?post=24074"},{"taxonomy":"post_tag","embeddable":true,"href":"https:\/\/bihavadis.com\/index.php\/wp-json\/wp\/v2\/tags?post=24074"}],"curies":[{"name":"wp","href":"https:\/\/api.w.org\/{rel}","templated":true}]}}