{"id":24079,"date":"2026-02-09T15:39:07","date_gmt":"2026-02-09T15:39:07","guid":{"rendered":"https:\/\/bihavadis.com\/?p=24079"},"modified":"2026-02-09T15:39:07","modified_gmt":"2026-02-09T15:39:07","slug":"sedat-peker-sehit-ailesine-ev-hediye-etti","status":"publish","type":"post","link":"https:\/\/bihavadis.com\/index.php\/2026\/02\/09\/sedat-peker-sehit-ailesine-ev-hediye-etti\/","title":{"rendered":"Sedat Peker, \u015fehit ailesine ev hediye etti"},"content":{"rendered":"<p>Yalova&#8217;da aral\u0131k ay\u0131nda DEA\u015e ter\u00f6r \u00f6rg\u00fct\u00fcne y\u00f6nelik d\u00fczenlenen operasyonda ter\u00f6ristler ile polisler aras\u0131nda \u00e7\u0131kan \u00e7at\u0131\u015fmada 3 polisimiz \u015fehit olmu\u015f, 8 polis ve bir bek\u00e7i ise yaralanm\u0131\u015ft\u0131. \u00c7at\u0131\u015fmada \u015fehit d\u00fc\u015fen polislerimizden birisi de Turgut K\u00fcl\u00fcnk idi.<\/p>\n<p><b>\u015eEH\u0130D\u0130N A\u0130LES\u0130NE SEDAT PEKER EV HED\u0130YE ETT\u0130<\/b><\/p>\n<p>K\u00fcl\u00fcnk&#8217;\u00fcn ailesine dikkat \u00e7eken bir yard\u0131m geldi. Dubai&#8217;de oldu\u011fu bilinen firari su\u00e7 \u00f6rg\u00fct\u00fc lideri Sedat Peker, \u015fehit K\u00fcl\u00fcnk&#8217;\u00fcn ailesine ev hediye etti.<\/p>\n<p><b>&#8220;KIZI Y\u00dcKSEK L\u0130SANS G\u00d6R\u00dcYORDU&#8221;<\/b><\/p>\n<p>\u015eehidin annesi Kevser K\u00fcl\u00fcnk, o\u011flunun \u015fehadet haberini ald\u0131ktan sonra \u015funlar\u0131 s\u00f6ylemi\u015fti: &#8220;\u0130kinci o\u011flum, bize haberi getirdi, &#8216;Abim \u015fehit oldu&#8217; dedi. Y\u0131k\u0131ld\u0131k, mahvolduk, b\u00f6yle bir \u015feyin ba\u015f\u0131ma gelece\u011fini hi\u00e7 tahmin etmiyordum, beklemiyordum. \u00c7ok zor, dayan\u0131lacak gibi de\u011fil. Allah yard\u0131mc\u0131m\u0131z olsun. 4 \u00e7ocu\u011fum var; 3&#8217;\u00fc erkek, \u015fehit olan en b\u00fcy\u00fckleriydi. Torun ar\u0131yor halas\u0131n\u0131, &#8216;Babam \u015fehit olmu\u015f hala&#8217; dedi. Oradan haber da\u011f\u0131lm\u0131\u015f. Emeklili\u011fi gelmi\u015f, 1 y\u0131l\u0131 ge\u00e7mi\u015fti. K\u0131z\u0131 y\u00fcksek lisans g\u00f6r\u00fcyordu. &#8216;\u00c7ocu\u011fumu g\u00f6rev sahibi yapay\u0131m&#8217; dedi. 1 k\u0131z\u0131 var. K\u0131z\u0131n\u0131n hedefi kaymakam olmakt\u0131&#8221; diye konu\u015ftu.<\/p>\n","protected":false},"excerpt":{"rendered":"<p>Yalova&#8217;da DEA\u015e ter\u00f6r \u00f6rg\u00fct\u00fcyle \u00e7\u0131kan \u00e7at\u0131\u015fmada \u015fehit d\u00fc\u015fen polisimiz Turgut K\u00fcl\u00fcnk&#8217;\u00fcn ailesine, firari su\u00e7 \u00f6rg\u00fct\u00fc lideri Sedat Peker ev hediye etti.<\/p>\n","protected":false},"author":1,"featured_media":24080,"comment_status":"open","ping_status":"open","sticky":false,"template":"","format":"standard","meta":{"footnotes":""},"categories":[9,4,13],"tags":[2903],"class_list":["post-24079","post","type-post","status-publish","format-standard","has-post-thumbnail","hentry","category-genel","category-gundem","category-son-dakika","tag-sehit"],"_links":{"self":[{"href":"https:\/\/bihavadis.com\/index.php\/wp-json\/wp\/v2\/posts\/24079","targetHints":{"allow":["GET"]}}],"collection":[{"href":"https:\/\/bihavadis.com\/index.php\/wp-json\/wp\/v2\/posts"}],"about":[{"href":"https:\/\/bihavadis.com\/index.php\/wp-json\/wp\/v2\/types\/post"}],"author":[{"embeddable":true,"href":"https:\/\/bihavadis.com\/index.php\/wp-json\/wp\/v2\/users\/1"}],"replies":[{"embeddable":true,"href":"https:\/\/bihavadis.com\/index.php\/wp-json\/wp\/v2\/comments?post=24079"}],"version-history":[{"count":1,"href":"https:\/\/bihavadis.com\/index.php\/wp-json\/wp\/v2\/posts\/24079\/revisions"}],"predecessor-version":[{"id":24081,"href":"https:\/\/bihavadis.com\/index.php\/wp-json\/wp\/v2\/posts\/24079\/revisions\/24081"}],"wp:featuredmedia":[{"embeddable":true,"href":"https:\/\/bihavadis.com\/index.php\/wp-json\/wp\/v2\/media\/24080"}],"wp:attachment":[{"href":"https:\/\/bihavadis.com\/index.php\/wp-json\/wp\/v2\/media?parent=24079"}],"wp:term":[{"taxonomy":"category","embeddable":true,"href":"https:\/\/bihavadis.com\/index.php\/wp-json\/wp\/v2\/categories?post=24079"},{"taxonomy":"post_tag","embeddable":true,"href":"https:\/\/bihavadis.com\/index.php\/wp-json\/wp\/v2\/tags?post=24079"}],"curies":[{"name":"wp","href":"https:\/\/api.w.org\/{rel}","templated":true}]}}