{"id":24264,"date":"2026-02-09T17:48:38","date_gmt":"2026-02-09T17:48:38","guid":{"rendered":"https:\/\/bihavadis.com\/?p=24264"},"modified":"2026-02-09T17:48:38","modified_gmt":"2026-02-09T17:48:38","slug":"epstein-belgelerinde-turkiye-izleri-robert-kolej-yoneticisinden-gates-vakfi-talebi","status":"publish","type":"post","link":"https:\/\/bihavadis.com\/index.php\/2026\/02\/09\/epstein-belgelerinde-turkiye-izleri-robert-kolej-yoneticisinden-gates-vakfi-talebi\/","title":{"rendered":"Epstein belgelerinde T\u00fcrkiye izleri: Robert Kolej y\u00f6neticisinden Gates Vakf\u0131 talebi"},"content":{"rendered":"<p>Jeffrey Epstein davas\u0131na ili\u015fkin kamuoyuna a\u00e7\u0131klanan son belgeler, T\u00fcrkiye&#8217;den \u00e7arp\u0131c\u0131 bir ismi ve kurumu g\u00fcndeme ta\u015f\u0131d\u0131. Robert Kolej Y\u00f6netim Kurulu \u00dcyesi Thomas Landon&#8217;un, 2014 y\u0131l\u0131nda Epstein&#8217;a g\u00f6nderdi\u011fi e-postada, okulun gelece\u011fi i\u00e7in destek istedi\u011fi ve T\u00fcrkiye&#8217;nin siyasi y\u00f6nelimine dair de\u011ferlendirmelerde bulundu\u011fu ortaya \u00e7\u0131kt\u0131.<\/p>\n<p><b>&#8220;T\u00dcRK\u0130YE MUHAFAZAKAR B\u0130R Y\u00d6NE EVR\u0130L\u0130YOR&#8221;<\/b><\/p>\n<p>Landon taraf\u0131ndan g\u00f6nderilen mailde, Robert Kolej&#8217;in T\u00fcrkiye&#8217;nin en parlak \u00f6\u011frencilerini yeti\u015ftiren 150 y\u0131ll\u0131k se\u00e7kin bir kurum oldu\u011fu vurgulan\u0131rken, o d\u00f6nemki siyasi atmosfere dair \u015fu ifadeler dikkat \u00e7ekiyor:<\/p>\n<p>&#8220;Muhafazak\u00e2r \u0130slam&#8217;\u0131n T\u00fcrkiye&#8217;de sosyal hayata ve e\u011fitim sistemine giderek daha fazla n\u00fcfuz etti\u011fi g\u00fcn\u00fcm\u00fczde, RC&#8217;nin misyonu hi\u00e7 bu kadar \u00f6nemli olmam\u0131\u015ft\u0131.&#8221;<\/p>\n<p>&#8220;T\u00fcrkiye, I\u015e\u0130D olgusu sonras\u0131nda olduk\u00e7a muhafazak\u00e2r bir y\u00f6ne evriliyor ve biz de misyonumuzu \u00f6nemsemeyen bir h\u00fck\u00fcmet alt\u0131nda \u00e7abalar\u0131m\u0131z\u0131 iki kat\u0131na \u00e7\u0131kar\u0131yoruz.&#8221;<\/p>\n<p><b>EPSTE\u0130N \u00dcZER\u0130NDEN GATES VAKFI&#8217;NA ULA\u015eMA \u00c7ABASI <\/b><\/p>\n<p>Landon, e-postas\u0131nda Epstein&#8217;\u0131n bilimsel konulara ilgisini bildi\u011fini ancak Robert Kolej konusunun &#8220;Gates Vakf\u0131&#8217;na sunmaya de\u011fer olup olmad\u0131\u011f\u0131n\u0131&#8221; merak etti\u011fini belirtiyor. Yaz\u0131\u015fmada, okul m\u00fcd\u00fcr\u00fcn\u00fcn o tarihlerde New York&#8217;ta (\u015fehirde) olaca\u011f\u0131 ve istenirse Epstein ile detayl\u0131 g\u00f6r\u00fc\u015fme yapabilece\u011fi teklif ediliyor.<\/p>\n<p><b>EPSTE\u0130N&#8217;DEN KISA YANIT: &#8220;G\u00d6R\u00dc\u015eT\u00dc\u011e\u00dcM\u00dcZDE ANLATIRSIN&#8221;<\/b><\/p>\n<p>Landon&#8217;un bu uzun ve detayl\u0131 mailine Jeffrey Epstein&#8217;\u0131n cevab\u0131 ise olduk\u00e7a k\u0131sa ve net oldu. Epstein, Landon&#8217;a &#8220;G\u00f6r\u00fc\u015ft\u00fc\u011f\u00fcm\u00fczde daha fazlas\u0131n\u0131 anlat\u0131rs\u0131n&#8221; diyerek konuyu y\u00fcz y\u00fcze konu\u015fmaya a\u00e7\u0131k kap\u0131 b\u0131rakt\u0131.<\/p>\n<p>Landon mailinde konunun kendisi i\u00e7in ki\u015fisel bir mesele oldu\u011funu, babas\u0131n\u0131n 1950&#8217;lerden itibaren okulun y\u00f6netiminde bulundu\u011funu ve T\u00fcrkiye&#8217;nin gelece\u011fi konusunda endi\u015fe duydu\u011funu da dile getiriyor.<\/p>\n","protected":false},"excerpt":{"rendered":"<p>ABD&#8217;de re\u015fit olmayan k\u0131z \u00e7ocuklar\u0131na y\u00f6nelik cinsel istismar ve fuhu\u015f a\u011f\u0131 kurma su\u00e7lar\u0131yla tutuklu yarg\u0131lan\u0131rken hapishanede \u00f6l\u00fc bulunan Jeffrey Epstein dosyalar\u0131ndaki yeni s\u0131z\u0131nt\u0131lar, T\u00fcrkiye&#8217;nin en k\u00f6kl\u00fc e\u011fitim kurumlar\u0131ndan biri olan Robert Kolej&#8217;e dair \u00e7arp\u0131c\u0131 bir yaz\u0131\u015fmay\u0131 g\u00fcn y\u00fcz\u00fcne \u00e7\u0131kard\u0131. 2014 y\u0131l\u0131na ait e-postalarda, kolejin o d\u00f6nemki y\u00f6neticilerinden Thomas Landon&#8217;un, Epstein&#8217;a T\u00fcrkiye&#8217;deki siyasi iklim ve okulun misyonu \u00fczerine detayl\u0131 bir rapor sundu\u011fu g\u00f6r\u00fcl\u00fcyor.<\/p>\n","protected":false},"author":1,"featured_media":24265,"comment_status":"open","ping_status":"open","sticky":false,"template":"","format":"standard","meta":{"footnotes":""},"categories":[6],"tags":[2183,4107],"class_list":["post-24264","post","type-post","status-publish","format-standard","has-post-thumbnail","hentry","category-dunya","tag-epstein","tag-landon"],"_links":{"self":[{"href":"https:\/\/bihavadis.com\/index.php\/wp-json\/wp\/v2\/posts\/24264","targetHints":{"allow":["GET"]}}],"collection":[{"href":"https:\/\/bihavadis.com\/index.php\/wp-json\/wp\/v2\/posts"}],"about":[{"href":"https:\/\/bihavadis.com\/index.php\/wp-json\/wp\/v2\/types\/post"}],"author":[{"embeddable":true,"href":"https:\/\/bihavadis.com\/index.php\/wp-json\/wp\/v2\/users\/1"}],"replies":[{"embeddable":true,"href":"https:\/\/bihavadis.com\/index.php\/wp-json\/wp\/v2\/comments?post=24264"}],"version-history":[{"count":1,"href":"https:\/\/bihavadis.com\/index.php\/wp-json\/wp\/v2\/posts\/24264\/revisions"}],"predecessor-version":[{"id":24266,"href":"https:\/\/bihavadis.com\/index.php\/wp-json\/wp\/v2\/posts\/24264\/revisions\/24266"}],"wp:featuredmedia":[{"embeddable":true,"href":"https:\/\/bihavadis.com\/index.php\/wp-json\/wp\/v2\/media\/24265"}],"wp:attachment":[{"href":"https:\/\/bihavadis.com\/index.php\/wp-json\/wp\/v2\/media?parent=24264"}],"wp:term":[{"taxonomy":"category","embeddable":true,"href":"https:\/\/bihavadis.com\/index.php\/wp-json\/wp\/v2\/categories?post=24264"},{"taxonomy":"post_tag","embeddable":true,"href":"https:\/\/bihavadis.com\/index.php\/wp-json\/wp\/v2\/tags?post=24264"}],"curies":[{"name":"wp","href":"https:\/\/api.w.org\/{rel}","templated":true}]}}