{"id":24275,"date":"2026-02-09T17:57:09","date_gmt":"2026-02-09T17:57:09","guid":{"rendered":"https:\/\/bihavadis.com\/?p=24275"},"modified":"2026-02-09T17:57:09","modified_gmt":"2026-02-09T17:57:09","slug":"gaziantepte-depremde-olen-esinin-meslegiyle-hayata-tutundu","status":"publish","type":"post","link":"https:\/\/bihavadis.com\/index.php\/2026\/02\/09\/gaziantepte-depremde-olen-esinin-meslegiyle-hayata-tutundu\/","title":{"rendered":"Gaziantep&#8217;te depremde \u00f6len e\u015finin mesle\u011fiyle hayata tutundu"},"content":{"rendered":"<p>6 \u015eubat 2023 tarihinde Kahramanmara\u015f merkezli meydana gelen ve 11 ili etkileyen asr\u0131n depremine \u0130slahiye&#8217;de b\u00fcy\u00fck y\u0131k\u0131m ve ac\u0131lar\u0131n ya\u015fanmas\u0131na neden oldu.<\/p>\n<p>Oturduklar\u0131 binan\u0131n \u00e7\u00f6kmesi sonucu e\u015fi Ali \u0130nce&#8217;yi kaybeden ve kendisi de enkazdan yaral\u0131 \u00e7\u0131kart\u0131lan Esin \u0130nce, e\u015finin izinden giderek g\u00f6zl\u00fck\u00e7\u00fcl\u00fck mele\u011fine tutundu.<\/p>\n<p><strong>A\u0130LECEK ENKAZ ALTINDA KALDILAR<\/strong><\/p>\n<p>\u0130slahiye&#8217;nin Atat\u00fcrk Mahallesi&#8217;nde bulunan M\u00fcge Siteleri F Blok Apartman\u0131 b\u00fcy\u00fck depremde saniyeler i\u00e7erisinde \u00e7\u00f6kt\u00fc.<\/p>\n<p>Apartman\u0131n 5&#8217;inci kat\u0131nda bulunan 39 ya\u015f\u0131ndaki\u00a0 Ali \u0130nce, 38 ya\u015f\u0131ndaki e\u015fi Esin \u0130nce, 6 ya\u015f\u0131ndaki\u00a0 Nuran G\u00f6k\u00e7e \u0130nce\u00a0 ve 9 ya\u015f\u0131ndaki Aynur Ece \u0130nce, binalar\u0131n\u0131n y\u0131k\u0131lmas\u0131 sonucu enkaz alt\u0131nda kald\u0131.<\/p>\n<p><img decoding=\"async\" src=\"https:\/\/bihavadis.com\/wp-content\/uploads\/2026\/02\/gaziantepte-depremde-olen-esinin-meslegiyle-hayata-tutundu-0-fhT5vZgY.jpg\"\/><\/p>\n<p><strong>ENKAZ ALTINDA KALAN E\u015e\u0130 HAYATINI KAYBETT\u0130<\/strong><\/p>\n<p>Enkaz alt\u0131nda kalan e\u015fi hayat\u0131n\u0131 kaybetti, kendisi k\u0131zlar\u0131yla hayata tutundu<\/p>\n<p>Binan\u0131n yerle bir olmas\u0131 sonucu enkaz alt\u0131nda kalan Ali \u0130nce, hayat\u0131n\u0131 kaybederken, e\u015fi Esin ile k\u0131zlar\u0131 Nuran G\u00f6k\u00e7e ve Aynur Ece ise saatlerce kurtar\u0131lmay\u0131 beklediler.<\/p>\n<p><img decoding=\"async\" src=\"https:\/\/bihavadis.com\/wp-content\/uploads\/2026\/02\/gaziantepte-depremde-olen-esinin-meslegiyle-hayata-tutundu-1-iZkR5EHU.jpg\"\/><\/p>\n<p><strong>KIZLARI 8 SAAT ENKAZ ALTINDA KALDI<\/strong><\/p>\n<p>8 saat enkaz alt\u0131nda kalarak k\u0131zlar\u0131 Nuran G\u00f6k\u00e7e ile Aynur Ece ile hayata tutunan Esin \u0130nce, k\u0131zlar\u0131 ile birlikte 10 g\u00fcn hastanede kald\u0131.<\/p>\n<p>Esin \u0130nce, kendine geldi\u011finde de bir kez daha e\u015finin \u00f6l\u00fcm\u00fcyle sars\u0131ld\u0131.<\/p>\n<p>Tedavi olduktan sonra k\u0131zlar\u0131yla birlikte hastaneden \u00e7\u0131kan Esin \u0130nce, e\u015finin g\u00f6zl\u00fck\u00e7\u00fc d\u00fckkan\u0131n\u0131n aylarca kapal\u0131 kalmas\u0131na g\u00f6nl\u00fc raz\u0131 olmad\u0131.<\/p>\n<p><img decoding=\"async\" src=\"https:\/\/bihavadis.com\/wp-content\/uploads\/2026\/02\/gaziantepte-depremde-olen-esinin-meslegiyle-hayata-tutundu-2-2fORtSgg.jpg\"\/><\/p>\n<p><strong>E\u015e\u0130N\u0130N YAD\u0130\u011eARI \u0130\u015eYER\u0130N\u0130 \u00c7ALI\u015eTIRIYOR<\/strong><\/p>\n<p>Vefat\u0131ndan \u00f6nce e\u015fi Ali \u0130nce&#8217;nin y\u00f6nlendirmesiyle Kilis 7 Aral\u0131k \u00dcniversitesi&#8217;nde Optisyenlik b\u00f6l\u00fcm\u00fcn\u00fc 2 y\u0131l okuduktan sonra ge\u00e7en y\u0131l mezun oldu.<\/p>\n<p>Esin \u0130nce, optisyen oldu\u011fu i\u00e7in e\u015finden kendisine emanet kalan i\u015f yerini \u00e7al\u0131\u015ft\u0131rmaya karar verdi.<\/p>\n<p><strong>DEPREMZEDE VATANDA\u015eLARA UMUT OLUYOR<\/strong><\/p>\n<p>Hayat arkada\u015f\u0131n\u0131n \u0130slahiye&#8217;de 25 y\u0131l \u00e7al\u0131\u015ft\u0131rd\u0131\u011f\u0131 g\u00f6zl\u00fck\u00e7\u00fc d\u00fckkan\u0131n\u0131 \u00e7al\u0131\u015ft\u0131rmaya ba\u015flayan optisyen Esin \u0130nce, depremden sonra e\u015finin y\u0131llard\u0131r s\u00fcrd\u00fcrd\u00fc\u011f\u00fc mesle\u011fiyle hayata tutundu.<\/p>\n<p>Hayata kar\u015f\u0131 olan azmi ve ba\u015far\u0131s\u0131yla takdir toplayan Esin \u0130nce, kendisi gibi depremzede olan kad\u0131nlara da \u00f6rnek oluyor.<\/p>\n<p><img decoding=\"async\" src=\"https:\/\/bihavadis.com\/wp-content\/uploads\/2026\/02\/gaziantepte-depremde-olen-esinin-meslegiyle-hayata-tutundu-3-SsufpT4h.jpg\"\/><\/p>\n<p><strong>\u00d6MR\u00dc YETT\u0130\u011e\u0130 S\u00dcRECE DEVAM EDECEK<\/strong><\/p>\n<p>Depremden bu yana k\u0131zlar\u0131na hem annelik hem de babal\u0131k yapan Esin \u0130nce, e\u015fi Ali \u0130nce \u00f6lmeden \u00f6nce ev han\u0131m\u0131 oldu\u011funu s\u00f6yledi.<\/p>\n<p>E\u015finin hayat\u0131n\u0131 kaybetmesinin ard\u0131ndan ba\u015flad\u0131\u011f\u0131 g\u00f6zl\u00fck\u00e7\u00fcl\u00fck mesle\u011fini severek yapt\u0131\u011f\u0131n\u0131 belirten \u0130nce, cam kesti\u011fini ve g\u00f6zl\u00fcklere \u00e7er\u00e7eve yapt\u0131\u011f\u0131n\u0131 s\u00f6yledi.<\/p>\n<p>E\u015fini ve hat\u0131ralar\u0131n\u0131 hat\u0131rlad\u0131k\u00e7a g\u00f6zya\u015flar\u0131n\u0131 tutamayan Esin \u0130nce, e\u015finden kendisine emanet kalan ve iki y\u0131ld\u0131r severek \u00e7al\u0131\u015ft\u0131rd\u0131\u011f\u0131 g\u00f6zl\u00fck\u00e7\u00fc d\u00fckkan\u0131n\u0131 \u00f6mr\u00fc yetti\u011fi s\u00fcrece kapatmayaca\u011f\u0131n\u0131 belirtti.<\/p>\n<p><img decoding=\"async\" src=\"https:\/\/bihavadis.com\/wp-content\/uploads\/2026\/02\/gaziantepte-depremde-olen-esinin-meslegiyle-hayata-tutundu-4-dUhkBZ3G.jpg\"\/><\/p>\n<p><strong>&#8221;B\u0130NAMIZDA FAZLA KURTULAN OLMADI&#8221;<\/strong><\/p>\n<p>Deprem an\u0131nda ya\u015fad\u0131klar\u0131n\u0131 anlatan \u0130nce, <em><b>&#8220;Deprem olduktan sonra enkaz alt\u0131ndan 7-8 saat sonra \u00e7\u0131kar\u0131ld\u0131k. Evimiz en \u00fcst kattayd\u0131. <\/b><\/em><\/p>\n<p><em><b>E\u015fim Ali \u0130nce bina ilk y\u0131k\u0131ld\u0131\u011f\u0131 anda kafas\u0131na kolon devrilmesi sonucu vefat etti. \u0130ki k\u0131z\u0131mla ben enkaz alt\u0131nda kald\u0131k.<\/b><\/em><\/p>\n<p><strong>SAATLER SONRA GELEN SES<\/strong><\/p>\n<p><em><b>7-8 saat sonra \u00e7evredeki insanlar gelip bizi kurtard\u0131. <\/b><\/em><em><b>En \u00fcst katta oturuyorduk. Bundan dolay\u0131 zaten 7-8 saat sonra kurtar\u0131labildik, rahat kurtar\u0131labildik. <\/b><\/em><\/p>\n<p><em><b>\u00c7\u00fcnk\u00fc kar\u015f\u0131 kom\u015fumuz 18-19 saat sonra enkaz alt\u0131ndan \u00e7\u0131kar\u0131ld\u0131. <\/b><\/em><em><b>Apartman 5 katl\u0131yd\u0131.<\/b><\/em><\/p>\n<p><em><b> Binam\u0131zda da \u00e7ok fazla kurtulan olmad\u0131. Birka\u00e7 ki\u015fi kurtulduk&#8221;<\/b><\/em> dedi.<\/p>\n<p><strong>&#8221;E\u015e\u0130M\u0130N EMEKLER\u0130N\u0130 BO\u015eA \u00c7IKARMAMAK \u0130\u00c7\u0130N \u00c7ABALIYORUM&#8221;<\/strong><\/p>\n<p>Optisyen olma s\u00fcrecini de anlatan \u0130nce, <em><b>&#8220;Bu mesle\u011fe ba\u015flamam ve mesle\u011fi \u00f6\u011frenme karar\u0131m e\u015fimin iste\u011fiyle oldu. Benim ilk ba\u015fta pek fazla bir iste\u011fim yoktu. <\/b><\/em><\/p>\n<p><em><b>E\u015fimin beni y\u00f6nlendirmesiyle depremden \u00f6nce Kilis 7 Aral\u0131k \u00dcniversitesi&#8217;nde Optisyenlik B\u00f6l\u00fcm\u00fcn\u00fc okumaya ba\u015flad\u0131m.<\/b><\/em><\/p>\n<p><img decoding=\"async\" src=\"https:\/\/bihavadis.com\/wp-content\/uploads\/2026\/02\/gaziantepte-depremde-olen-esinin-meslegiyle-hayata-tutundu-5-rlQNI9Hb.jpg\"\/><\/p>\n<p><strong>&#8221;E\u015e\u0130M\u0130N MESLE\u011e\u0130N\u0130 DEVAM ETT\u0130RMEK \u00c7OK G\u00dcZEL B\u0130R DUYGU&#8221;<\/strong><\/p>\n<p><em><b>\u0130lk d\u00f6nem bitti, deprem oldu. <\/b><\/em><em><b>Ondan sonra da hem i\u015f yerimizin kapal\u0131 kalmamas\u0131 hem de e\u015fimin iste\u011fini ger\u00e7ekle\u015ftirmek i\u00e7in okumaya devam ettim. <\/b><\/em><\/p>\n<p><em><b>Ge\u00e7en y\u0131l mezun oldum. E\u015fim pandemi d\u00f6neminden \u00f6nce bu i\u015f yerini a\u00e7m\u0131\u015ft\u0131. <\/b><\/em><em><b>E\u015fimin mesle\u011fini devam ettirmek \u00e7ok g\u00fczel bir duygu ve \u015fu an herkes, \u2018e\u015fin bug\u00fcnleri g\u00f6rm\u00fc\u015f galiba ve seni bundan dolay\u0131 mesle\u011fine y\u00f6nlendirmi\u015f&#8217; diyorlar.<\/b><\/em><em><b> E\u015fim mesle\u011fini \u00e7ok seviyordu.<\/b><\/em><\/p>\n<p><strong>&#8220;B\u00dcY\u00dcK EMEKLERLE A\u00c7ILMI\u015e B\u0130R \u0130\u015eYER\u0130&#8221;<\/strong><\/p>\n<p><em><b> Pandemi d\u00f6neminde hi\u00e7 kimse d\u0131\u015far\u0131 \u00e7\u0131kamad\u0131. Yine de kendisi servis\u00e7ilik yap\u0131p buray\u0131 a\u00e7\u0131k tutmaya devam etti. <\/b><\/em><\/p>\n<p><em><b>Zararda da olsa devam etti. Deprem olduktan sonra benim tek d\u00fc\u015f\u00fcnd\u00fc\u011f\u00fcm e\u015fimin mesle\u011fini devam ettirmek oldu. <\/b><\/em><\/p>\n<p><em><b>E\u015fim bu mesle\u011fi \u00e7ok sevdi\u011fi i\u00e7in beni bu y\u00f6nde y\u00f6nlendirdi. Bu y\u00f6nde okutmak istedi\u011fi i\u00e7in ben burada \u00e7al\u0131\u015fmaya ba\u015flad\u0131m. <\/b><\/em><\/p>\n<p><em><b>E\u015fimin emeklerini bo\u015fa \u00e7\u0131karmamak i\u00e7in \u00e7abal\u0131yorum&#8221;<\/b><\/em> ifadelerini kulland\u0131.<\/p>\n<p><img decoding=\"async\" src=\"https:\/\/bihavadis.com\/wp-content\/uploads\/2026\/02\/gaziantepte-depremde-olen-esinin-meslegiyle-hayata-tutundu-6-hpAmj5XP.jpg\"\/><\/p>\n<p><strong>&#8221;ESK\u0130 M\u00dc\u015eTER\u0130LER\u0130M\u0130Z GELD\u0130\u011e\u0130NDE \u00c7OK DUYGULANIYORUM&#8221;<\/strong><\/p>\n<p>Hep e\u015fiyle birlikte \u00e7al\u0131\u015fmay\u0131 hayal ettiklerini belirten \u0130nce, <em><b>&#8220;E\u015fim zaten onun i\u00e7in beni okuttu. \u2018Beraber \u00e7al\u0131\u015f\u0131r\u0131z&#8217; diyordu. <\/b><\/em><\/p>\n<p><em><b>Hatta hayattayken bazen buraya gelirdim bana, \u2018at\u00f6lyeye gel, yeni cam geldi, onlar\u0131 sana \u00f6\u011freteyim&#8217; diyordu. <\/b><\/em><\/p>\n<p><em><b>Eski m\u00fc\u015fterilerimiz geldi\u011finde \u00e7ok duygulan\u0131yorum. <\/b><\/em><\/p>\n<p><em><b>\u00c7\u00fcnk\u00fc o an e\u015fim akl\u0131ma geliyor. <\/b><\/em><\/p>\n<p><em><b>E\u015fim durumu olmayan ki\u015filerin camlar\u0131n\u0131 ve \u00e7er\u00e7evesini \u00fccretsiz yap\u0131yordu ve o ki\u015filer geldi\u011fi zaman daha da k\u00f6t\u00fc oluyorum.<\/b><\/em><\/p>\n<p><strong>UMUTLA HAYATA DEVAM ED\u0130YOR<\/strong><\/p>\n<p><em><b> \u00c7\u00fcnk\u00fc hat\u0131ralar\u0131 canlan\u0131yor&#8221;<\/b><\/em> \u015feklinde konu\u015ftu.<\/p>\n<p>E\u015finin hat\u0131ras\u0131na sahip \u00e7\u0131kaca\u011f\u0131n\u0131 belirten \u0130nce, <em><b>&#8220;Buras\u0131 e\u015fimden kalan bir emanet. <\/b><\/em><\/p>\n<p><em><b>\u0130lk ba\u015fta da zaten onun emanetine sahip \u00e7\u0131kmak i\u00e7in d\u00fckkan\u0131 a\u00e7m\u0131\u015ft\u0131m.<\/b><\/em><\/p>\n<p><em><b> \u0130n\u015fallah Allah izin verdi\u011fi m\u00fcddet\u00e7e de e\u015fimin mesle\u011fini devam ettirece\u011fim&#8221;<\/b><\/em> diye konu\u015ftu.<\/p>\n","protected":false},"excerpt":{"rendered":"<p>Kahramanmara\u015f merkezli 6 \u015eubat 2023&#8217;te meydana gelen depreme, Gaziantep&#8217;in \u0130slahiye il\u00e7esinde yakalanan ve e\u015fini kaybeden Esin \u0130nce, hayat arkada\u015f\u0131n\u0131n izinden giderek g\u00f6zl\u00fck\u00e7\u00fcl\u00fck mesle\u011fine devam ediyor.<\/p>\n","protected":false},"author":1,"featured_media":24276,"comment_status":"open","ping_status":"open","sticky":false,"template":"","format":"standard","meta":{"footnotes":""},"categories":[4,13],"tags":[1656,60,4110,4108,4109],"class_list":["post-24275","post","type-post","status-publish","format-standard","has-post-thumbnail","hentry","category-gundem","category-son-dakika","tag-bina","tag-deprem","tag-kalan","tag-kizlari","tag-meslegini"],"_links":{"self":[{"href":"https:\/\/bihavadis.com\/index.php\/wp-json\/wp\/v2\/posts\/24275","targetHints":{"allow":["GET"]}}],"collection":[{"href":"https:\/\/bihavadis.com\/index.php\/wp-json\/wp\/v2\/posts"}],"about":[{"href":"https:\/\/bihavadis.com\/index.php\/wp-json\/wp\/v2\/types\/post"}],"author":[{"embeddable":true,"href":"https:\/\/bihavadis.com\/index.php\/wp-json\/wp\/v2\/users\/1"}],"replies":[{"embeddable":true,"href":"https:\/\/bihavadis.com\/index.php\/wp-json\/wp\/v2\/comments?post=24275"}],"version-history":[{"count":1,"href":"https:\/\/bihavadis.com\/index.php\/wp-json\/wp\/v2\/posts\/24275\/revisions"}],"predecessor-version":[{"id":24284,"href":"https:\/\/bihavadis.com\/index.php\/wp-json\/wp\/v2\/posts\/24275\/revisions\/24284"}],"wp:featuredmedia":[{"embeddable":true,"href":"https:\/\/bihavadis.com\/index.php\/wp-json\/wp\/v2\/media\/24276"}],"wp:attachment":[{"href":"https:\/\/bihavadis.com\/index.php\/wp-json\/wp\/v2\/media?parent=24275"}],"wp:term":[{"taxonomy":"category","embeddable":true,"href":"https:\/\/bihavadis.com\/index.php\/wp-json\/wp\/v2\/categories?post=24275"},{"taxonomy":"post_tag","embeddable":true,"href":"https:\/\/bihavadis.com\/index.php\/wp-json\/wp\/v2\/tags?post=24275"}],"curies":[{"name":"wp","href":"https:\/\/api.w.org\/{rel}","templated":true}]}}