{"id":24490,"date":"2026-02-09T20:33:05","date_gmt":"2026-02-09T20:33:05","guid":{"rendered":"https:\/\/bihavadis.com\/?p=24490"},"modified":"2026-02-09T20:33:05","modified_gmt":"2026-02-09T20:33:05","slug":"konyaspor-ilhan-palutu-acikladi","status":"publish","type":"post","link":"https:\/\/bihavadis.com\/index.php\/2026\/02\/09\/konyaspor-ilhan-palutu-acikladi\/","title":{"rendered":"Konyaspor, \u0130lhan Palut&#8217;u a\u00e7\u0131klad\u0131"},"content":{"rendered":"<p>Konyaspor&#8217;da al\u0131nan ba\u015far\u0131s\u0131z sonu\u00e7lar sonras\u0131 \u00c7a\u011fda\u015f Atan&#8217;\u0131n g\u00f6revine son verilmi\u015fti.<\/p>\n<p>Konyaspor, \u00c7a\u011fda\u015f Atan&#8217;dan bo\u015falan teknik direkt\u00f6rl\u00fck g\u00f6revine \u0130lhan Palut&#8217;un getirildi\u011fini a\u00e7\u0131klad\u0131.<\/p>\n<p>Konyaspor&#8217;un sosyal medya hesab\u0131ndan yap\u0131lan payla\u015f\u0131mda \u0130lhan Palut i\u00e7in<b><em> &#8216;Kald\u0131\u011f\u0131m\u0131z yerden&#8230;&#8217;<\/em><\/b> notunun d\u00fc\u015f\u00fcld\u00fc\u011f\u00fc bir video payla\u015f\u0131ld\u0131.<\/p>\n<p><strong>69 G\u00dcN SONRA D\u00d6ND\u00dc<\/strong><\/p>\n<p>29 Kas\u0131m 2025&#8217;te \u00c7aykur Rizespor&#8217;daki g\u00f6revinden ayr\u0131lan \u0130lhan Palut, 69 g\u00fcn sonra S\u00fcper Lig&#8217;e geri d\u00f6nd\u00fc.<\/p>\n<p>Ayr\u0131ca Palut, 10 \u015eubat 2021&#8217;den 17 Ocak 2023&#8217;e kadar \u00e7al\u0131\u015ft\u0131rd\u0131\u011f\u0131 Konyaspor&#8217;a da 3 y\u0131l 2 hafta ve toplamda 116 g\u00fcn sonra geri d\u00f6nm\u00fc\u015f oldu.<\/p>\n<p><img decoding=\"async\" src=\"https:\/\/bihavadis.com\/wp-content\/uploads\/2026\/02\/konyaspor-ilhan-palutu-acikladi-0-stRau9W3.jpg\"\/><\/p>\n<p><img decoding=\"async\" src=\"https:\/\/bihavadis.com\/wp-content\/uploads\/2026\/02\/konyaspor-ilhan-palutu-acikladi-1-3aMwg2sC.jpg\"\/><\/p>\n<p><img decoding=\"async\" src=\"https:\/\/bihavadis.com\/wp-content\/uploads\/2026\/02\/konyaspor-ilhan-palutu-acikladi-2-V5sX5ijl.jpg\"\/><\/p>\n","protected":false},"excerpt":{"rendered":"<p>Konyaspor, teknik direkt\u00f6rl\u00fck g\u00f6revine \u0130lhan Palut&#8217;u getirdi. Deneyimli teknik adam, 69 g\u00fcn sonra S\u00fcper Lig&#8217;e geri d\u00f6nd\u00fc.<\/p>\n","protected":false},"author":1,"featured_media":24491,"comment_status":"open","ping_status":"open","sticky":false,"template":"","format":"standard","meta":{"footnotes":""},"categories":[14],"tags":[],"class_list":["post-24490","post","type-post","status-publish","format-standard","has-post-thumbnail","hentry","category-spor"],"_links":{"self":[{"href":"https:\/\/bihavadis.com\/index.php\/wp-json\/wp\/v2\/posts\/24490","targetHints":{"allow":["GET"]}}],"collection":[{"href":"https:\/\/bihavadis.com\/index.php\/wp-json\/wp\/v2\/posts"}],"about":[{"href":"https:\/\/bihavadis.com\/index.php\/wp-json\/wp\/v2\/types\/post"}],"author":[{"embeddable":true,"href":"https:\/\/bihavadis.com\/index.php\/wp-json\/wp\/v2\/users\/1"}],"replies":[{"embeddable":true,"href":"https:\/\/bihavadis.com\/index.php\/wp-json\/wp\/v2\/comments?post=24490"}],"version-history":[{"count":1,"href":"https:\/\/bihavadis.com\/index.php\/wp-json\/wp\/v2\/posts\/24490\/revisions"}],"predecessor-version":[{"id":24495,"href":"https:\/\/bihavadis.com\/index.php\/wp-json\/wp\/v2\/posts\/24490\/revisions\/24495"}],"wp:featuredmedia":[{"embeddable":true,"href":"https:\/\/bihavadis.com\/index.php\/wp-json\/wp\/v2\/media\/24491"}],"wp:attachment":[{"href":"https:\/\/bihavadis.com\/index.php\/wp-json\/wp\/v2\/media?parent=24490"}],"wp:term":[{"taxonomy":"category","embeddable":true,"href":"https:\/\/bihavadis.com\/index.php\/wp-json\/wp\/v2\/categories?post=24490"},{"taxonomy":"post_tag","embeddable":true,"href":"https:\/\/bihavadis.com\/index.php\/wp-json\/wp\/v2\/tags?post=24490"}],"curies":[{"name":"wp","href":"https:\/\/api.w.org\/{rel}","templated":true}]}}