{"id":24538,"date":"2026-02-09T21:06:39","date_gmt":"2026-02-09T21:06:39","guid":{"rendered":"https:\/\/bihavadis.com\/?p=24538"},"modified":"2026-02-09T21:06:39","modified_gmt":"2026-02-09T21:06:39","slug":"yedikleri-gollere-tepkili-cagdas-atandan-takimina-elestiri","status":"publish","type":"post","link":"https:\/\/bihavadis.com\/index.php\/2026\/02\/09\/yedikleri-gollere-tepkili-cagdas-atandan-takimina-elestiri\/","title":{"rendered":"Yedikleri gollere tepkili! \u00c7a\u011fda\u015f Atan&#8217;dan tak\u0131m\u0131na ele\u015ftiri"},"content":{"rendered":"<p> Konyaspor Teknik Direkt\u00f6r\u00fc \u00c7a\u011fda\u015f Atan, S\u00fcper Lig&#8217;in 20. haftas\u0131nda 2-1 kaybedilen Be\u015fikta\u015f ma\u00e7\u0131 sonras\u0131 a\u00e7\u0131klamalarda bulundu.<\/p>\n<p><b>&#8216;\u00c7OK \u0130Y\u0130, CANLI VE ENERJ\u0130K BA\u015eLADILAR&#8217;<\/b><\/p>\n<p>M\u00fccadeleyi de\u011ferlendiren \u00c7a\u011fda\u015f Atan, &#8220;Kaybetti\u011fimiz i\u00e7in \u00fczg\u00fcn\u00fcz. Ma\u00e7tan \u00f6nce de s\u00f6ylemi\u015ftim. Be\u015fikta\u015f&#8217;\u0131n bir 11&#8217;ini tercih etsem, ge\u00e7en haftakini ederdim. Bazen oyun b\u00f6yle. Be\u015fikta\u015f yanl\u0131\u015ftan do\u011fruyu buldu. Ey\u00fcp ma\u00e7\u0131n\u0131n ikinci yar\u0131s\u0131ndaki 11, analizlerini yapt\u0131\u011f\u0131m\u0131z ve bekledi\u011fimiz 11 kar\u015f\u0131m\u0131za geldi. \u00c7ok iyi ve canl\u0131, enerjik ba\u015flad\u0131lar. \u0130yi bask\u0131ya geldiler. Biz bug\u00fcn savunma anlam\u0131nda \u00e7o\u011fu \u015feyi do\u011fru yapt\u0131k. Bask\u0131ya \u00e7\u0131kmaya \u00e7al\u0131\u015ft\u0131\u011f\u0131m\u0131z yerde \u00e7ok fazla enerjik oyuncular\u0131 var. Hareketli oyuncular\u0131 var. 3-1-6&#8217;ya d\u00f6n\u00fcyorlar. Birebir e\u015fle\u015fmek zorla\u015ft\u0131. Bekleme pozisyonunda neredeyse Cengiz&#8217;in kafa vuru\u015fu d\u0131\u015f\u0131nda bir \u015fey vermedik. Att\u0131\u011f\u0131m\u0131z gol birinci s\u0131n\u0131f bir gol oldu. M\u00fckemmel bir gol att\u0131k.&#8217; dedi.<\/p>\n<div>\n<figure><img decoding=\"async\" src=\"https:\/\/bihavadis.com\/wp-content\/uploads\/2026\/02\/yedikleri-gollere-tepkili-cagdas-atandan-takimina-elestiri-0-uCrxwTpS.jpg\"\/><\/figure>\n<\/div>\n<p><b>&#8216;AMAT\u00d6RCE GOL YED\u0130K&#8217;<\/b><\/p>\n<p>Yedikleri gole de\u011finen deneyimli hoca, &#8216;Yedi\u011fimiz goller ise amat\u00f6rce. \u0130ki gol\u00fc de yememeliydik. \u0130lk golde \u00fc\u00e7 oyuncu birbirine girdi. Top rakipte kald\u0131. \u0130kinci golde de, o b\u00f6l\u00fcme kadar g\u00fcvenli duruyorduk. Ma\u00e7 bize gelmi\u015fti. Ceza alan\u0131nda etkiliydik. Ma\u00e7 bize gelirken Orkun \u00e7ok g\u00fczel bir gol oldu. \u00dczg\u00fcn\u00fcz tabii ki. Oyun iyi bana g\u00f6re. Bug\u00fcn yine eksiklerimiz vard\u0131 ama disiplinli, sahada iyi duran, ne oynad\u0131\u011f\u0131 belli olan, organizasyonlar\u0131 deneyen ve gol\u00fc atan bir Konyaspor vard\u0131. Kazanam\u0131yoruz, kazanmam\u0131z laz\u0131m. \u00d6nce kupa ma\u00e7\u0131m\u0131z var. G\u00f6ztepe ma\u00e7\u0131 final gibi bir ma\u00e7. Bu iki ma\u00e7a konsantre olup yola devam etmeliyiz.&#8221; ifadelerini kulland\u0131. <\/p>\n<p><b>&#8216;BASKI OLU\u015eTURUYOR&#8217;<\/b><\/p>\n<p>Ligde dokuz ma\u00e7t\u0131r galibiyete hasret kalmalar\u0131 hakk\u0131nda konu\u015fan 45 ya\u015f\u0131ndaki teknik adam, &#8220;Kazanamama durumu bask\u0131 olu\u015fturuyor. Oyuncular\u0131m\u0131z\u0131n rahat davranmalar\u0131n\u0131 istesek, kaosa girmeden \u00e7al\u0131\u015ft\u0131klar\u0131m\u0131za odakl\u0131 oynamaya y\u00f6neltsek de Kayserispor ma\u00e7\u0131nda yenilen, Ey\u00fcpspor ma\u00e7\u0131nda ilk yar\u0131 3-0, 4-0 olurdu. Oyun iyi mi, iyi. Geli\u015fiyoruz. Skora ta\u015f\u0131mal\u0131y\u0131z. Uzun bir seri oldu, fark\u0131nday\u0131z. O y\u00fczden G\u00f6ztepe ma\u00e7\u0131 \u00e7ok \u00f6nemli.&#8221; s\u00f6zlerini sarf etti.<\/p>\n","protected":false},"excerpt":{"rendered":"<p>Konyaspor Teknik Direkt\u00f6r\u00fc \u00c7a\u011fda\u015f Atan, Be\u015fikta\u015f ma\u00e7\u0131 sonras\u0131 a\u00e7\u0131klamalarda bulundu. Yedikleri gollerin amat\u00f6rce oldu\u011funu belirten Atan, &#8221;Yedi\u011fimiz goller ise amat\u00f6rce. \u0130ki gol\u00fc de yememeliydik. \u0130lk golde \u00fc\u00e7 oyuncu birbirine girdi. Top rakipte kald\u0131. \u0130kinci golde de, o b\u00f6l\u00fcme kadar g\u00fcvenli duruyorduk. Ma\u00e7 bize gelmi\u015fti.&#8221; dedi.<\/p>\n","protected":false},"author":1,"featured_media":24539,"comment_status":"open","ping_status":"open","sticky":false,"template":"","format":"standard","meta":{"footnotes":""},"categories":[14],"tags":[269,364,278],"class_list":["post-24538","post","type-post","status-publish","format-standard","has-post-thumbnail","hentry","category-spor","tag-gol","tag-mac","tag-oyun"],"_links":{"self":[{"href":"https:\/\/bihavadis.com\/index.php\/wp-json\/wp\/v2\/posts\/24538","targetHints":{"allow":["GET"]}}],"collection":[{"href":"https:\/\/bihavadis.com\/index.php\/wp-json\/wp\/v2\/posts"}],"about":[{"href":"https:\/\/bihavadis.com\/index.php\/wp-json\/wp\/v2\/types\/post"}],"author":[{"embeddable":true,"href":"https:\/\/bihavadis.com\/index.php\/wp-json\/wp\/v2\/users\/1"}],"replies":[{"embeddable":true,"href":"https:\/\/bihavadis.com\/index.php\/wp-json\/wp\/v2\/comments?post=24538"}],"version-history":[{"count":1,"href":"https:\/\/bihavadis.com\/index.php\/wp-json\/wp\/v2\/posts\/24538\/revisions"}],"predecessor-version":[{"id":24541,"href":"https:\/\/bihavadis.com\/index.php\/wp-json\/wp\/v2\/posts\/24538\/revisions\/24541"}],"wp:featuredmedia":[{"embeddable":true,"href":"https:\/\/bihavadis.com\/index.php\/wp-json\/wp\/v2\/media\/24539"}],"wp:attachment":[{"href":"https:\/\/bihavadis.com\/index.php\/wp-json\/wp\/v2\/media?parent=24538"}],"wp:term":[{"taxonomy":"category","embeddable":true,"href":"https:\/\/bihavadis.com\/index.php\/wp-json\/wp\/v2\/categories?post=24538"},{"taxonomy":"post_tag","embeddable":true,"href":"https:\/\/bihavadis.com\/index.php\/wp-json\/wp\/v2\/tags?post=24538"}],"curies":[{"name":"wp","href":"https:\/\/api.w.org\/{rel}","templated":true}]}}