{"id":24595,"date":"2026-02-09T21:54:09","date_gmt":"2026-02-09T21:54:09","guid":{"rendered":"https:\/\/bihavadis.com\/?p=24595"},"modified":"2026-02-09T21:54:09","modified_gmt":"2026-02-09T21:54:09","slug":"zengin-gazze-saldirilari-vicdani-travma","status":"publish","type":"post","link":"https:\/\/bihavadis.com\/index.php\/2026\/02\/09\/zengin-gazze-saldirilari-vicdani-travma\/","title":{"rendered":"Zengin: Gazze Sald\u0131r\u0131lar\u0131 Vicdani Travma"},"content":{"rendered":"<p> AK Parti Grup Ba\u015fkanvekili \u00d6zlem Zengin, \u0130srail&#8217;in Gazze&#8217;ye y\u00f6nelik sald\u0131r\u0131lar\u0131 kar\u015f\u0131s\u0131nda d\u00fcnyan\u0131n b\u00fcy\u00fck bir vicdani travma ya\u015fad\u0131\u011f\u0131n\u0131, insanlar\u0131n en b\u00fcy\u00fck g\u00fcc\u00fcn\u00fcn birbirine kenetlenmek oldu\u011funu s\u00f6yledi.<\/p>\n<p>Zengin, Kocaeli Kongre Merkezi&#8217;nde d\u00fczenlenen AK Parti Kocaeli \u0130l Ba\u015fkanl\u0131\u011f\u0131 114. Geni\u015fletilmi\u015f Dan\u0131\u015fma Meclisi Toplant\u0131s\u0131&#8217;nda yapt\u0131\u011f\u0131 konu\u015fmada, uzun zamand\u0131r siyasetin i\u00e7inde oldu\u011funu, siyasette hakikatin kimsenin umrunda olmad\u0131\u011f\u0131n\u0131, herkesin \u015fov siyaseti yapt\u0131\u011f\u0131n\u0131 belirtti.<\/p>\n<p>CHP Malatya Milletvekili Veli A\u011fbaba&#8217;n\u0131n 23 Ocak&#8217;ta ger\u00e7ekle\u015ftirilen TBMM Genel Kurulunda, k\u00fcrs\u00fcye kartondan yap\u0131lan tabut ve mezar ta\u015f\u0131 ile \u00e7\u0131kmak istedi\u011fini hat\u0131rlatan Zengin, &#8220;Yani ak\u0131l mant\u0131k al\u0131yor mu? \u0130nsan tabutla k\u00fcrs\u00fcye \u00e7\u0131kmak ister mi? Hepiniz cenaze namazlar\u0131na gidiyorsunuz. Bir tabut koltu\u011fun alt\u0131na al\u0131n\u0131r m\u0131? Her \u015feyin bir yapma usul\u00fc var. Bir adab\u0131 var.&#8221; ifadelerini kulland\u0131.<\/p>\n<p>D\u00fcnyan\u0131n i\u00e7inde bulundu\u011fu zaman\u0131n h\u0131zl\u0131 bir d\u00f6n\u00fc\u015f\u00fcm zaman\u0131 oldu\u011funu ve bilinen dengelerin yok oldu\u011funu dile getiren Zengin, Birle\u015fmi\u015f Milletler (BM), NATO gibi kurumlar\u0131n i\u015flevsizli\u011finin d\u00fcnyan\u0131n g\u00f6z\u00fc \u00f6n\u00fcnde 70 bin insan\u0131n \u00f6ld\u00fcr\u00fclmesine sessiz kalmalar\u0131yla g\u00f6r\u00fcld\u00fc\u011f\u00fcn\u00fc kaydetti.<\/p>\n<p>Zengin, \u015f\u00f6yle konu\u015ftu: <\/p>\n<p>&#8220;B\u00f6ylesi bir travma kar\u015f\u0131s\u0131nda insanlar, bizler yapayaln\u0131z bir d\u00fcnyada ya\u015f\u0131yoruz. Bu yapayaln\u0131zl\u0131k i\u00e7erisinde bir tane g\u00fc\u00e7 var, birbirimize olan kenetlenmemiz. ve bu kenetlenme ile beraber bir taraftan d\u00fcnyaya itiraz etmek, Cumhurba\u015fkan\u0131m\u0131z b\u00f6yle yap\u0131yor. D\u00fcnyan\u0131n sistemine itiraz ediyor. B\u00fct\u00fcn bu kurumlar\u0131n ne kadar i\u015flevsiz oldu\u011funu liderlere de\u011fil asl\u0131nda d\u00fcnya insan\u0131na sesleniyor. Bence \u015fu anda en b\u00fcy\u00fck g\u00fc\u00e7 sivil insanlar\u0131n g\u00fcc\u00fc. \u00c7\u00fcnk\u00fc sivil insanlar\u0131n bir korkusu yok. Bir hesab\u0131, kitab\u0131 da yok. Sivil insanlar bak\u0131yorlar do\u011fruya do\u011fru, e\u011friye e\u011fri, yanl\u0131\u015fa yanl\u0131\u015f. Hakikat neyse onu s\u00f6yl\u00fcyorlar.&#8221;<\/p>\n<p>\u015eu anda d\u00fcnyadaki insanlar\u0131n sakinlik, huzur ve s\u00fckunet istedi\u011fine de\u011finen Zengin, &#8220;\u0130nsanlar evinde yeme\u011fini yerken televizyonda, Filistin&#8217;de, Gazze&#8217;de insan \u00f6ld\u00fcr\u00fcld\u00fc\u011f\u00fcn\u00fc g\u00f6rmek istemiyor ve vicdanen bundan rahats\u0131zl\u0131k duyuyor. Kendi \u00fclkesinde sesini y\u00fckseltiyor.&#8221; dedi.<\/p>\n<p>Zengin, insanlar\u0131n arad\u0131\u011f\u0131 g\u00fcven ortam\u0131 ve s\u00fckunetin sembol\u00fcn\u00fcn lider olarak Recep Tayyip Erdo\u011fan, parti olarak ise AK Parti oldu\u011funu, T\u00fcrkiye&#8217;nin Erdo\u011fan&#8217;a ge\u00e7mi\u015f 20 y\u0131ldan daha fazla ihtiyac\u0131 oldu\u011funu kaydetti.<\/p>\n<p>T\u00fcrkiye&#8217;nin n\u00fcfusunun ve toplumsal ihtiya\u00e7lar\u0131n y\u0131llar i\u00e7inde de\u011fi\u015fti\u011fini, taleplerin artt\u0131\u011f\u0131n\u0131 ve \u00e7e\u015fitlendi\u011fini, bu d\u00f6n\u00fc\u015f\u00fcme paralel olarak siyasetin de kendini yenilemesi gerekti\u011fini ifade eden Zengin, muhalefet partilerinin hayat\u0131n i\u00e7inden problemleri g\u00fcndemlerine almad\u0131klar\u0131n\u0131 s\u00f6yledi.<\/p>\n<p>Zengin, \u015f\u00f6yle devam etti: <\/p>\n<p>&#8220;Onlar\u0131n bir sorumlulu\u011fu yok. Bug\u00fcn yapt\u0131\u011f\u0131 \u015feyin yar\u0131n bug\u00fcn \u00fclkemize nas\u0131l bir maliyet getirdi\u011fini hesaplamakla m\u00fckellef hissetmiyor kendini. Bir t\u00fcr \u015fov. Ama hakikat dedi\u011finiz zaman bug\u00fcn elinizdeki ne varsa bunu de\u011ferlendirmek, bug\u00fcn\u00fc yaparken, in\u015fa ederken ayn\u0131 zamanda yar\u0131n bunun maliyetinin ne olaca\u011f\u0131n\u0131 hesaplamak, i\u015fte bunlar y\u00f6netimi iradesiyle muktedir olmakla alakal\u0131 bir \u015fey. O sorumlulu\u011fu \u00fczerinizde hissetmekle alakal\u0131 bir \u015fey.&#8221;<\/p>\n<p>Toplant\u0131ya, B\u00fcy\u00fck\u015fehir Belediye Ba\u015fkan\u0131 Tahir B\u00fcy\u00fckak\u0131n, AK Parti Kocaeli milletvekilleri Sadettin H\u00fclag\u00fc, Mehmet Akif Y\u0131lmaz, Radiye Sezer Kat\u0131rc\u0131o\u011flu, Veysal Tipio\u011flu ve Cemil Yaman, AK Parti \u0130l Ba\u015fkan\u0131 \u015eahin Talus, AK Parti \u0130l Kad\u0131n Kollar\u0131 Ba\u015fkan\u0131 Yasemin \u00d6zdemir ve AK Parti \u0130l Gen\u00e7lik Kollar\u0131 Ba\u015fkan\u0131 Do\u011fan Orak, il\u00e7e belediye ba\u015fkanlar\u0131, parti y\u00f6neticileri ve partililer kat\u0131ld\u0131.<\/p>\n<p>Zengin ve protokol \u00fcyeleri, muhalefet partilerinden AK Parti&#8217;ye ge\u00e7en yeni \u00fcyelere rozet takt\u0131.<\/p>\n","protected":false},"excerpt":{"rendered":"<p>AK Parti Grup Ba\u015fkanvekili \u00d6zlem Zengin, \u0130srail&#8217;in Gazze&#8217;ye y\u00f6nelik sald\u0131r\u0131lar\u0131 kar\u015f\u0131s\u0131nda d\u00fcnyan\u0131n b\u00fcy\u00fck bir vicdani travma ya\u015fad\u0131\u011f\u0131n\u0131, insanlar\u0131n en b\u00fcy\u00fck g\u00fcc\u00fcn\u00fcn birbirine kenetlenmek oldu\u011funu s\u00f6yledi.<\/p>\n","protected":false},"author":1,"featured_media":24596,"comment_status":"open","ping_status":"open","sticky":false,"template":"","format":"standard","meta":{"footnotes":""},"categories":[12],"tags":[1389,437,706,367,1694],"class_list":["post-24595","post","type-post","status-publish","format-standard","has-post-thumbnail","hentry","category-siyaset","tag-ak-parti","tag-dunya","tag-insan","tag-zaman","tag-zengin"],"_links":{"self":[{"href":"https:\/\/bihavadis.com\/index.php\/wp-json\/wp\/v2\/posts\/24595","targetHints":{"allow":["GET"]}}],"collection":[{"href":"https:\/\/bihavadis.com\/index.php\/wp-json\/wp\/v2\/posts"}],"about":[{"href":"https:\/\/bihavadis.com\/index.php\/wp-json\/wp\/v2\/types\/post"}],"author":[{"embeddable":true,"href":"https:\/\/bihavadis.com\/index.php\/wp-json\/wp\/v2\/users\/1"}],"replies":[{"embeddable":true,"href":"https:\/\/bihavadis.com\/index.php\/wp-json\/wp\/v2\/comments?post=24595"}],"version-history":[{"count":1,"href":"https:\/\/bihavadis.com\/index.php\/wp-json\/wp\/v2\/posts\/24595\/revisions"}],"predecessor-version":[{"id":24597,"href":"https:\/\/bihavadis.com\/index.php\/wp-json\/wp\/v2\/posts\/24595\/revisions\/24597"}],"wp:featuredmedia":[{"embeddable":true,"href":"https:\/\/bihavadis.com\/index.php\/wp-json\/wp\/v2\/media\/24596"}],"wp:attachment":[{"href":"https:\/\/bihavadis.com\/index.php\/wp-json\/wp\/v2\/media?parent=24595"}],"wp:term":[{"taxonomy":"category","embeddable":true,"href":"https:\/\/bihavadis.com\/index.php\/wp-json\/wp\/v2\/categories?post=24595"},{"taxonomy":"post_tag","embeddable":true,"href":"https:\/\/bihavadis.com\/index.php\/wp-json\/wp\/v2\/tags?post=24595"}],"curies":[{"name":"wp","href":"https:\/\/api.w.org\/{rel}","templated":true}]}}