{"id":24651,"date":"2026-02-09T22:30:06","date_gmt":"2026-02-09T22:30:06","guid":{"rendered":"https:\/\/bihavadis.com\/?p=24651"},"modified":"2026-02-09T22:30:06","modified_gmt":"2026-02-09T22:30:06","slug":"karsiyakali-anaokulu-ogrencileri-uzay-kampinda","status":"publish","type":"post","link":"https:\/\/bihavadis.com\/index.php\/2026\/02\/09\/karsiyakali-anaokulu-ogrencileri-uzay-kampinda\/","title":{"rendered":"Kar\u015f\u0131yakal\u0131 anaokulu \u00f6\u011frencileri Uzay Kamp\u0131&#8217;nda"},"content":{"rendered":"<p><b>Kar\u015f\u0131yaka Belediyesi anaokullar\u0131nda e\u011fitim g\u00f6ren 6 ya\u015f grubu \u00f6\u011frenciler, Gaziemir\u2019de bulunan T\u00fcrkiye Uzay Kamp\u0131\u2019n\u0131 ziyaret etti. Okul \u00f6ncesi \u00e7ocuklara \u00f6zel haz\u0131rlanan program kapsam\u0131nda bilimsel etkinliklerle dolu bir g\u00fcn ge\u00e7iren \u00f6\u011frenciler e\u011flenerek \u00f6\u011frenmenin keyfini ya\u015fad\u0131. Belediye Ba\u015fkan\u0131 Y\u0131ld\u0131z \u00dcnsal, \u201c\u00c7ocuklar\u0131m\u0131z\u0131 bilime ilgi duyan, d\u00fc\u015f\u00fcnen ve \u00fcreten bireyler olarak gelece\u011fe haz\u0131rlamak i\u00e7in \u00e7al\u0131\u015fmalar\u0131m\u0131z\u0131 s\u00fcrd\u00fcrece\u011fiz\u201d dedi.<\/b><\/p>\n<p>Gelecek nesillerin bilime merakl\u0131, sorgulayan ve ke\u015ffetmeye a\u00e7\u0131k bireyler olarak yeti\u015fmesine katk\u0131da bulunmak i\u00e7in \u00e7al\u0131\u015fmalar\u0131n\u0131 s\u00fcrd\u00fcren Kar\u015f\u0131yaka Belediyesi, anaokulu \u00f6\u011frencilerini T\u00fcrkiye Uzay Kamp\u0131\u2019nda bilim ve uzayla bulu\u015fturdu. Kar\u015f\u0131yaka Belediyesi\u2019ne ba\u011fl\u0131 anaokullar\u0131nda e\u011fitim g\u00f6ren 6 ya\u015f grubu \u00f6\u011frencileri, Gaziemir\u2019de bulunan T\u00fcrkiye Uzay Kamp\u0131\u2019n\u0131 ziyaret ederek e\u011flenceli e\u011fitim programlar\u0131na kat\u0131ld\u0131.<\/p>\n<p><b>HEM E\u011eLEND\u0130LER HEM KE\u015eFETT\u0130LER<\/b><\/p>\n<p>\u00c7ocuklar\u0131n merak duygular\u0131n\u0131 art\u0131rmak, bilim konusunda fark\u0131ndal\u0131k kazanmalar\u0131n\u0131 sa\u011flamak amac\u0131yla d\u00fczenlenen gezi boyunca \u00f6\u011frenciler; G\u00fcne\u015f Sistemi\u2019ndeki gezegenleri tan\u0131d\u0131, Ay ve D\u00fcnya aras\u0131ndaki \u00e7ekim kuvveti farklar\u0131n\u0131 \u00f6\u011frendi. Uzayda sporun neden ve nas\u0131l yap\u0131ld\u0131\u011f\u0131na dair bilgiler edinen \u00e7ocuklar, k\u0131z\u0131l gezegen Mars hakk\u0131nda merak edilenleri ke\u015ffetti. Ayr\u0131ca uzayda bitki yeti\u015ftirmeye y\u00f6nelik hidroponik uygulamalar, etki-tepki yasas\u0131n\u0131 anlatan ilgi \u00e7ekici bilimsel deney g\u00f6sterileriyle dolu dolu bir g\u00fcn ge\u00e7irdi.<\/p>\n<p><b>\u201cGELECE\u011e\u0130N B\u0130L\u0130M \u0130NSANLARINI DESTEKL\u0130YORUZ\u201d<\/b><\/p>\n<p>Kar\u015f\u0131yaka Belediye Ba\u015fkan\u0131 Y\u0131ld\u0131z \u00dcnsal, \u201cMerak eden, sorgulayan ve \u00f6\u011frenmekten keyif alan bireyler yeti\u015ftirmenin yolu, onlara k\u00fc\u00e7\u00fck ya\u015fta ilham vermekten ge\u00e7iyor. Anaokullar\u0131m\u0131zda verdi\u011fimiz e\u011fitimi, bu t\u00fcr nitelikli deneyimlerle zenginle\u015ftirerek \u00e7ocuklar\u0131m\u0131z\u0131n ufkunun geni\u015flemesine katk\u0131 sa\u011fl\u0131yoruz. Gelece\u011fin bilim insanlar\u0131n\u0131, m\u00fchendislerini ve ara\u015ft\u0131rmac\u0131lar\u0131n\u0131 bug\u00fcnden desteklemek en b\u00fcy\u00fck sorumlulu\u011fumuzdur. E\u011fitimde f\u0131rsat e\u015fitli\u011fini g\u00fc\u00e7lendiren, \u00e7ocuklar\u0131m\u0131z\u0131n hayal d\u00fcnyas\u0131n\u0131 besleyen \u00e7al\u0131\u015fmalar\u0131m\u0131z\u0131 kararl\u0131l\u0131kla s\u00fcrd\u00fcrece\u011fiz\u201d diye konu\u015ftu.<\/p>\n<p>\u00a0<\/p>\n<p>Kaynak: (BYZHA) Beyaz Haber Ajans\u0131<\/p>\n","protected":false},"excerpt":{"rendered":"<p>Kar\u015f\u0131yaka Belediyesi anaokullar\u0131nda e\u011fitim g\u00f6ren 6 ya\u015f grubu \u00f6\u011frenciler, Gaziemir\u2019de bulunan T\u00fcrkiye Uzay Kamp\u0131\u2019n\u0131 ziyaret etti.<\/p>\n","protected":false},"author":1,"featured_media":24652,"comment_status":"open","ping_status":"open","sticky":false,"template":"","format":"standard","meta":{"footnotes":""},"categories":[7],"tags":[372,42,233,1002,3058],"class_list":["post-24651","post","type-post","status-publish","format-standard","has-post-thumbnail","hentry","category-egitim","tag-belediye","tag-bilim","tag-egitim","tag-ogrenciler","tag-uzay"],"_links":{"self":[{"href":"https:\/\/bihavadis.com\/index.php\/wp-json\/wp\/v2\/posts\/24651","targetHints":{"allow":["GET"]}}],"collection":[{"href":"https:\/\/bihavadis.com\/index.php\/wp-json\/wp\/v2\/posts"}],"about":[{"href":"https:\/\/bihavadis.com\/index.php\/wp-json\/wp\/v2\/types\/post"}],"author":[{"embeddable":true,"href":"https:\/\/bihavadis.com\/index.php\/wp-json\/wp\/v2\/users\/1"}],"replies":[{"embeddable":true,"href":"https:\/\/bihavadis.com\/index.php\/wp-json\/wp\/v2\/comments?post=24651"}],"version-history":[{"count":1,"href":"https:\/\/bihavadis.com\/index.php\/wp-json\/wp\/v2\/posts\/24651\/revisions"}],"predecessor-version":[{"id":24653,"href":"https:\/\/bihavadis.com\/index.php\/wp-json\/wp\/v2\/posts\/24651\/revisions\/24653"}],"wp:featuredmedia":[{"embeddable":true,"href":"https:\/\/bihavadis.com\/index.php\/wp-json\/wp\/v2\/media\/24652"}],"wp:attachment":[{"href":"https:\/\/bihavadis.com\/index.php\/wp-json\/wp\/v2\/media?parent=24651"}],"wp:term":[{"taxonomy":"category","embeddable":true,"href":"https:\/\/bihavadis.com\/index.php\/wp-json\/wp\/v2\/categories?post=24651"},{"taxonomy":"post_tag","embeddable":true,"href":"https:\/\/bihavadis.com\/index.php\/wp-json\/wp\/v2\/tags?post=24651"}],"curies":[{"name":"wp","href":"https:\/\/api.w.org\/{rel}","templated":true}]}}