{"id":24711,"date":"2026-02-09T23:24:06","date_gmt":"2026-02-09T23:24:06","guid":{"rendered":"https:\/\/bihavadis.com\/?p=24711"},"modified":"2026-02-09T23:24:06","modified_gmt":"2026-02-09T23:24:06","slug":"turk-savunma-sanayii-deprem-bolgesine-yatirim-yapti","status":"publish","type":"post","link":"https:\/\/bihavadis.com\/index.php\/2026\/02\/09\/turk-savunma-sanayii-deprem-bolgesine-yatirim-yapti\/","title":{"rendered":"T\u00fcrk savunma sanayii, deprem b\u00f6lgesine yat\u0131r\u0131m yapt\u0131"},"content":{"rendered":"<p>Cumhurba\u015fkanl\u0131\u011f\u0131 Savunma Sanayii Ba\u015fkan\u0131 Haluk G\u00f6rg\u00fcn, 6 \u015eubat 2023 deprem felaketi sonras\u0131 T\u00fcrk savunma sanayiinin yat\u0131r\u0131mlar\u0131yla b\u00f6lgenin ekonomik ve teknolojik kalk\u0131nmas\u0131na katk\u0131 sa\u011flad\u0131\u011f\u0131n\u0131 belirtti.<\/p>\n<p>G\u00f6rg\u00fcn, devletin deprem sonras\u0131 y\u00fcr\u00fctt\u00fc\u011f\u00fc d\u00fcnya \u00e7ap\u0131nda \u00f6rnek in\u015fa s\u00fcrecinin bir par\u00e7as\u0131 olarak, T\u00fcrk savunma sanayiinin de b\u00f6lgenin ekonomik ve teknolojik kalk\u0131nmas\u0131na katk\u0131 sa\u011flayan yat\u0131r\u0131mlarla bu b\u00fcy\u00fck y\u00fcr\u00fcy\u00fc\u015fe omuz verdi\u011fini aktard\u0131.<\/p>\n<p>G\u00f6rg\u00fcn, il il yat\u0131r\u0131mlar\u0131 \u015f\u00f6yle s\u0131raland\u0131rd\u0131:<\/p>\n<p>Bunu sa\u011flam bir irade ve g\u00fc\u00e7l\u00fc bir birliktelikle hep birlikte ba\u015fard\u0131k. Savunma sanayi yat\u0131r\u0131mlar\u0131m\u0131z, Ad\u0131yaman&#8217;da ASELSAN, TUSA\u015e, ROKETSAN ve HAVELSAN \u00f6nc\u00fcl\u00fc\u011f\u00fcnde kablo \u00fcretim tesisi, Kahramanmara\u015f&#8217;ta TUSA\u015e Havac\u0131l\u0131k Yap\u0131sallar\u0131 \u00dcretim Tesisi, Kahramanmara\u015f&#8217;ta Havac\u0131l\u0131k Yap\u0131sallar\u0131 Meslek Y\u00fcksekokulu, Hatay K\u0131r\u0131khan&#8217;da ROKETSAN&#8217;\u0131n stratejik \u00fcretim tesisi, Malatya&#8217;da ASELSAN Bak\u0131m, Onar\u0131m ve Elektronik Kart \u00dcretim Tesisi, Gaziantep&#8217;te ASELSAN ve sanayicilerle ortak teknoloji yat\u0131r\u0131m\u0131, savunma sanayii odakl\u0131 yeni istihdam ve nitelikli insan kayna\u011f\u0131 projeleri.<\/p>\n<p><img decoding=\"async\" src=\"https:\/\/bihavadis.com\/wp-content\/uploads\/2026\/02\/turk-savunma-sanayii-deprem-bolgesine-yatirim-yapti-0-Fn88LLAY.jpg\"\/><\/p>\n<p><strong>&#8220;GEN\u00c7LERE \u0130\u015e, A\u015e VE GELECEK&#8221;<\/strong><\/p>\n<p>G\u00f6rg\u00fcn, bu yat\u0131r\u0131mlar\u0131n sadece \u00fcretim de\u011fil, gen\u00e7ler i\u00e7in i\u015f, a\u015f ve gelecek anlam\u0131na geldi\u011fini belirterek, <b><em>&#8220;Savunma sanayii, T\u00fcrkiye&#8217;nin ekonomik dirili\u015finin ve b\u00f6lgesel dayan\u0131\u015fmas\u0131n\u0131n da g\u00fc\u00e7l\u00fc bir akt\u00f6r\u00fcd\u00fcr. Bu b\u00fcy\u00fck y\u00fcr\u00fcy\u00fc\u015fte Cumhurba\u015fkan\u0131m\u0131z Recep Tayyip Erdo\u011fan&#8217;\u0131n vizyoner liderli\u011fine, t\u00fcm kurumlar\u0131m\u0131za, m\u00fchendislerimize, i\u015f\u00e7ilerimize ve bu milli seferberli\u011fe emek veren herkese y\u00fcrekten te\u015fekk\u00fcr ediyorum.&#8221;<\/em><\/b> ifadelerini kulland\u0131.<\/p>\n","protected":false},"excerpt":{"rendered":"<p>6 \u015eubat 2023&#8217;te ya\u015fanan deprem felaketi sonras\u0131 T\u00fcrk savunma sanayii, ekonomik ve teknolojik kalk\u0131nmaya destek olmak amac\u0131yla \u00f6nemli yat\u0131r\u0131mlar ger\u00e7ekle\u015ftirdi.<\/p>\n","protected":false},"author":1,"featured_media":24712,"comment_status":"open","ping_status":"open","sticky":false,"template":"","format":"standard","meta":{"footnotes":""},"categories":[8],"tags":[2452,375],"class_list":["post-24711","post","type-post","status-publish","format-standard","has-post-thumbnail","hentry","category-ekonomi","tag-savunma-sanayii","tag-uretim"],"_links":{"self":[{"href":"https:\/\/bihavadis.com\/index.php\/wp-json\/wp\/v2\/posts\/24711","targetHints":{"allow":["GET"]}}],"collection":[{"href":"https:\/\/bihavadis.com\/index.php\/wp-json\/wp\/v2\/posts"}],"about":[{"href":"https:\/\/bihavadis.com\/index.php\/wp-json\/wp\/v2\/types\/post"}],"author":[{"embeddable":true,"href":"https:\/\/bihavadis.com\/index.php\/wp-json\/wp\/v2\/users\/1"}],"replies":[{"embeddable":true,"href":"https:\/\/bihavadis.com\/index.php\/wp-json\/wp\/v2\/comments?post=24711"}],"version-history":[{"count":1,"href":"https:\/\/bihavadis.com\/index.php\/wp-json\/wp\/v2\/posts\/24711\/revisions"}],"predecessor-version":[{"id":24714,"href":"https:\/\/bihavadis.com\/index.php\/wp-json\/wp\/v2\/posts\/24711\/revisions\/24714"}],"wp:featuredmedia":[{"embeddable":true,"href":"https:\/\/bihavadis.com\/index.php\/wp-json\/wp\/v2\/media\/24712"}],"wp:attachment":[{"href":"https:\/\/bihavadis.com\/index.php\/wp-json\/wp\/v2\/media?parent=24711"}],"wp:term":[{"taxonomy":"category","embeddable":true,"href":"https:\/\/bihavadis.com\/index.php\/wp-json\/wp\/v2\/categories?post=24711"},{"taxonomy":"post_tag","embeddable":true,"href":"https:\/\/bihavadis.com\/index.php\/wp-json\/wp\/v2\/tags?post=24711"}],"curies":[{"name":"wp","href":"https:\/\/api.w.org\/{rel}","templated":true}]}}