{"id":24764,"date":"2026-02-10T00:12:38","date_gmt":"2026-02-10T00:12:38","guid":{"rendered":"https:\/\/bihavadis.com\/?p=24764"},"modified":"2026-02-10T00:12:38","modified_gmt":"2026-02-10T00:12:38","slug":"adanada-tekel-bayisinde-bicakli-kavga-1-olu-1-yarali","status":"publish","type":"post","link":"https:\/\/bihavadis.com\/index.php\/2026\/02\/10\/adanada-tekel-bayisinde-bicakli-kavga-1-olu-1-yarali\/","title":{"rendered":"Adana&#8217;da Tekel Bayisinde B\u0131\u00e7akl\u0131 Kavga: 1 \u00d6l\u00fc, 1 Yaral\u0131"},"content":{"rendered":"<p>\n<p>ADANA&#8217;n\u0131n Kozan il\u00e7esinde tekel bayide \u00e7\u0131kan kavgada iki \u015f\u00fcpheli, Mustafa \u00c7omak&#8217; b\u0131\u00e7aklayarak \u00f6ld\u00fcr\u00fcrken, i\u015f yeri sahibi M.\u00d6.&#8217;y\u00fc ise a\u011f\u0131r yaralad\u0131.<\/p>\n<p>Olay, ak\u015fam saatlerinde il\u00e7eye ba\u011fl\u0131 Varsaklar Mahallesi \u00d6rt\u00fcl\u00fc Sokak&#8217;ta meydana geldi. \u015e.K. ve F.Y., girdikleri tekel bayide i\u015f yeri sahibi M.\u00d6. ile Mustafa \u00c7omak ile hen\u00fcz bilinmeyen nedenle tart\u0131\u015fmaya ba\u015flad\u0131. Tart\u0131\u015fman\u0131n b\u00fcy\u00fcmesi \u00fczerine \u015e.K. ve F.Y., iddiaya g\u00f6re b\u0131\u00e7akla \u00c7omak ve M.\u00d6.&#8217;ye sald\u0131rd\u0131. \u00c7\u0131kan arbedede \u00c7omak ve M.\u00d6., b\u0131\u00e7aklanarak kanlar i\u00e7inde yere y\u0131\u011f\u0131ld\u0131. Kavga s\u0131ras\u0131nda yaraland\u0131klar\u0131 \u00f6ne s\u00fcr\u00fclen iki \u015f\u00fcpheli, olay\u0131n ard\u0131ndan ka\u00e7t\u0131. \u00c7evredekilerin ihbar\u0131 \u00fczerine olay yerine sa\u011fl\u0131k ve polis ekipleri sevk edildi. Sa\u011fl\u0131k ekibinin yapt\u0131\u011f\u0131 kontrolde, \u00c7omak&#8217;\u0131n \u00f6ld\u00fc\u011f\u00fc belirlendi. A\u011f\u0131r yaralanan i\u015f yeri sahibi M.\u00d6., ise ambulans ile hastaneye kald\u0131r\u0131ld\u0131. Tedaviye al\u0131nan yaral\u0131n\u0131n hayati tehlikesinin bulundu\u011fu \u00f6\u011frenildi. \u00c7omak&#8217;\u0131n cans\u0131z bedeni ise olay yerindeki incelemenin ard\u0131ndan Adana Adli T\u0131p Kurumu&#8217;nun morguna kald\u0131r\u0131ld\u0131.<\/p>\n<p>Yaral\u0131 halde ka\u00e7t\u0131klar\u0131 ileri s\u00fcr\u00fclen iki \u015f\u00fcpheliyi yakalamak i\u00e7in harekete ge\u00e7en polis, olayla ilgili soru\u015fturmaya devam ediyor. <\/p>\n","protected":false},"excerpt":{"rendered":"<p>Kozan&#8217;da tekel bayisinde \u00e7\u0131kan kavgada Mustafa \u00c7omak b\u0131\u00e7aklanarak \u00f6ld\u00fcr\u00fcld\u00fc, M.\u00d6. a\u011f\u0131r yaraland\u0131.<\/p>\n","protected":false},"author":1,"featured_media":24765,"comment_status":"open","ping_status":"open","sticky":false,"template":"","format":"standard","meta":{"footnotes":""},"categories":[9,4,13],"tags":[4167,4168,256,4103],"class_list":["post-24764","post","type-post","status-publish","format-standard","has-post-thumbnail","hentry","category-genel","category-gundem","category-son-dakika","tag-comak","tag-m-o","tag-olay","tag-yeri"],"_links":{"self":[{"href":"https:\/\/bihavadis.com\/index.php\/wp-json\/wp\/v2\/posts\/24764","targetHints":{"allow":["GET"]}}],"collection":[{"href":"https:\/\/bihavadis.com\/index.php\/wp-json\/wp\/v2\/posts"}],"about":[{"href":"https:\/\/bihavadis.com\/index.php\/wp-json\/wp\/v2\/types\/post"}],"author":[{"embeddable":true,"href":"https:\/\/bihavadis.com\/index.php\/wp-json\/wp\/v2\/users\/1"}],"replies":[{"embeddable":true,"href":"https:\/\/bihavadis.com\/index.php\/wp-json\/wp\/v2\/comments?post=24764"}],"version-history":[{"count":1,"href":"https:\/\/bihavadis.com\/index.php\/wp-json\/wp\/v2\/posts\/24764\/revisions"}],"predecessor-version":[{"id":24766,"href":"https:\/\/bihavadis.com\/index.php\/wp-json\/wp\/v2\/posts\/24764\/revisions\/24766"}],"wp:featuredmedia":[{"embeddable":true,"href":"https:\/\/bihavadis.com\/index.php\/wp-json\/wp\/v2\/media\/24765"}],"wp:attachment":[{"href":"https:\/\/bihavadis.com\/index.php\/wp-json\/wp\/v2\/media?parent=24764"}],"wp:term":[{"taxonomy":"category","embeddable":true,"href":"https:\/\/bihavadis.com\/index.php\/wp-json\/wp\/v2\/categories?post=24764"},{"taxonomy":"post_tag","embeddable":true,"href":"https:\/\/bihavadis.com\/index.php\/wp-json\/wp\/v2\/tags?post=24764"}],"curies":[{"name":"wp","href":"https:\/\/api.w.org\/{rel}","templated":true}]}}