{"id":24778,"date":"2026-02-10T00:27:05","date_gmt":"2026-02-10T00:27:05","guid":{"rendered":"https:\/\/bihavadis.com\/?p=24778"},"modified":"2026-02-10T00:27:05","modified_gmt":"2026-02-10T00:27:05","slug":"buyuksehirli-sporcular-uluslararasi-arenadaki-basarilariyla-goz-dolduruyor","status":"publish","type":"post","link":"https:\/\/bihavadis.com\/index.php\/2026\/02\/10\/buyuksehirli-sporcular-uluslararasi-arenadaki-basarilariyla-goz-dolduruyor\/","title":{"rendered":"B\u00fcy\u00fck\u015fehirli Sporcular Uluslararas\u0131 Arenadaki Ba\u015far\u0131lar\u0131yla G\u00f6z Dolduruyor"},"content":{"rendered":"<p><strong>Konya B\u00fcy\u00fck\u015fehir Belediyespor Bisiklet Tak\u0131m\u0131 sporcular\u0131ndan Mustafa Tarak\u00e7\u0131, Avrupa\u2019dan bir\u00e7ok profesyonel tak\u0131m\u0131n yer ald\u0131\u011f\u0131 UCI Grand Prix Antalya\u2019da hem Genel Klasmanda hem de U23 kategorisinde ayr\u0131 ayr\u0131 alt\u0131n madalya kazand\u0131. Konya B\u00fcy\u00fck\u015fehirli g\u00fcre\u015f\u00e7i \u00d6mer Halis Recep de H\u0131rvatistan\u2019da d\u00fczenlenen Zagreb Open Ranking Series\u2019te bronz madalya kazanarak T\u00fcrk g\u00fcre\u015fine bir gurur daha ekledi.<\/strong><\/p>\n<hr\/>\n<p>Konya B\u00fcy\u00fck\u015fehir Belediyesporlu sporcular, uluslararas\u0131 arenada madalyalar kazanarak ba\u015far\u0131dan ba\u015far\u0131ya ko\u015fuyor.<\/p>\n<p>MUSTAFA TARAK\u00c7I\u2019DAN \u00c7\u0130FTE MADALYA<\/p>\n<p>2026 k\u0131\u015f yar\u0131\u015f sezonunun a\u00e7\u0131l\u0131\u015f\u0131 niteli\u011findeki UCI Grand Prix Antalya, b\u00fcy\u00fck bir heyecana sahne oldu. 10 \u00fclkeden 70 sporcunun kat\u0131l\u0131m\u0131yla ger\u00e7ekle\u015fen organizasyonda Konya B\u00fcy\u00fck\u015fehir Belediyesporlu Mustafa Tarak\u00e7\u0131, performans\u0131yla yar\u0131\u015flara damga vurdu.<\/p>\n<p>1\u20135 \u015eubat tarihleri aras\u0131nda Konya\u2019n\u0131n ev sahipli\u011finde d\u00fczenlenen 2026 UEC Avrupa Pist Bisikleti \u015eampiyonas\u0131\u2019nda da \u00fclkemizi ba\u015far\u0131yla temsil eden Tarak\u00e7\u0131, Antalya\u2019daki yar\u0131\u015flarda \u00e7ifte ba\u015far\u0131 elde etti. Yar\u0131\u015flar\u0131n en gen\u00e7 sporcusu olan milli bisiklet\u00e7i, Genel Klasman ve U23 kategorisinde alt\u0131n madalya kazanarak b\u00fcy\u00fck bir gurur ya\u015fatt\u0131.<\/p>\n<p>Avrupa\u2019dan bir\u00e7ok profesyonel tak\u0131m\u0131n yer ald\u0131\u011f\u0131 yar\u0131\u015flarda zirveye \u00e7\u0131kan B\u00fcy\u00fck\u015fehirli sporcumuz, alk\u0131\u015flar\u0131 toplad\u0131.<\/p>\n<p>M\u0130LL\u0130 GURUR BU KEZ ZAGREB\u2019DE Y\u00dcKSELD\u0130: \u00d6MER HAL\u0130S\u2019TEN BRONZ<\/p>\n<p>T\u00fcrk sporunun gelece\u011fine yapt\u0131\u011f\u0131 yat\u0131r\u0131mlarla dikkat \u00e7eken Konya B\u00fcy\u00fck\u015fehir Belediyespor Kul\u00fcb\u00fc, g\u00fcre\u015fte bir uluslararas\u0131 ba\u015far\u0131ya daha imza att\u0131.\u00a0<\/p>\n<p>B\u00fcy\u00fck\u015fehir Belediyespor\u2019un milli g\u00fcre\u015f\u00e7i \u00d6mer Halis Recep, H\u0131rvatistan\u2019\u0131n ba\u015fkenti Zagreb\u2019de 4-8 \u015eubat tarihleri aras\u0131nda d\u00fczenlenen Zagreb Open Ranking Series G\u00fcre\u015f Turnuvas\u0131\u2019nda mindere \u00e7\u0131kt\u0131.<\/p>\n<p>D\u00fcnya g\u00fcre\u015finin \u00f6nemli isimlerini bir araya getiren turnuvada zorlu rakiplerini geride b\u0131rakan milli g\u00fcre\u015f\u00e7i bronz madalya kazand\u0131 ve T\u00fcrk g\u00fcre\u015fine bir gurur daha ekledi.<\/p>\n<p>Grekoromen stil 55 kilo kategorisinde ay-y\u0131ld\u0131zl\u0131 mayoyla m\u00fccadele eden \u00d6mer Halis, turnuvaya ilk turda \u00d6zbek rakibi Ikhtiyor Botirov\u2019a ma\u011flup olarak ba\u015flad\u0131. Rakibinin finale y\u00fckselmesiyle repesaj hakk\u0131 elde eden milli g\u00fcre\u015f\u00e7i, G\u00fcrc\u00fc sporcu Koba Karumidze\u2019yi tu\u015fla ma\u011flup ederek bronz madalya ma\u00e7\u0131na \u00e7\u0131kmaya hak kazand\u0131.<\/p>\n<p>Bronz madalya m\u00fccadelesinde Kazakistanl\u0131 Arsen Zhuma ile kar\u015f\u0131la\u015fan B\u00fcy\u00fck\u015fehirli sporcu, rakibini 8-0 teknik \u00fcst\u00fcnl\u00fckle yenerek madalyan\u0131n sahibi oldu.\u00a0<\/p>\n<p>Bu sonu\u00e7la yaln\u0131zca k\u00fcrs\u00fcye \u00e7\u0131kmakla kalmayan ba\u015far\u0131l\u0131 sporcu, ayn\u0131 zamanda d\u00fcnya s\u0131ralamas\u0131 i\u00e7in de kritik puanlar elde etti<\/p>\n<p>\u00a0<\/p>\n<p>Kaynak: (BYZHA) Beyaz Haber Ajans\u0131<\/p>\n","protected":false},"excerpt":{"rendered":"<p>Konya B\u00fcy\u00fck\u015fehir Belediyespor Bisiklet Tak\u0131m\u0131 sporcular\u0131ndan Mustafa Tarak\u00e7\u0131, Avrupa\u2019dan bir\u00e7ok profesyonel tak\u0131m\u0131n yer ald\u0131\u011f\u0131 UCI Grand Prix Antalya\u2019da hem Genel Klasmanda hem de U23 kategorisinde ayr\u0131 ayr\u0131 alt\u0131n madalya kazand\u0131.<\/p>\n","protected":false},"author":1,"featured_media":24779,"comment_status":"open","ping_status":"open","sticky":false,"template":"","format":"standard","meta":{"footnotes":""},"categories":[14],"tags":[688,500,1953,1288,444],"class_list":["post-24778","post","type-post","status-publish","format-standard","has-post-thumbnail","hentry","category-spor","tag-basari","tag-gures","tag-madalya","tag-sporcu","tag-yaris"],"_links":{"self":[{"href":"https:\/\/bihavadis.com\/index.php\/wp-json\/wp\/v2\/posts\/24778","targetHints":{"allow":["GET"]}}],"collection":[{"href":"https:\/\/bihavadis.com\/index.php\/wp-json\/wp\/v2\/posts"}],"about":[{"href":"https:\/\/bihavadis.com\/index.php\/wp-json\/wp\/v2\/types\/post"}],"author":[{"embeddable":true,"href":"https:\/\/bihavadis.com\/index.php\/wp-json\/wp\/v2\/users\/1"}],"replies":[{"embeddable":true,"href":"https:\/\/bihavadis.com\/index.php\/wp-json\/wp\/v2\/comments?post=24778"}],"version-history":[{"count":1,"href":"https:\/\/bihavadis.com\/index.php\/wp-json\/wp\/v2\/posts\/24778\/revisions"}],"predecessor-version":[{"id":24780,"href":"https:\/\/bihavadis.com\/index.php\/wp-json\/wp\/v2\/posts\/24778\/revisions\/24780"}],"wp:featuredmedia":[{"embeddable":true,"href":"https:\/\/bihavadis.com\/index.php\/wp-json\/wp\/v2\/media\/24779"}],"wp:attachment":[{"href":"https:\/\/bihavadis.com\/index.php\/wp-json\/wp\/v2\/media?parent=24778"}],"wp:term":[{"taxonomy":"category","embeddable":true,"href":"https:\/\/bihavadis.com\/index.php\/wp-json\/wp\/v2\/categories?post=24778"},{"taxonomy":"post_tag","embeddable":true,"href":"https:\/\/bihavadis.com\/index.php\/wp-json\/wp\/v2\/tags?post=24778"}],"curies":[{"name":"wp","href":"https:\/\/api.w.org\/{rel}","templated":true}]}}