{"id":24787,"date":"2026-02-10T00:36:09","date_gmt":"2026-02-10T00:36:09","guid":{"rendered":"https:\/\/bihavadis.com\/?p=24787"},"modified":"2026-02-10T00:36:09","modified_gmt":"2026-02-10T00:36:09","slug":"rasim-ozan-kutahyali-deprem-konutlarini-en-agir-erdogan-dusmani-bile-elestiremez","status":"publish","type":"post","link":"https:\/\/bihavadis.com\/index.php\/2026\/02\/10\/rasim-ozan-kutahyali-deprem-konutlarini-en-agir-erdogan-dusmani-bile-elestiremez\/","title":{"rendered":"Rasim Ozan K\u00fctahyal\u0131: Deprem konutlar\u0131n\u0131 en a\u011f\u0131r Erdo\u011fan d\u00fc\u015fman\u0131 bile ele\u015ftiremez"},"content":{"rendered":"<p><img decoding=\"async\" src=\"https:\/\/bihavadis.com\/wp-content\/uploads\/2026\/02\/rasim-ozan-kutahyali-deprem-konutlarini-en-agir-erdogan-dusmani-bile-elestiremez-0-YE92mfFa.jpg\"\/><\/p>\n<p>Asr\u0131n felaketi olarak tarihe ge\u00e7en 6 \u015eubat depremlerinin \u00fczerinden tam \u00fc\u00e7 y\u0131l ge\u00e7ti.<\/p>\n<p>T\u00fcrkiye\u2019nin haf\u0131zas\u0131ndan silinmeyen o g\u00fcnlerin ac\u0131s\u0131 hala hissedilirken; Cumhurba\u015fkan\u0131 Recep Tayyip Erdo\u011fan&#8217;\u0131n talimat\u0131yla \u00c7evre ve \u015eehircilik Bakan\u0131 Murat Kurum&#8217;un \u00f6nderli\u011finde, deprem b\u00f6lgesi yeniden ihya ve in\u015fa edildi.<\/p>\n<p>Ensonhaber YouTube kanal\u0131nda yapt\u0131\u011f\u0131 de\u011ferlendirmeler ile s\u0131k s\u0131k g\u00fcndemi belirleyen Rasim Ozan K\u00fctahyal\u0131 da, yeni b\u00f6l\u00fcmde bu konuya de\u011findi.\u00a0<\/p>\n<p>3 y\u0131lda yap\u0131lan \u00e7al\u0131\u015fmalar\u0131n neticesinde Murat Kurum&#8217;u, 23 y\u0131ll\u0131k AK Parti iktidarlar\u0131nda en iyi \u00c7evre ve \u015eehircilik Bakan\u0131 olarak niteleyen ve yap\u0131lan \u00e7al\u0131\u015fmalar\u0131 en az\u0131l\u0131 Erdo\u011fan d\u00fc\u015fmanlar\u0131n\u0131n bile ele\u015ftiremeyece\u011fini s\u00f6yleyen K\u00fctahyal\u0131, \u015fu ifadeleri kulland\u0131;<\/p>\n<p><strong>&#8220;B\u00d6LGEYE G\u0130TT\u0130M O KADAR G\u00dcZEL EVLER YAPMI\u015eLAR K\u0130&#8221;<\/strong><\/p>\n<p>Ben o b\u00f6lgeye gittim. Malatya&#8217;ya gittim, Ad\u0131yaman&#8217;a gittim. Gazeteci gibi gitmedim. Bir dostum Hatayl\u0131d\u0131r. Ben sessiz sedas\u0131z gittim. Hani oradaki yerel otorite \u00e7a\u011f\u0131r\u0131r, propaganda yapt\u0131r\u0131r falan. Orada yap\u0131lan evleri en a\u011f\u0131r Recep Tayyip Erdo\u011fan d\u00fc\u015fman\u0131 bile ele\u015ftiremez. O yap\u0131lan evlerin kalitesi&#8230; O kadar g\u00fczel evler yap\u0131lm\u0131\u015f ki. Ben k\u00f6ylere gitti\u011fimde, sabit m\u00fcstakil ev g\u00f6rd\u00fcm. O kadar g\u00fczel ki. Apartman denen icat rezil. Ben \u015fu an Sar\u0131yer&#8217;de apartman kat\u0131nda oturuyorum. Apartman gayri insani bir \u015fey. Mecbur kald\u0131klar\u0131 yerde apartman yapt\u0131lar. Ama mecbur olmad\u0131klar\u0131 yerde yatay mimari yapm\u0131\u015flar ve \u00e7ok g\u00fczel. Tek katl\u0131. Bizim Il\u0131ca&#8217;da da zaman\u0131nda da yap\u0131lm\u0131\u015ft\u0131. O zaman Ba\u015fbakan Adnan Menderes, Karayipler&#8217;de g\u00f6r\u00fcyor, ne g\u00fczel evler bunlar diyor. Demokrat Parti konutlar\u0131d\u0131r onlar. Demokrat Parti milletvekilleri alm\u0131\u015ft\u0131r. <\/p>\n<p>Sonra tabii elden ele ge\u00e7ti. Tek katl\u0131  enfes evler. Vallahi  billahi \u0130stanbul&#8217;a koy. \u00c7ok a\u011f\u0131r bir y\u00fcksek fiyatla sat\u0131l\u0131r. Ve onlar orada halka \u00fccretsiz veriyor. K\u00fc\u00e7\u00fcc\u00fck b\u00f6yle ah\u0131rdan bozma evi var. Devlet ona 3 art\u0131 1 ev veriyor. Bu ger\u00e7ek bir sosyal refah devlet uygulamas\u0131d\u0131r. Ve tarihte daha \u00f6nce yap\u0131lmam\u0131\u015f bir olayd\u0131r. Hani bir laf var ya  Cumhuriyet kimsesizlerin kimsesidir. Kemalistler kullanmay\u0131 \u00e7ok sever.<\/p>\n<p><strong>&#8220;ERDO\u011eAN L\u0130DERL\u0130\u011e\u0130YLE MURAT KURUM&#8217;UN MUHTE\u015eEM BA\u015eARISI VAR&#8221;<\/strong><\/p>\n<p>\u0130\u015fte budur. Cumhuriyet kimsesizlerin kimsesiyse depremzede vatanda\u015f\u0131na sahip \u00e7\u0131k\u0131p, hepsine ev veren \u00fclke. Ve orada evi olan herkese ev verildi. Kirac\u0131ya da ev verildi. M\u00fclk\u00fc verilmedi. Hatta m\u00fclk\u00fcn\u00fc isteyenler var. O da biraz bizim T\u00fcrkiye tarz\u0131. Hani b\u00f6yle doymamak vard\u0131r ya. Ama kirac\u0131ya da evi yap\u0131ld\u0131. Devlete uygun fiyata kirada kal\u0131yor. Kirac\u0131ya ev verilmiyor ama o kadar uygun fiyata kiraya kal\u0131yor ki \u00f6m\u00fcr boyu da kirac\u0131 orada kalabilir. Hak onun.<\/p>\n<p>Ve 3 senede bu yap\u0131ld\u0131. Recep Tayyip Erdo\u011fan liderli\u011fiyle Murat Kurum&#8217;un korkun\u00e7 bir ba\u015far\u0131s\u0131 var. Yani Murat Kurum, tart\u0131\u015fmas\u0131z 23 senelik AK Parti tarihinde, 24 sene olacak tarihinde en iyi \u015eehircilik Bakan\u0131&#8217;d\u0131r. <\/p>\n<p>\u00c7evre ve \u015eehircilik Bakanl\u0131\u011f\u0131 deniyor tabii. En iyi \u015fehircilikten sonra devlet bakan\u0131d\u0131r. Tart\u0131\u015fmas\u0131z bu. Di\u011ferlerinin de hizmetleri olmu\u015ftur. Ama bunun tart\u0131\u015fmas\u0131 yok. 3 senede bu \u00e7ok ba\u015fka. Hi\u00e7bir \u00fclkenin alt\u0131ndan kalkamayaca\u011f\u0131 bir i\u015f.<\/p>\n<p><img decoding=\"async\" src=\"https:\/\/bihavadis.com\/wp-content\/uploads\/2026\/02\/rasim-ozan-kutahyali-deprem-konutlarini-en-agir-erdogan-dusmani-bile-elestiremez-1-sH3MUDgW.jpg\"\/><\/p>\n<p><strong>&#8220;BU KADAR EV\u0130 3 SENEDE \u0130NG\u0130L\u0130ZLER FRANSIZLAR B\u0130LE YAPAMAZ&#8221;<\/strong><\/p>\n<p>\u00c7\u00fcnk\u00fc orada i\u015fte T\u00fcrkiye&#8217;nin  mevcut rejiminin  faydas\u0131n\u0131 g\u00f6r\u00fcyor. Mevcut rejimi  dengelebilirsin. Mevcut rejime \u015fu a\u00e7\u0131dan bu a\u00e7\u0131dan diyebilirsin ama mesela 90&#8217;lar gibi bir siyasal d\u00f6nem olsayd\u0131, g\u00fcc\u00fcn a\u015f\u0131r\u0131 par\u00e7aland\u0131\u011f\u0131, koalisyonun olmad\u0131\u011f\u0131 m\u00fcmk\u00fcn de\u011fil. Bu kararl\u0131l\u0131k gidiyorsun ve yap\u0131yorsun. <\/p>\n<p>Bu kadar evi 3 senede yapmay\u0131 ben ger\u00e7ekten \u0130ngilizlerin, Frans\u0131zlar\u0131n da ba\u015faramayaca\u011f\u0131n\u0131 d\u00fc\u015f\u00fcn\u00fcyorum. Onlar bizden \u015fey diye de\u011fil.  Orada \u00e7\u00fcnk\u00fc \u00e7ok fazla mekanizmalar var. <\/p>\n<p>Bu karar\u0131 o bozuyor. T\u00fcrkiye&#8217;nin hakikaten bir kuvvetler birli\u011fi rejimi var. Ad\u0131 bu. Kuvvetler ayr\u0131l\u0131\u011f\u0131 de\u011fil. Kuvvetler birli\u011fi rejimi. Bu kuvvetler birli\u011fi rejiminin zararlar\u0131n\u0131 bulabilirsin. \u00c7e\u015fitli a\u00e7\u0131lardan ele\u015ftirebilirsin. Ama 3 senelik s\u00fcre\u00e7te deprem konutlar\u0131n\u0131 in\u015fa etme, yepyeni \u015fehirler in\u015fa etme noktas\u0131nda inan\u0131lmaz bir faydas\u0131 g\u00f6r\u00fcld\u00fc ve cumhuriyet kimsesizleri kimsesidir. Herkese ya\u015fanabilir \u00e7a\u011fda\u015f, standart bir konut yap\u0131labildi.<\/p>\n<p><strong>&#8220;CUMHUR\u0130YET NED\u0130R?&#8221;<\/strong><\/p>\n<p>Ya bak cumhuriyet nedir? Monar\u015fi olmayan rejim cumhuriyettir asl\u0131nda. Ba\u015fka bir \u015fey de\u011fildir. \u0130ran-\u0130slam Cumhuriyeti, Saddam da cumhuriyetti. <\/p>\n<p>Suriye de cumhuriyet. Eski Esad da cumhuriyetti. <\/p>\n<p>Kaddafi de cumhuriyetti. Cumhuriyet monar\u015fi olmayan her rejime denir. Ama bizim olumlu anlamda cumhuriyet\u00e7ilik nedir? B\u00fct\u00fcn toplumu kapsayan en alttaki adam\u0131n e\u011fitim vas\u0131tas\u0131yla en tepeye gelebildi\u011fi. <\/p>\n<p>Bizim Osmanl\u0131&#8217;da da biraz mesela, S\u00fcleyman Demirel bak\u0131n \u00e7oban\u0131n  o\u011fluydu ba\u015fbakan. Do\u011fru ama Osmanl\u0131&#8217;da da asl\u0131nda 7-8 Hasanpa\u015fa vard\u0131. A\u015f\u0131r\u0131 cahil ve a\u015f\u0131r\u0131 fakir bir aileden hatta 7-8 Hasanpa\u015fa okuma yazmay\u0131 sonradan \u00f6\u011frendi\u011fi i\u00e7in imzas\u0131n\u0131 7-8 diye at\u0131yordu. <\/p>\n<p>7-8 Hasanpa\u015fa oradan geliyor. Sadrazaml\u0131\u011fa y\u00fckseldi. Yani bizim Osmanl\u0131 monar\u015fi d\u00f6nemimizde de aristokrasi s\u0131n\u0131f\u0131 olmad\u0131\u011f\u0131 i\u00e7in ya da \u00e7ok dar oldu\u011fu i\u00e7in en dipten gelen adam. <\/p>\n<p>Sizin Beykoz&#8217;da da \u00e7ok. Beykoz&#8217;da mesela Beykoz yal\u0131lar\u0131nda konaklar\u0131nda oturanlara bak. Hi\u00e7birinin babas\u0131 zengin de\u011fil. Halk \u00e7ocu\u011fu.<\/p>\n<p>Yani Osmanl\u0131&#8217;da da upward mobility dedikleri gavurlar\u0131n. En dipten yukar\u0131 \u00e7\u0131kma gelene\u011fi vard\u0131r. <\/p>\n<p>Oraya bir burjuvazi kafay\u0131 sokmu\u015ftur. Sonra da bir daha kimse kafay\u0131 sokamam\u0131\u015ft\u0131r. Hala da Bat\u0131&#8217;da, Fransa&#8217;da, \u0130ngiltere&#8217;de \u00f6zellikle aristokrasinin kral\u0131 vard\u0131r. <\/p>\n<p>Aristokrasinin i\u00e7ine burjuvazi girmi\u015ftir ve belli yerlere belli ama \u00e7ok altlardan  insanlar\u0131n gelmesi \u00e7ok zordur. Amerika&#8217;da aristokrasi yoktur. Amerika&#8217;da para konu\u015fur. <\/p>\n<p>Para tek itibar kayna\u011f\u0131d\u0131r. Onun da zararlar\u0131n\u0131 biraz Epstein olaylar\u0131nda g\u00f6r\u00fcyoruz. Ama Amerika&#8217;da da belli olan &#8220;upward mobility&#8221;, Amerika&#8217;ya, Avrupa&#8217;ya g\u00f6re daha \u00e7oktur. Bizde bu var. \u015eimdi de. Ha, cumhuriyet kimsesizlerin kimsesi.<\/p>\n<p><img decoding=\"async\" src=\"https:\/\/bihavadis.com\/wp-content\/uploads\/2026\/02\/rasim-ozan-kutahyali-deprem-konutlarini-en-agir-erdogan-dusmani-bile-elestiremez-2-rNvBOqBQ.jpg\"\/><\/p>\n<p><strong>&#8220;CUMUR\u0130YET\u0130N \u0130LK YILLARINDA OKUL HASTANE YAPAN YOK&#8221;<\/strong><\/p>\n<p>Cumhuriyeti kuran kar\u015f\u0131da da mesela cumhuriyetimizin kurucusu Atat\u00fcrk de asl\u0131nda fakir fukara \u00e7ocu\u011fudur. Bakma yani. Ondan sonra Atat\u00fcrk nereden geldi? Normal bir aileden. S\u0131f\u0131rdan gelmi\u015ftir yani. Atat\u00fcrk de \u00f6yledir. Mustafa Kemal Pa\u015fa. Ama yani \u015fimdi polemi\u011fe girmek istemiyorum ama ilk 27 sene kimsesizlerin kimsesi olmak ad\u0131na yap\u0131lan okul neredeyse yok. Yol yok. Hastane yok. Ka\u00e7 okul yap\u0131ld\u0131 mesela? 50&#8217;ye kadar diye. Beni konu\u015fturma. Konu\u015fturma \u015fimdi beni. 1950&#8217;ye kadar. 14 ilde lise var. 2 y\u0131lda \u00fcniversite var.  E\u011fitim seferberli\u011fi, okuma-yazma seferberli\u011fi. Okuma-yazma seferberli\u011fi var. Okuma-yazma var. S\u00fcleyman Demirel&#8217;den Atat\u00fcrk\u00e7\u00fcs\u00fc var m\u0131?  Bak Tan\u0131l Bora diyor ki sa\u011f Kemalist&#8217;tir. Atat\u00fcrk\u00e7\u00fcd\u00fcr diyor. Onun laf\u0131 bu. Bak ondan anlat\u0131l\u0131yorum. Adnan Bey geldi\u011finde diyor 14 ilde lise vard\u0131 diyor. Benim anam\u0131n diyor kollar\u0131 e\u011filmi\u015fti diyor. Anam\u0131n kollar\u0131 benim uzundu diyor. Normal ya. Kolu uzun anas\u0131. Niye? Su ta\u015f\u0131maktan. Su yok. Elektrik yok. Su ta\u015f\u0131maktan S\u00fcleyman Demirel&#8217;in anas\u0131n\u0131n kollar\u0131 uzam\u0131\u015f.  Zaten ondan S\u00fcleyman Demirel su a\u015f\u0131\u011f\u0131d\u0131r. Su ile a\u015fk derecesinde bir ili\u015fkisi vard\u0131r.  Su ile medeniyet aras\u0131nda bir ba\u011f kurmu\u015ftur.<\/p>\n<p>Su, elektrik medeniyet paketidir. Musluk&#8217;tan su bak. \u00c7ok basit de\u011fil mi?  Musluk&#8217;tan su akmas\u0131 T\u00fcrkiye&#8217;de Menderes, Demirel, \u00d6zal, Erdo\u011fan&#8217;dan \u00f6nce tamamland\u0131. <\/p>\n<p>Bak okul demiyorum. Elektrik yok. Cumhuriyet&#8217;in orada bakt\u0131\u011f\u0131nda ilk 27 sene ya karde\u015fim bunlar ideolojik ele\u015ftirici de\u011fil.  Fevzi \u00c7akmak Pa\u015fa. Ben bir Kemalist olsam da Fevzi \u00c7akmak Pa\u015fa&#8217;ya d\u00fc\u015fman olurdum. Genelkurmay Ba\u015fkan\u0131 o da ya. <\/p>\n<p>Hi\u00e7bir hizmet yapt\u0131rm\u0131yor adam ya. Yol g\u00f6t\u00fcrece\u011fiz diyorlar. Bak samimi s\u00f6yl\u00fcyorum. <\/p>\n<p>Yol g\u00f6t\u00fcrmeyin. K\u00fcrtler azar diyor. K\u00fcrt milliyet\u00e7ili\u011fi azar diyor. Oraya onu g\u00f6t\u00fcrmeyin diyor. \u0130rtica azar diyor. \u00c7ok uyan\u0131kt\u0131r Fevzi \u00c7akmak. Ve Atat\u00fcrk de hep onu dinliyor. Atat\u00fcrk, Fevzi \u00c7akmak. Utanarak itiraf ediyorum.  Sosyolojik a\u00e7\u0131dan dedi\u011fi do\u011fru. Sen okul g\u00f6t\u00fcrd\u00fc\u011f\u00fcnde, yol g\u00f6t\u00fcrd\u00fc\u011f\u00fcnde, su g\u00f6t\u00fcrd\u00fc\u011f\u00fcnde, elektrik getirdi\u011finde  yeni yeti\u015fen halk \u00e7ocuklar\u0131n\u0131n muhalefet olma imkan\u0131 var.<\/p>\n<p>Orada, o d\u00f6nemin CHP idaresinde de ama  kendimize d\u00fc\u015fman bir nesil yeti\u015ftirmeyelim. Bu okul i\u015fini fazla yaymayal\u0131m dediler.<\/p>\n<p>Orada, o d\u00f6nemin CHP idaresinde de ama  kendimize d\u00fc\u015fman bir nesil yeti\u015ftirmeyelim. Bu okul i\u015fini fazla yaymayal\u0131m, dediler. Ya mesele bak. Ben diyorum. Kemalist tarih\u00e7i.<\/p>\n<p>Metin Toker bile. Metin Toker&#8217;den Kemalist var m\u0131? \u0130brahim&#8217;in damad\u0131. \u0130brahim Pa\u015fa&#8217;n\u0131n damad\u0131. 27 May\u0131s&#8217;ta yapan adamd\u0131r bana g\u00f6re. Karde\u015fim diyor, &#8221; Hizmeti bu halk demokrasi zaman\u0131nda g\u00f6rd\u00fc. Hizmet yoktu. Kabul ediyorum bunu&#8221; diyor.<\/p>\n<p><img decoding=\"async\" src=\"https:\/\/bihavadis.com\/wp-content\/uploads\/2026\/02\/rasim-ozan-kutahyali-deprem-konutlarini-en-agir-erdogan-dusmani-bile-elestiremez-3-2EaJXFtm.jpg\"\/><\/p>\n","protected":false},"excerpt":{"rendered":"<p>6 \u015eubat depremlerinin 3. y\u0131l d\u00f6n\u00fcm\u00fcnde deprem b\u00f6lgesindeki iller yeniden aya\u011fa kalkarken Rasim Ozan K\u00fctahyal\u0131, devletin bu s\u00fcre\u00e7 i\u00e7indeki m\u00fccadelesini ge\u00e7mi\u015fle k\u0131yaslay\u0131p de\u011ferlendirdi.<\/p>\n","protected":false},"author":1,"featured_media":24788,"comment_status":"open","ping_status":"open","sticky":false,"template":"","format":"standard","meta":{"footnotes":""},"categories":[9,13],"tags":[1937,3192,1629,4171,211],"class_list":["post-24787","post","type-post","status-publish","format-standard","has-post-thumbnail","hentry","category-genel","category-son-dakika","tag-bak","tag-cumhuriyet","tag-orada","tag-sene","tag-var"],"_links":{"self":[{"href":"https:\/\/bihavadis.com\/index.php\/wp-json\/wp\/v2\/posts\/24787","targetHints":{"allow":["GET"]}}],"collection":[{"href":"https:\/\/bihavadis.com\/index.php\/wp-json\/wp\/v2\/posts"}],"about":[{"href":"https:\/\/bihavadis.com\/index.php\/wp-json\/wp\/v2\/types\/post"}],"author":[{"embeddable":true,"href":"https:\/\/bihavadis.com\/index.php\/wp-json\/wp\/v2\/users\/1"}],"replies":[{"embeddable":true,"href":"https:\/\/bihavadis.com\/index.php\/wp-json\/wp\/v2\/comments?post=24787"}],"version-history":[{"count":1,"href":"https:\/\/bihavadis.com\/index.php\/wp-json\/wp\/v2\/posts\/24787\/revisions"}],"predecessor-version":[{"id":24793,"href":"https:\/\/bihavadis.com\/index.php\/wp-json\/wp\/v2\/posts\/24787\/revisions\/24793"}],"wp:featuredmedia":[{"embeddable":true,"href":"https:\/\/bihavadis.com\/index.php\/wp-json\/wp\/v2\/media\/24788"}],"wp:attachment":[{"href":"https:\/\/bihavadis.com\/index.php\/wp-json\/wp\/v2\/media?parent=24787"}],"wp:term":[{"taxonomy":"category","embeddable":true,"href":"https:\/\/bihavadis.com\/index.php\/wp-json\/wp\/v2\/categories?post=24787"},{"taxonomy":"post_tag","embeddable":true,"href":"https:\/\/bihavadis.com\/index.php\/wp-json\/wp\/v2\/tags?post=24787"}],"curies":[{"name":"wp","href":"https:\/\/api.w.org\/{rel}","templated":true}]}}