{"id":24824,"date":"2026-02-10T01:00:10","date_gmt":"2026-02-10T01:00:10","guid":{"rendered":"https:\/\/bihavadis.com\/?p=24824"},"modified":"2026-02-10T01:00:10","modified_gmt":"2026-02-10T01:00:10","slug":"emitt-ziyaretcilerini-bu-yil-istanbul-fuar-merkezinde-agirliyor","status":"publish","type":"post","link":"https:\/\/bihavadis.com\/index.php\/2026\/02\/10\/emitt-ziyaretcilerini-bu-yil-istanbul-fuar-merkezinde-agirliyor\/","title":{"rendered":"EMITT ziyaret\u00e7ilerini bu y\u0131l \u0130stanbul Fuar Merkezi\u2019nde a\u011f\u0131rl\u0131yor"},"content":{"rendered":"<p>ICA Events\u2019in k\u00fclt\u00fcr ve destinasyonlar\u0131 bulu\u015fturdu\u011fu EMITT \u2013 Do\u011fu Akdeniz Uluslararas\u0131 Turizm ve Seyahat Fuar\u0131\u2019n\u0131n 29\u2019uncu edisyonu ba\u015flad\u0131. Kuzey K\u0131br\u0131s T\u00fcrk Cumhuriyeti Ba\u015fbakan Yard\u0131mc\u0131s\u0131 ve Turizm, K\u00fclt\u00fcr, Gen\u00e7lik ve \u00c7evre Bakan\u0131 Fikri Atao\u011flu ve \u0130stanbul Valisi Davut G\u00fcl\u2019\u00fcn te\u015frifleriyle ziyaret\u00e7ilerini a\u011f\u0131rlamaya ba\u015flayan fuar, bu y\u0131l 29 \u00fclkeden 100\u2019\u00fc a\u015fk\u0131n uluslararas\u0131 kat\u0131l\u0131mc\u0131ya ve y\u00fczlerce yerli kat\u0131l\u0131mc\u0131ya ev sahipli\u011fi yapacak.<\/p>\n<p>7 \u015eubat\u2019a kadar s\u00fcrecek olan fuar, yeni lokasyonu \u0130stanbul Fuar Merkezi\u2019nde i\u015f \u00fcreten, hat\u0131rlanan ve de\u011fer yaratan bir platform olarak d\u00fcnyan\u0131n d\u00f6rt bir yan\u0131ndan profesyonelleri ayn\u0131 \u00e7at\u0131 alt\u0131nda bulu\u015fturacak.<\/p>\n<p>T\u00fcrkiye\u2019nin turizm ekosistemine \u00f6nemli katk\u0131lar sunarak katma de\u011fer olu\u015fturan EMITT \u2013 Do\u011fu Akdeniz Uluslararas\u0131 Turizm ve Seyahat Fuar\u0131, stratejik yap\u0131lanmas\u0131 sonucu yeni yeri \u0130stanbul Fuar Merkezi\u2019nde kap\u0131lar\u0131n\u0131 ziyaret\u00e7ilerine a\u00e7t\u0131.<\/p>\n<p>Bir \u00f6nceki y\u0131l yaratt\u0131\u011f\u0131 482 milyon Euro\u2019nun \u00fczerindeki i\u015f hacmiyle sekt\u00f6r\u00fcn \u00e7ekim noktas\u0131 olan fuar\u0131n a\u00e7\u0131l\u0131\u015f\u0131; EMITT Fuar Direkt\u00f6r\u00fc Banu Keskin\u2019in ev sahipli\u011finde Kuzey K\u0131br\u0131s T\u00fcrk Cumhuriyeti Ba\u015fbakan Yard\u0131mc\u0131s\u0131 ve Turizm, K\u00fclt\u00fcr, Gen\u00e7lik ve \u00c7evre Bakan\u0131 Fikri Atao\u011flu ve \u0130stanbul Valisi Davut G\u00fcl\u2019\u00fcn te\u015frifleri, \u0130stanbul B\u00fcy\u00fck\u015fehir Belediyesi Meclis 2. Ba\u015fkan Vekili G\u00f6khan G\u00fcm\u00fc\u015fda\u011f, T\u00fcrkiye Turizm Tan\u0131t\u0131m ve Geli\u015ftirme Ajans\u0131 (TGA) Genel M\u00fcd\u00fcr\u00fc Sinan Seha T\u00fcrkseven, T\u00fcrk Hava Yollar\u0131 Genel M\u00fcd\u00fcr\u00fc Bilal Ek\u015fi, T\u00dcRSAB Y\u00f6netim Kurulu Ba\u015fkan Yard\u0131mc\u0131s\u0131 Davut G\u00fcnayd\u0131n, \u0130stanbul Ticaret Odas\u0131 Y\u00f6netim Kurulu \u00dcyesi Bahad\u0131r Ya\u015f\u0131k, T\u00dcROFED Y\u00f6netim Kurulu Ba\u015fkan\u0131 Erkan Ya\u011fc\u0131\u2019n\u0131n kat\u0131l\u0131m\u0131yla WOW \u0130stanbul Hotel\u2019de ger\u00e7ekle\u015ftirildi.<\/p>\n<p><img decoding=\"async\" src=\"https:\/\/bihavadis.com\/wp-content\/uploads\/2026\/02\/emitt-ziyaretcilerini-bu-yil-istanbul-fuar-merkezinde-agirliyor-0-ydvA6UDA.jpg\"\/><\/p>\n<p><strong>\u201cEMITT, T\u00dcRK\u0130YE TUR\u0130ZM FUARCILI\u011eININ TEMEL TA\u015eLARINI D\u00d6\u015eEYEN B\u0130R MERKEZ\u201d<\/strong><\/p>\n<p>Fuar\u0131n a\u00e7\u0131l\u0131\u015f konu\u015fmas\u0131na, <b><em>\u201cBug\u00fcn burada, yaln\u0131zca bir fuar\u0131n a\u00e7\u0131l\u0131\u015f\u0131n\u0131 de\u011fil; turizmin gelece\u011fini, k\u00fclt\u00fcrlerin bulu\u015fmas\u0131n\u0131 ve yeni i\u015f birliklerinin do\u011fu\u015funu kutluyoruz. EMITT, bug\u00fcn k\u00fcresel turizm takviminin en kritik duraklar\u0131ndan biri olarak, T\u00fcrkiye&#8217;nin d\u00fcnyadaki en g\u00fc\u00e7l\u00fc markalar\u0131ndan biridir.\u201d s<\/em><\/b>\u00f6zleriyle ba\u015flayan EMITT Fuar Direkt\u00f6r\u00fc Banu Keskin, \u015f\u00f6yle devam etti:<\/p>\n<p>Bizler, belirledi\u011fimiz vizyondan \u00f6d\u00fcn vermemeye kararl\u0131y\u0131z. Bug\u00fcn burada tan\u0131k oldu\u011funuz bu organizasyonun haz\u0131rl\u0131klar\u0131na, t\u00fcm stratejik ad\u0131mlar\u0131m\u0131z\u0131 belirleyerek alt\u0131 ay \u00f6ncesinden ba\u015flad\u0131k. \u00d6n\u00fcm\u00fczde uzun bir yol var ancak y\u00f6n\u00fcm\u00fcz net, kararl\u0131l\u0131\u011f\u0131m\u0131z tamd\u0131r. EMITT, sadece bir fuar de\u011fil; T\u00fcrkiye turizm fuarc\u0131l\u0131\u011f\u0131n\u0131n temel ta\u015flar\u0131n\u0131 d\u00f6\u015feyen, sekt\u00f6r\u00fc her ge\u00e7en y\u0131l b\u00fcy\u00fcten ve geli\u015ftiren bir merkezdir. Bu k\u00f6kl\u00fc de\u011ferin \u00fczerine her y\u0131l yenisini ekleyerek ilerliyoruz. Bu y\u0131l stratejik bir hamleyle fuar\u0131m\u0131z\u0131 \u0130stanbul Fuar Merkezi\u2019ne (\u0130FM) ta\u015f\u0131d\u0131k. Bu yaln\u0131zca bir mekan de\u011fi\u015fikli\u011fi de\u011fil; siz de\u011ferli payda\u015flar\u0131m\u0131za \u00e7ok daha eri\u015filebilir, nitelikli ve ticari verimlili\u011fi y\u00fcksek bir platform sunma kararl\u0131l\u0131\u011f\u0131m\u0131z\u0131n sonucudur.<\/p>\n<p>Hedefimiz, \u2018nitelikli ba\u011flant\u0131\u2019ya odaklanarak her kat\u0131l\u0131mc\u0131n\u0131n somut i\u015f anla\u015fmalar\u0131yla d\u00f6nece\u011fi bir ekosistem yaratmak. \u015eimdiden payla\u015fmaktan b\u00fcy\u00fck bir gurur duyuyorum ki; EMITT \u00f6n\u00fcm\u00fczdeki y\u0131l \u00e7ok \u00f6zel bir d\u00f6n\u00fcm noktas\u0131na ula\u015f\u0131yor. EMITT 30. Y\u0131l B\u00fcy\u00fck Bulu\u015fmas\u0131\u2019n\u0131, 4-6 \u015eubat 2027 tarihlerinde yine burada, \u0130FM\u2019de ger\u00e7ekle\u015ftirece\u011fiz. EMITT\u2019in \u00fclkemize, b\u00f6lgemize ve t\u00fcm payda\u015flar\u0131m\u0131za hay\u0131rl\u0131 olmas\u0131n\u0131 diler; verimli bir fuar ge\u00e7irmenizi temenni ederim.<\/p>\n<p><img decoding=\"async\" src=\"https:\/\/bihavadis.com\/wp-content\/uploads\/2026\/02\/emitt-ziyaretcilerini-bu-yil-istanbul-fuar-merkezinde-agirliyor-1-Qtl6FcMq.jpg\"\/><\/p>\n<p><strong>KKTC, \u201cADA KIBRIS TANITIM KAMPANYASI\u201d \u0130LE TUR\u0130ZM POTANS\u0130YEL\u0130N\u0130 D\u00dcNYAYLA BULU\u015eTURUYOR<\/strong><\/p>\n<p>Kuzey K\u0131br\u0131s T\u00fcrk Cumhuriyeti Ba\u015fbakan Yard\u0131mc\u0131s\u0131 ve Turizm, K\u00fclt\u00fcr, Gen\u00e7lik ve \u00c7evre Bakan\u0131 Fikri Atao\u011flu ise yapt\u0131\u011f\u0131 konu\u015fmada \u201c<b><em>EMITT, yaln\u0131zca bir fuar de\u011fil; ayn\u0131 zamanda \u00fclkelerin vizyonlar\u0131n\u0131 ortaya koydu\u011fu, i\u015f birliklerinin temellerinin at\u0131ld\u0131\u011f\u0131 ve gelece\u011fin turizm politikalar\u0131n\u0131n \u015fekillendi\u011fi \u00e7ok de\u011ferli bir platformdur. Kuzey K\u0131br\u0131s T\u00fcrk Cumhuriyeti de Akdeniz\u2019in kalbinde yer alan, tarihi binlerce y\u0131l \u00f6ncesine dayanan, k\u00fclt\u00fcr\u00fcyle, do\u011fas\u0131yla ve insan\u0131yla g\u00fc\u00e7l\u00fc bir kimli\u011fe sahip \u00f6zel bir destinasyondur. Bu do\u011frultuda son d\u00f6nemde hayata ge\u00e7irdi\u011fimiz Ada K\u0131br\u0131s Tan\u0131t\u0131m Kampanyas\u0131, KKTC turizmi a\u00e7\u0131s\u0131ndan son derece \u00f6nemli bir ad\u0131m. T\u00fcrkiye genelinde y\u00fcr\u00fct\u00fclen bu kampanya ile \u00fclkemizin do\u011fal, k\u00fclt\u00fcrel ve tarihi zenginliklerini geni\u015f kitlelere ula\u015ft\u0131rd\u0131k. Kampanyan\u0131n g\u00f6rd\u00fc\u011f\u00fc yo\u011fun ilgi ve elde edilen olumlu geri d\u00f6n\u00fc\u015fler bizleri son derece memnun ediyor. \u00d6n\u00fcm\u00fczdeki s\u00fcre\u00e7te bu kampanyay\u0131 \u0130ngiltere ba\u015fta olmak \u00fczere Avrupa\u2019n\u0131n \u00f6nemli pazarlar\u0131nda da ba\u015flataca\u011f\u0131z. Kuzey K\u0131br\u0131s T\u00fcrk Cumhuriyeti\u2019nde turizmi yaln\u0131zca ekonomik bir faaliyet olarak de\u011fil; ayn\u0131 zamanda k\u00fclt\u00fcr\u00fcm\u00fcz\u00fc d\u00fcnyaya anlatan, insanlar\u0131m\u0131z aras\u0131nda ba\u011f kuran ve dostluklar\u0131 peki\u015ftiren bir k\u00f6pr\u00fc olarak g\u00f6r\u00fcyoruz.\u201d<\/em><\/b> ifadelerini kulland\u0131.<\/p>\n<p><img decoding=\"async\" src=\"https:\/\/bihavadis.com\/wp-content\/uploads\/2026\/02\/emitt-ziyaretcilerini-bu-yil-istanbul-fuar-merkezinde-agirliyor-2-sAGvnq6Q.jpg\"\/><\/p>\n<p><strong>\u201cN\u00dcFUSUMUZDAN DAHA FAZLA Z\u0130YARET\u00c7\u0130 KABUL ED\u0130YORUZ\u201d<\/strong><\/p>\n<p>\u0130stanbul Valisi Davut G\u00fcl, a\u00e7\u0131l\u0131\u015f konu\u015fmas\u0131nda \u015fu ifadelere yer verdi:<\/p>\n<p>T\u00fcrkiye, turizm alan\u0131nda \u00e7ok \u00f6nemli bir yol kat etti. \u0130stanbul da bunun lokomotiflerinden bir tanesi. N\u00fcfusumuzdan daha fazla ziyaret\u00e7i kabul ediyoruz. Tabii bunun tesad\u00fcf olmad\u0131\u011f\u0131n\u0131n en iyi sizler biliyorsunuz. Ba\u015fta havaalanlar\u0131 olmak \u00fczere T\u00fcrk Hava Yollar\u0131\u2019n\u0131n katk\u0131s\u0131, bakanl\u0131\u011f\u0131m\u0131z\u0131n tan\u0131t\u0131mlar\u0131, sekt\u00f6r\u00fcn yapt\u0131\u011f\u0131 yat\u0131r\u0131mlar, hizmet sekt\u00f6r\u00fcndeki geleneksel misafirperverli\u011fimiz birbirini besleyen i\u015fler. En az bunun kadar Anadolu\u2019nun en uzak yerinden \u0130stanbul\u2019umuza kadar yerel y\u00f6netimler ba\u015fta olmak \u00fczere kaymakam ve valilerimizin verdi\u011fi destekler, co\u011frafi tescilli \u00fcr\u00fcnlerin say\u0131s\u0131n\u0131n artmas\u0131, gastronomi turizmi anlam\u0131nda \u015fehirlerin birbiriyle yar\u0131\u015fmas\u0131 bir\u00e7ok katk\u0131 sa\u011fl\u0131yor.<\/p>\n<p><strong>\u201c\u0130STANBUL G\u00dc\u00c7LEN\u0130RSE; SEKT\u00d6R G\u00dc\u00c7LEN\u0130R. SEKT\u00d6R G\u00dc\u00c7LEN\u0130RSE; T\u00dcRK\u0130YE\u2019N\u0130N MARKA DE\u011eER\u0130 G\u00dc\u00c7LEN\u0130R\u201d<\/strong><\/p>\n<p>Konu\u015fmas\u0131nda <b><em>\u201cTurizmi \u2018tan\u0131t\u0131m\u2019 de\u011fil, ger\u00e7ek anlam\u0131yla bir destinasyon y\u00f6netimi meselesi olarak g\u00f6r\u00fcyoruz.\u201d <\/em><\/b>diyen \u0130stanbul B\u00fcy\u00fck\u015fehir Belediyesi Meclis 2. Ba\u015fkan Vekili G\u00f6khan G\u00fcm\u00fc\u015fda\u011f, s\u00f6zlerini \u015f\u00f6yle s\u00fcrd\u00fcrd\u00fc:<\/p>\n<p>Turizm, \u00fclkemiz ekonomisinin en g\u00fc\u00e7l\u00fc alanlar\u0131ndan biri. Ama bizim i\u00e7in turizmin ba\u015far\u0131s\u0131 yaln\u0131zca say\u0131larla \u00f6l\u00e7\u00fclmez; o ba\u015far\u0131, \u015fehrin g\u00fcndelik ya\u015fam\u0131na nas\u0131l dokundu\u011fuyla, esnafa nas\u0131l yans\u0131d\u0131\u011f\u0131yla, kamusal alan\u0131n kalitesini nas\u0131l y\u00fckseltti\u011fiyle \u00f6l\u00e7\u00fcl\u00fcr. \u00c7\u00fcnk\u00fc turizm gelir getirirken ayn\u0131 anda kente bir y\u00fck de getirir: ula\u015f\u0131m, temizlik, g\u00fcvenlik, y\u00f6nlendirme, altyap\u0131, kamusal alan bak\u0131m\u0131\u2026 Bu y\u00fck\u00fcn b\u00fcy\u00fck k\u0131sm\u0131n\u0131 sahada her g\u00fcn biz y\u00f6netiyoruz. Tam da bu y\u00fczden, finansman taraf\u0131nda daha adil ve s\u00fcrd\u00fcr\u00fclebilir bir modele ihtiya\u00e7 var. Sahadan gelen net talebimizi tek c\u00fcmleyle s\u00f6yleyeyim:<\/p>\n<p>Turizmin y\u00fck\u00fc yereldeyse, kayna\u011f\u0131n bir k\u0131sm\u0131 da yerelde olmal\u0131. D\u00fcnyada bir\u00e7ok turizm kentinde konaklama vergileri belediyelere kaynak olur; \u00e7\u00fcnk\u00fc turistin kulland\u0131\u011f\u0131 temizlik, ula\u015f\u0131m, g\u00fcvenlik ve y\u00f6nlendirme hizmetini \u015fehir verir. Biz de konaklama vergisinin belirli bir oran\u0131n\u0131n, turizmin y\u00fck\u00fcn\u00fc ta\u015f\u0131yan b\u00fcy\u00fck\u015fehir belediyelerine tahsis edilmesini; bu kayna\u011f\u0131n temizlikten y\u00f6nlendirmeye, g\u00fcvenlikten kamusal alan kalitesine ve miras\u0131n korunmas\u0131na kadar turizm hizmetlerine \u015feffaf bi\u00e7imde aktar\u0131lmas\u0131n\u0131 talep ediyoruz. Bu hem adil hem s\u00fcrd\u00fcr\u00fclebilir hem de hizmet kalitesini b\u00fcy\u00fcten bir modeldir. \u0130stanbul\u2019u b\u00fcy\u00fctmek istiyoruz; ama bunu \u015fehrin omzuna daha fazla y\u00fck bindirerek de\u011fil, \u015fehri g\u00fc\u00e7lendirerek yapmak istiyoruz. \u00c7\u00fcnk\u00fc \u0130stanbul g\u00fc\u00e7lenirse; sekt\u00f6r g\u00fc\u00e7lenir. Sekt\u00f6r g\u00fc\u00e7lenirse; T\u00fcrkiye\u2019nin marka de\u011feri g\u00fc\u00e7lenir.<\/p>\n<p><img decoding=\"async\" src=\"https:\/\/bihavadis.com\/wp-content\/uploads\/2026\/02\/emitt-ziyaretcilerini-bu-yil-istanbul-fuar-merkezinde-agirliyor-3-EZZPmVmc.jpg\"\/><\/p>\n<p><strong>\u201cT\u00dcRK\u0130YE\u2019Y\u0130 K\u00dcRESEL TUR\u0130ZM POL\u0130T\u0130KALARININ \u015eEK\u0130LLENMES\u0130NDE ROL OYNAYAN B\u0130R \u00dcLKE KONUMUNA Y\u00dcKSELMES\u0130N\u0130 SA\u011eLADIK\u201d<\/strong><\/p>\n<p>EMITT\u2019in her ge\u00e7en y\u0131l kat\u0131l\u0131mc\u0131 ve ziyaret\u00e7i say\u0131s\u0131n\u0131 art\u0131rmas\u0131yla sekt\u00f6re yeni i\u015f ve i\u015f birli\u011fi olanaklar\u0131 sunarak d\u00fcnyan\u0131n \u00f6nde gelen turizm fuar\u0131ndan biri olmay\u0131 ba\u015fard\u0131\u011f\u0131n\u0131 vurgulayan T\u00fcrkiye Turizm Tan\u0131t\u0131m ve Geli\u015ftirme Ajans\u0131 (TGA) Genel M\u00fcd\u00fcr\u00fc Sinan Seha T\u00fcrkseven, konu\u015fmas\u0131nda \u015fu ifadelere yer verdi:<\/p>\n<p>2025 y\u0131l\u0131nda turizmde elde etti\u011fimiz 65,2 milyar dolarl\u0131k gelir ile ge\u00e7en y\u0131l\u0131n ba\u015f\u0131nda koydu\u011fumuz 64 milyar dolarl\u0131k hedefin \u00fcst\u00fcne \u00e7\u0131kmay\u0131 ba\u015fard\u0131k ve Cumhuriyet tarihinin en y\u00fcksek rakam\u0131na ula\u015ft\u0131k. \u00d6te yandan, y\u0131l boyunca a\u011f\u0131rlanan yakla\u015f\u0131k 64 milyon ziyaret\u00e7i ile de yine yeni bir rekora daha imza atm\u0131\u015f olduk. T\u00fcm bu ba\u015far\u0131larda tan\u0131t\u0131ma y\u00f6nelik \u00e7al\u0131\u015fmalar \u00f6nemli rol \u00fcstlendi. TGA\u2019n\u0131n da katk\u0131lar\u0131yla, bu y\u0131l 200\u2019den fazla \u00fclkede y\u00fcr\u00fctt\u00fc\u011f\u00fcm\u00fcz reklam, tan\u0131t\u0131m, pazarlama ve PR \u00e7al\u0131\u015fmalar\u0131 y\u00fcr\u00fctt\u00fck; d\u00fcnyan\u0131n en kapsaml\u0131 ve en etkili tan\u0131t\u0131m kampanyalar\u0131n\u0131 ger\u00e7ekle\u015ftirdik. T\u00fcm bu \u00e7al\u0131\u015fmalar\u0131n \u00f6tesinde, nitelikli turizm stratejisine odaklanarak T\u00fcrkiye\u2019yi yaln\u0131zca de\u011fi\u015fen trendlere uyum sa\u011flamaya \u00e7al\u0131\u015fan bir oyuncu olmaktan \u00e7\u0131kard\u0131\u011f\u0131m\u0131z\u0131, k\u00fcresel turizm politikalar\u0131n\u0131n \u015fekillenmesinde rol oynayan bir \u00fclke konumuna y\u00fckselmesini sa\u011flamay\u0131 ba\u015fard\u0131\u011f\u0131m\u0131z\u0131 g\u00f6r\u00fcyoruz.<\/p>\n<p>Bir yandan t\u00fcm bu \u00e7abalar\u0131n beraberinde gelen ba\u015far\u0131n\u0131n memnuniyetini ya\u015farken, di\u011fer yandan Say\u0131n Bakan\u0131m\u0131z taraf\u0131ndan yine ge\u00e7en hafta a\u00e7\u0131klanan 68 milyar dolarl\u0131k 2026 y\u0131l\u0131 turizm hedefine, ula\u015fmak i\u00e7in \u015fimdiden \u00e7al\u0131\u015fmalara ba\u015flad\u0131k. Bu hedefe yine siz de\u011ferli sekt\u00f6r payda\u015flar\u0131n\u0131n yo\u011fun \u00e7aba ve gayretleri ile ula\u015faca\u011f\u0131m\u0131zdan eminim. \u00dclkemizin k\u00fcresel turizmde sahip oldu\u011fu g\u00fc\u00e7l\u00fc konumu \u00f6n\u00fcm\u00fczdeki d\u00f6nemde g\u00fc\u00e7lendirerek daha y\u00fckseklere ta\u015f\u0131yaca\u011f\u0131m\u0131za, yeni ba\u015far\u0131lara birlikte imza ataca\u011f\u0131m\u0131za inan\u0131yoruz. Bu do\u011frultuda, sekt\u00f6r temsilcilerinin bulu\u015fma noktas\u0131 olan ve turizmdeki bu vizyonumuzu payla\u015fmam\u0131za vesile olan EMITT gibi b\u00fcy\u00fck organizasyonlar bizler i\u00e7in b\u00fcy\u00fck \u00f6nem ta\u015f\u0131yor.<\/p>\n<p><img decoding=\"async\" src=\"https:\/\/bihavadis.com\/wp-content\/uploads\/2026\/02\/emitt-ziyaretcilerini-bu-yil-istanbul-fuar-merkezinde-agirliyor-4-7CvexZGs.jpg\"\/><\/p>\n<p><strong>\u201cM\u0130SAF\u0130RLER\u0130M\u0130Z BURADA H\u0130SSETT\u0130KLER\u0130 G\u00dcVEN\u0130, SAM\u0130M\u0130YET\u0130, MEMNUN\u0130YET\u0130 VE KAL\u0130TE H\u0130SS\u0130N\u0130 YANLARINDA G\u00d6T\u00dcRMEL\u0130\u201d<\/strong><\/p>\n<p>T\u00fcrk Hava Yollar\u0131 Genel M\u00fcd\u00fcr\u00fc Bilal Ek\u015fi, a\u00e7\u0131l\u0131\u015f konu\u015fmas\u0131nda, <b><em>\u201cT\u00fcrk Hava Yollar\u0131 olarak bug\u00fcn, 6 k\u0131tada 132 \u00fclkeyi \u0130stanbul \u00fczerinden birbirine ba\u011fl\u0131yoruz. Bu eri\u015fim g\u00fcc\u00fc, \u00fclkemiz ve \u00e7evre co\u011frafyam\u0131z i\u00e7in \u00e7ok \u00f6nemli f\u0131rsatlar bar\u0131nd\u0131r\u0131yor. 2024 y\u0131l\u0131nda 85 milyon, 2025\u2019te 92 milyon yolcu ta\u015f\u0131d\u0131k. Bug\u00fcn 520 u\u00e7a\u011f\u0131 a\u015fan filomuzla, g\u00f6ky\u00fcz\u00fcnde y\u00fckseliyoruz. D\u00fcnyan\u0131n d\u00f6rt bir k\u00f6\u015fesinden \u0130stanbul\u2019a gelmek, tarih boyunca hi\u00e7 olmad\u0131\u011f\u0131 kadar kolay. Misafirlerimizin u\u00e7u\u015funu, \u00fclkemizle kurduklar\u0131 bir temas olarak g\u00f6r\u00fcyoruz. Farkl\u0131 k\u0131talarda d\u00fczenledi\u011fimiz \u2018Connect to T\u00fcrkiye\u2019 etkinlikleri ile \u00fclkemizin e\u015fsiz dokusunu anlat\u0131yoruz. Misafirlerimizi, T\u00fcrkiye\u2019ye davet ediyoruz. \u0130kramlar\u0131m\u0131zda mutfa\u011f\u0131m\u0131z\u0131n lezzetlerini sunuyor, u\u00e7ak i\u00e7i ekranlar\u0131m\u0131zda T\u00fcrkiye\u2019yi anlat\u0131yoruz. K\u00fclt\u00fcr ve Turizm Bakanl\u0131\u011f\u0131m\u0131z ba\u015fta olmak \u00fczere, sekt\u00f6re sa\u011flad\u0131\u011f\u0131m\u0131z katk\u0131y\u0131 art\u0131rabilmek i\u00e7in kurumlar\u0131m\u0131z\u0131n bilgisinden faydalan\u0131yoruz. T\u00fcrkiye Y\u00fczy\u0131l\u0131\u2019nda \u2018T\u00fcrkiye b\u00fcy\u00fcyor, T\u00fcrk Hava Yollar\u0131 y\u00fcksekten u\u00e7uyor\u2019 diyoruz. Bu vizyon ancak t\u00fcm payda\u015flar\u0131m\u0131z\u0131n deste\u011fiyle hedeflerine ula\u015fabilir. Bug\u00fcn turizm sadece bir seyahat de\u011fil, u\u00e7tan uca bir s\u00fcreci kaps\u0131yor; u\u00e7u\u015ftan pasaport kontrol\u00fcne, otelden restorana, rehberden esnafa, taksiciden otob\u00fcs \u015fof\u00f6r\u00fcne kadar herkes bu deneyimin bir par\u00e7as\u0131. Her bir payda\u015f\u0131n, muhakkak daha iyi yapacak kaliteli ad\u0131mlar\u0131 vard\u0131r. \u00dclkemizden ayr\u0131lan misafirlerimiz burada hissettikleri g\u00fcveni, samimiyeti, memnuniyeti ve kalite hissini yanlar\u0131nda g\u00f6t\u00fcrmeli. Birlikte \u00e7al\u0131\u015farak bu deneyimi zenginle\u015ftirmeye devam edece\u011fiz.\u201d<\/em><\/b> ifadelerine yer verdi.<\/p>\n<p><img decoding=\"async\" src=\"https:\/\/bihavadis.com\/wp-content\/uploads\/2026\/02\/emitt-ziyaretcilerini-bu-yil-istanbul-fuar-merkezinde-agirliyor-5-Dm63MdRS.jpg\"\/><\/p>\n<p><strong>T\u00dcRSAB, ADA KIBRIS TANITIM KAMPANYASI\u2019NI DESTEKL\u0130YOR<\/strong><\/p>\n<p><b><em>\u201cFuarlar, payda\u015flar\u0131n bir araya geldi\u011fi ve ticari g\u00f6r\u00fc\u015fmelerin en anlaml\u0131 bir \u015fekilde sonu\u00e7land\u0131\u011f\u0131 platformlard\u0131r.\u201d <\/em><\/b>s\u00f6zleriyle konu\u015fmas\u0131na ba\u015flayan T\u00dcRSAB Y\u00f6netim Kurulu Ba\u015fkan Yard\u0131mc\u0131s\u0131 Davut G\u00fcnayd\u0131n, s\u00f6zlerini \u015f\u00f6yle s\u00fcrd\u00fcrd\u00fc:<\/p>\n<p>T\u00dcRSAB olarak Ada K\u0131br\u0131s Tan\u0131t\u0131m Kampanyas\u0131\u2019n\u0131 destekliyoruz ve bu kapsamda T\u00fcrkiye\u2019deki tan\u0131t\u0131mlar\u0131na \u00f6n\u00fcm\u00fczdeki hafta Diyarbak\u0131r\u2019dan ba\u015fl\u0131yoruz. Oradan sonra da \u00fclkemizin pek \u00e7ok noktas\u0131nda tan\u0131t\u0131mlara devam edece\u011fiz. T\u00fcrkiye tek haneli b\u00fcy\u00fcme de\u011fil, \u00e7ift haneli b\u00fcy\u00fcmeyi hak eden bir \u00fclke. Bunun i\u00e7in b\u00fct\u00fcn g\u00fczellikleriyle, turizm yat\u0131r\u0131mlar\u0131yla ve payda\u015flar\u0131yla \u00e7ift haneli b\u00fcy\u00fcmeyi hak ediyor. Bu noktada seyahat acentelerinin varl\u0131\u011f\u0131, T\u00fcrk turizmi i\u00e7in b\u00fcy\u00fck bir nimet.<\/p>\n<p><strong>\u0130STANBUL, KONGRELER SIRALAMASINDA 20\u2019NC\u0130 SIRAYA Y\u00dcKSELD\u0130<\/strong><\/p>\n<p>\u0130stanbul Ticaret Odas\u0131 Y\u00f6netim Kurulu \u00dcyesi Bahad\u0131r Ya\u015f\u0131k, <b><em>\u201c\u0130stanbul Ticaret Odas\u0131 ve Turizmi Geli\u015ftirme E\u011fitim vakf\u0131 olarak \u0130stanbul\u2019a uluslararas\u0131 kongreler getirmek i\u00e7in \u00e7al\u0131\u015f\u0131yoruz. Bu noktada ba\u015fkan\u0131m\u0131z\u0131n g\u00f6reve geldi\u011fi 2018 y\u0131l\u0131nda \u0130stanbul, kongreler s\u0131ralamas\u0131nda 133\u2019\u00fcnc\u00fc s\u0131radayd\u0131. Son a\u00e7\u0131klanan 2024 verilerine g\u00f6re ise \u0130stanbul d\u00fcnyada 20\u2019nci s\u0131raya kadar y\u00fckseldi. Bu a\u00e7\u0131dan EMITT gibi fuarlar bizler i\u00e7in hakikaten daha k\u0131ymetli hale geliyor. Bunun yan\u0131nda eyl\u00fcl ay\u0131nda \u0130stanbul\u2019da toplam \u00fc\u00e7 kongrede toplam 25 bin akademisyen doktoru a\u011f\u0131rlayaca\u011f\u0131z. Bu sayede yakla\u015f\u0131k 100 milyon dolarl\u0131k gelir hedefliyoruz. Bunun yan\u0131nda \u0130stanbul Fuar Merkezi\u2019ne 40 bin metrekarelik ek ilave alan da yapaca\u011f\u0131z ve iki y\u0131l i\u00e7inde faaliyete ge\u00e7irmeyi planl\u0131yoruz. B\u00f6ylelikle d\u00fcnyan\u0131n en b\u00fcy\u00fck fuar merkezlerinden birine d\u00f6n\u00fc\u015fecek ve 15-20 bin ki\u015filik b\u00fcy\u00fck fuarlar ger\u00e7ekle\u015ftirebilece\u011fiz.\u201d<\/em><\/b> dedi.<\/p>\n<p><img decoding=\"async\" src=\"https:\/\/bihavadis.com\/wp-content\/uploads\/2026\/02\/emitt-ziyaretcilerini-bu-yil-istanbul-fuar-merkezinde-agirliyor-6-7D5NMSzD.jpg\"\/><\/p>\n<p><strong>\u201cN\u0130TEL\u0130KL\u0130 \u0130L\u0130\u015eK\u0130LER\u0130N OLU\u015eACA\u011eI YEN\u0130 B\u0130R STRATEJ\u0130K D\u00d6NEME G\u0130RD\u0130K\u201d<\/strong><\/p>\n<p>T\u00dcROFED Y\u00f6netim Kurulu Ba\u015fkan\u0131 Erkan Ya\u011fc\u0131 ise konu\u015fmas\u0131nda, <b><em>\u201cT\u00fcrkiye turist g\u00f6nderen bir \u00fclkeden daha \u00e7ok turist a\u011f\u0131rlayan bir \u00fclke. Biz de T\u00dcRFOFED olarak t\u00fcm y\u00f6netim kurulu \u00fcyelerimizde beraber \u00e7abalayarak \u00fclkemize bu ba\u015faran\u0131n gelmesinde \u00e7ok b\u00fcy\u00fck emek harc\u0131yoruz. Bunun i\u00e7in hem kamuyla yak\u0131ndan \u00e7al\u0131\u015f\u0131yor hem de di\u011fer sivil toplum \u00f6rg\u00fctleriyle ortaya \u00e7\u0131kan sorunlar\u0131 do\u011fru zaman\u0131nda \u00e7\u00f6z\u00fcme kavu\u015fturuyoruz. EMITT de T\u00fcrkiye turizm tarihiyle beraber b\u00fcy\u00fcyen bir fuar ve bug\u00fcn \u00e7ok daha yenilenerek iyi yerlere gelmesinin ilk ad\u0131m\u0131n\u0131 her beraber at\u0131yoruz. Bununla birlikte nitelikli ili\u015fkilerin olu\u015faca\u011f\u0131 yeni bir stratejik d\u00f6neme de girmi\u015f bulunuyoruz. K\u00fcresel \u00f6l\u00e7ekte bakt\u0131\u011f\u0131m\u0131zda T\u00fcrkiye turizmi ve d\u00fcnya turizmi b\u00fcy\u00fcyor. Bu noktada turizm rekabetinin daha da artt\u0131\u011f\u0131, rekabetin daha da yo\u011funla\u015ft\u0131\u011f\u0131 bir d\u00f6neme girdik. \u0130\u015fler kolay olmayacak ve daha da zorla\u015facak \u00e7\u00fcnk\u00fc tam rekabet ortam\u0131n\u0131n a\u00e7\u0131ld\u0131\u011f\u0131 bir piyasa yap\u0131s\u0131 mevcut. Bunun i\u00e7in daha \u00e7ok \u00e7al\u0131\u015fmal\u0131y\u0131z. Bug\u00fcne kadar kazand\u0131\u011f\u0131m\u0131z ekonomik ve manevi de\u011ferlerin devam edebilmesi ve sekt\u00f6r\u00fcn s\u00fcrd\u00fcr\u00fclebilir hale gelmesi i\u00e7in de turizmdeki ba\u015far\u0131y\u0131 \u00f6n\u00fcm\u00fczdeki y\u0131llarda da devam ettirmemiz laz\u0131m.\u201d<\/em><\/b> ifadelerini kulland\u0131.<\/p>\n","protected":false},"excerpt":{"rendered":"<p>Do\u011fu Akdeniz ve Avrasya\u2019n\u0131n turizm bulu\u015fma noktas\u0131 EMITT, 29\u2019uncu kez kap\u0131lar\u0131n\u0131 a\u00e7t\u0131.<\/p>\n","protected":false},"author":1,"featured_media":24825,"comment_status":"open","ping_status":"open","sticky":false,"template":"","format":"standard","meta":{"footnotes":""},"categories":[8],"tags":[433,538,511,517,2414],"class_list":["post-24824","post","type-post","status-publish","format-standard","has-post-thumbnail","hentry","category-ekonomi","tag-fuar","tag-istanbul","tag-turizm","tag-turk","tag-yuk"],"_links":{"self":[{"href":"https:\/\/bihavadis.com\/index.php\/wp-json\/wp\/v2\/posts\/24824","targetHints":{"allow":["GET"]}}],"collection":[{"href":"https:\/\/bihavadis.com\/index.php\/wp-json\/wp\/v2\/posts"}],"about":[{"href":"https:\/\/bihavadis.com\/index.php\/wp-json\/wp\/v2\/types\/post"}],"author":[{"embeddable":true,"href":"https:\/\/bihavadis.com\/index.php\/wp-json\/wp\/v2\/users\/1"}],"replies":[{"embeddable":true,"href":"https:\/\/bihavadis.com\/index.php\/wp-json\/wp\/v2\/comments?post=24824"}],"version-history":[{"count":1,"href":"https:\/\/bihavadis.com\/index.php\/wp-json\/wp\/v2\/posts\/24824\/revisions"}],"predecessor-version":[{"id":24833,"href":"https:\/\/bihavadis.com\/index.php\/wp-json\/wp\/v2\/posts\/24824\/revisions\/24833"}],"wp:featuredmedia":[{"embeddable":true,"href":"https:\/\/bihavadis.com\/index.php\/wp-json\/wp\/v2\/media\/24825"}],"wp:attachment":[{"href":"https:\/\/bihavadis.com\/index.php\/wp-json\/wp\/v2\/media?parent=24824"}],"wp:term":[{"taxonomy":"category","embeddable":true,"href":"https:\/\/bihavadis.com\/index.php\/wp-json\/wp\/v2\/categories?post=24824"},{"taxonomy":"post_tag","embeddable":true,"href":"https:\/\/bihavadis.com\/index.php\/wp-json\/wp\/v2\/tags?post=24824"}],"curies":[{"name":"wp","href":"https:\/\/api.w.org\/{rel}","templated":true}]}}