{"id":24942,"date":"2026-02-10T02:39:07","date_gmt":"2026-02-10T02:39:07","guid":{"rendered":"https:\/\/bihavadis.com\/?p=24942"},"modified":"2026-02-10T02:39:07","modified_gmt":"2026-02-10T02:39:07","slug":"turk-kizilay-ramazanda-18-milyar-tl-destekle-75-milyon-kisiye-ulasacak","status":"publish","type":"post","link":"https:\/\/bihavadis.com\/index.php\/2026\/02\/10\/turk-kizilay-ramazanda-18-milyar-tl-destekle-75-milyon-kisiye-ulasacak\/","title":{"rendered":"T\u00fcrk K\u0131z\u0131lay Ramazan&#8217;da 1,8 Milyar TL Destekle 7,5 Milyon Ki\u015fiye Ula\u015facak"},"content":{"rendered":"<p>\u00dclkemizde ve d\u00fcnyan\u0131n d\u00f6rt bir yan\u0131nda insani yard\u0131mlar, sosyal destek programlar\u0131, kan ba\u011f\u0131\u015f\u0131 organizasyonlar\u0131 ve uluslararas\u0131 insani diplomasi faaliyetleriyle her y\u0131l milyonlarca insana ula\u015fan T\u00fcrk K\u0131z\u0131lay, bu y\u0131l da Ramazan kampanyas\u0131n\u0131 ba\u015flatt\u0131.\u00a0\u201cBu Ramazan\u2019da da Bir Ba\u015f\u0131na Olanlar\u0131n Yan\u0131 Ba\u015f\u0131nday\u0131z\u201d slogan\u0131yla hayata ge\u00e7en kampanyan\u0131n detaylar\u0131, T\u00fcrk K\u0131z\u0131lay K\u0131s\u0131kl\u0131 Merkez Binas\u0131\u2019nda d\u00fczenlenen bas\u0131n toplant\u0131s\u0131yla kamuoyuyla payla\u015f\u0131ld\u0131.\u00a0<\/p>\n<p><strong>\u201cNerede bir insani ihtiya\u00e7 varsa orada olaca\u011f\u0131z\u201d<\/strong><\/p>\n<p>Kampanya filminin g\u00f6sterimiyle ba\u015flayan toplant\u0131da konu\u015fan T\u00fcrk K\u0131z\u0131lay Genel Ba\u015fkan\u0131 Prof. Dr. Fatma Meri\u00e7 Y\u0131lmaz, \u201cBu Ramazan ay\u0131nda da nerede bir insani ihtiya\u00e7 varsa orada olaca\u011f\u0131z\u201d diyerek, \u015funlar\u0131 s\u00f6yledi:<\/p>\n<p>\u201cGe\u00e7ti\u011fimiz y\u0131l Ramazan ay\u0131 boyunca \u00fclkemizde ve ba\u015fta Gazze olmak \u00fczere d\u00fcnyan\u0131n farkl\u0131 b\u00f6lgelerinde y\u00fcr\u00fctt\u00fc\u011f\u00fcm\u00fcz yard\u0131m \u00e7al\u0131\u015fmalar\u0131yla toplam 5.2 milyon ihtiya\u00e7 sahibine ula\u015ft\u0131k. Bu y\u0131l da nakdi ve ayni yard\u0131mlar, a\u015fevlerimiz vas\u0131tas\u0131yla yapaca\u011f\u0131m\u0131z iftarl\u0131k da\u011f\u0131t\u0131mlar\u0131, bayraml\u0131k deste\u011fi, yurt i\u00e7inde ve ba\u015fta Filistin olmak \u00fczere yurt d\u0131\u015f\u0131nda kuraca\u011f\u0131m\u0131z iftar sofralar\u0131yla yurt i\u00e7inde 4 milyon 485 bin, yurt d\u0131\u015f\u0131nda 2 milyon 965 bin ihtiya\u00e7 sahibi olmak \u00fczere toplamda 7 milyon 450 bin ihtiya\u00e7 sahibine 1 milyar 779 milyon 274 bin TL yard\u0131m ula\u015ft\u0131rmay\u0131 hedefliyoruz.\u00a0Uzman personelimiz ve g\u00f6n\u00fcll\u00fclerimizle sahada adeta Ramazan seferberli\u011fi y\u00fcr\u00fctece\u011fiz. 451 bin g\u00f6n\u00fcll\u00fcm\u00fcz 81 ilde her kap\u0131y\u0131 \u00e7alacak, iyili\u011fi ve dayan\u0131\u015fmay\u0131 her sofraya ta\u015f\u0131yacak. G\u00f6n\u00fcll\u00fclerimizin g\u00fcc\u00fc ve enerjisiyle bu Ramazan\u2019da da bir ba\u015f\u0131na olanlar\u0131n yan\u0131 ba\u015f\u0131nda olaca\u011f\u0131z. Bu vesileyle T\u00fcrk K\u0131z\u0131lay\u2019\u0131n karde\u015flik sofras\u0131na katk\u0131 sunmak isteyen hay\u0131rseverleri, \u2018Bu Ramazan \u00e7orbada benim de tuzum olsun\u2019 diyenleri ba\u011f\u0131\u015flar\u0131yla destek olmaya davet ediyorum.\u201d<\/p>\n<p><strong>G\u0131da kolileri \u00fc\u00e7 farkl\u0131 tipte haz\u0131rland\u0131<\/strong><\/p>\n<p>K\u0131z\u0131lay, Ramazan boyunca T\u00fcrkiye genelinde 891 bin 456 ihtiya\u00e7 sahibine 411 milyon 518 bin TL\u2019lik nakdi; 47 bin 747 ki\u015fiye de 22 milyon 811 bin TL\u2019lik ayni yard\u0131mda bulunacak. G\u0131da kolileri bu y\u0131l hanelerin farkl\u0131la\u015fan ihtiya\u00e7lar\u0131 g\u00f6zetilerek, \u00fc\u00e7 farkl\u0131 tipte haz\u0131rland\u0131. Koliler, 1 hafta, 15 g\u00fcn ve 30 g\u00fcnl\u00fck mutfak ihtiya\u00e7lar\u0131n\u0131 kar\u015f\u0131layacak \u015fekilde miktar ve i\u00e7erik bak\u0131m\u0131ndan de\u011fi\u015fiklik g\u00f6sterecek.\u00a0<\/p>\n<p><strong>Market kodlar\u0131yla al\u0131\u015fveri\u015f, \u2018G\u00f6t\u00fcr Bir \u0130yilik\u2019 hareketi\u00a0<\/strong><\/p>\n<p>K\u0131z\u0131lay, g\u0131da kolisi yard\u0131mlar\u0131 i\u00e7in bu y\u0131l iki farkl\u0131 i\u015f birli\u011fi ger\u00e7ekle\u015ftirdi. Buna g\u00f6re Tar\u0131m Kredi Kooperatifleri i\u015f birli\u011fi ile ihtiya\u00e7 sahipleri kooperatif ma\u011fazalar\u0131nda ge\u00e7erli 3000 TL de\u011ferinde market kodlar\u0131yla temel g\u0131da al\u0131\u015fveri\u015flerini yapabilecek. \u2018G\u00f6t\u00fcr Bir \u0130yilik\u2019 temas\u0131yla Migros ile yap\u0131lan i\u015f birli\u011finde ise g\u0131da kolileri Migros\u2019ta online olarak sat\u0131n al\u0131n\u0131p ba\u011f\u0131\u015flanabilecek. Bu \u015fekilde ba\u011f\u0131\u015flanan g\u0131da kolileri, ihtiya\u00e7 sahibine ula\u015ft\u0131\u011f\u0131 anda ba\u011f\u0131\u015f\u00e7\u0131 SMS yoluyla bilgilendirilecek. G\u0131da yard\u0131mlar\u0131 \u00fclke genelinde 686 binden fazla ki\u015fiye ula\u015facak.\u00a0<\/p>\n<p><strong>Karde\u015flik sofralar\u0131 kurulacak<\/strong><\/p>\n<p>Ramazan\u2019da 45 a\u015fevi arac\u0131l\u0131\u011f\u0131yla g\u00fcnde 61 bin 718 ki\u015fiye iftarl\u0131k s\u0131cak yemek da\u011f\u0131tacak K\u0131z\u0131lay, \u015fubeleri arac\u0131l\u0131\u011f\u0131yla da 570 bini a\u015fk\u0131n ki\u015filik iftar deste\u011fi sa\u011flayacak. Ba\u015fta \u0130stanbul, Ankara ve \u0130zmir gibi b\u00fcy\u00fck\u015fehirler olmak \u00fczere pek \u00e7ok \u015fehrin meydan\u0131nda 360 bin \u00f6\u011f\u00fcn \u00e7orba da\u011f\u0131t\u0131m\u0131 yapacak K\u0131z\u0131lay, Ramazan\u2019\u0131n payla\u015fma ruhunu meydanlarda ya\u015fatacak.<\/p>\n<p><strong>Bayraml\u0131klar se\u00e7ilecek, har\u00e7l\u0131klar verilecek<\/strong><\/p>\n<p>Ramazan boyunca 118 milyon 61 bin TL de\u011ferinde bayraml\u0131k deste\u011finden 107 bin 907 ki\u015fi yararlanacak. \u0130htiya\u00e7 sahipleri K\u0131z\u0131lay Butiklerinden ihtiya\u00e7lar\u0131n\u0131 kar\u015f\u0131layabilecek. Bunun yan\u0131nda K\u0131z\u0131lay, bayram\u0131n ne\u015fesini \u00e7o\u011faltmak i\u00e7in \u00e7ocuklara 250 TL\u2019lik bayram har\u00e7l\u0131\u011f\u0131 da\u011f\u0131tacak.<\/p>\n<p><strong>Gazze\u2019deki a\u015fevinin kapasitesi iki kat\u0131na \u00e7\u0131kacak<\/strong><\/p>\n<p>K\u0131z\u0131lay ba\u015fta Filistin olmak \u00fczere 21 \u00fclkede ihtiya\u00e7 sahiplerinin Ramazan ay\u0131nda da yan\u0131nda olacak. K\u0131z\u0131lay, Gazze\u2019de ilk g\u00fcnden beri devam eden ve halihaz\u0131rda g\u00fcnl\u00fck 30 bin ki\u015finin s\u0131cak yemek ihtiyac\u0131n\u0131 kar\u015f\u0131layan a\u015fevinin kapasitesini iftar ve sahurda iki kat\u0131na \u00e7\u0131kararak, ay boyunca 1 milyon 800 bin ki\u015fiye iftarl\u0131k deste\u011fi sunacak.<\/p>\n<p><strong>Farkl\u0131 ba\u011f\u0131\u015f kanallar\u0131ndan ula\u015fmak m\u00fcmk\u00fcn<\/strong><\/p>\n<p>Hay\u0131rseverler K\u0131z\u0131lay\u2019\u0131n Ramazan yard\u0131mlar\u0131na zek\u00e2t, fitre, fidye, yurt i\u00e7i ve yurt d\u0131\u015f\u0131 g\u0131da yard\u0131m\u0131, iftar sofras\u0131 ve bayraml\u0131k se\u00e7enekleriyle katk\u0131 sunabiliyor. Ba\u011f\u0131\u015flar\u0131n\u0131 K\u0131z\u0131lay\u2019a yapmak isteyenler \u2018fitre\u2019, \u2018fidye\u2019, \u2018iftar ve sahur sofras\u0131\u2019 yaz\u0131p 1877\u2019ye g\u00f6nderebiliyor. A\u015fevlerine destek olmak isteyenler 240 TL \u00f6\u011f\u00fcn bedeli ve katlar\u0131 olacak \u015fekilde katk\u0131 sunabilirken, dileyen yard\u0131mseverler 2000 TL\u2019lik ba\u011f\u0131\u015fla bayraml\u0131k deste\u011fi verebiliyor. Ayr\u0131ca kizilay.org.tr internet sitesi \u00fczerinden, kolay ba\u011f\u0131\u015f uygulamas\u0131ndan, t\u00fcm bankalardan, mobil bankac\u0131l\u0131ktan, \u015fubeler ve temsilcilikler arac\u0131l\u0131\u011f\u0131yla ya da 168 \u00e7a\u011fr\u0131 merkezini arayarak da K\u0131z\u0131lay\u2019a ba\u011f\u0131\u015f ula\u015ft\u0131rmak m\u00fcmk\u00fcn.<\/p>\n<p>\u00a0<\/p>\n<p>Kaynak: (BYZHA) Beyaz Haber Ajans\u0131<\/p>\n","protected":false},"excerpt":{"rendered":"<p>\u00dclkemizde ve d\u00fcnyan\u0131n d\u00f6rt bir yan\u0131nda insani yard\u0131mlar, sosyal destek programlar\u0131, kan ba\u011f\u0131\u015f\u0131 organizasyonlar\u0131 ve uluslararas\u0131 insani diplomasi faaliyetleriyle her y\u0131l milyonlarca insana ula\u015fan T\u00fcrk K\u0131z\u0131lay, bu y\u0131l da Ramazan kampanyas\u0131n\u0131 ba\u015flatt\u0131.<\/p>\n","protected":false},"author":1,"featured_media":24943,"comment_status":"open","ping_status":"open","sticky":false,"template":"","format":"standard","meta":{"footnotes":""},"categories":[8],"tags":[2430,705,266,2714,579],"class_list":["post-24942","post","type-post","status-publish","format-standard","has-post-thumbnail","hentry","category-ekonomi","tag-bagis","tag-gida","tag-milyon","tag-ramazan","tag-yardim"],"_links":{"self":[{"href":"https:\/\/bihavadis.com\/index.php\/wp-json\/wp\/v2\/posts\/24942","targetHints":{"allow":["GET"]}}],"collection":[{"href":"https:\/\/bihavadis.com\/index.php\/wp-json\/wp\/v2\/posts"}],"about":[{"href":"https:\/\/bihavadis.com\/index.php\/wp-json\/wp\/v2\/types\/post"}],"author":[{"embeddable":true,"href":"https:\/\/bihavadis.com\/index.php\/wp-json\/wp\/v2\/users\/1"}],"replies":[{"embeddable":true,"href":"https:\/\/bihavadis.com\/index.php\/wp-json\/wp\/v2\/comments?post=24942"}],"version-history":[{"count":1,"href":"https:\/\/bihavadis.com\/index.php\/wp-json\/wp\/v2\/posts\/24942\/revisions"}],"predecessor-version":[{"id":24944,"href":"https:\/\/bihavadis.com\/index.php\/wp-json\/wp\/v2\/posts\/24942\/revisions\/24944"}],"wp:featuredmedia":[{"embeddable":true,"href":"https:\/\/bihavadis.com\/index.php\/wp-json\/wp\/v2\/media\/24943"}],"wp:attachment":[{"href":"https:\/\/bihavadis.com\/index.php\/wp-json\/wp\/v2\/media?parent=24942"}],"wp:term":[{"taxonomy":"category","embeddable":true,"href":"https:\/\/bihavadis.com\/index.php\/wp-json\/wp\/v2\/categories?post=24942"},{"taxonomy":"post_tag","embeddable":true,"href":"https:\/\/bihavadis.com\/index.php\/wp-json\/wp\/v2\/tags?post=24942"}],"curies":[{"name":"wp","href":"https:\/\/api.w.org\/{rel}","templated":true}]}}