{"id":24948,"date":"2026-02-10T02:45:07","date_gmt":"2026-02-10T02:45:07","guid":{"rendered":"https:\/\/bihavadis.com\/?p=24948"},"modified":"2026-02-10T02:45:07","modified_gmt":"2026-02-10T02:45:07","slug":"tel-avivde-filistinli-protesto-sesimizi-duyun","status":"publish","type":"post","link":"https:\/\/bihavadis.com\/index.php\/2026\/02\/10\/tel-avivde-filistinli-protesto-sesimizi-duyun\/","title":{"rendered":"Tel Aviv&#8217;de Filistinli Protesto: Sesimizi Duyun!"},"content":{"rendered":"<p> \u0130srail polisinin Arap b\u00f6lgelerinde i\u015flenen su\u00e7lara sessiz kalarak su\u00e7lular\u0131 te\u015fvik etmesine kar\u015f\u0131 on binlerce \u0130srail vatanda\u015f\u0131 Filistinli ba\u015fkent Tel Aviv&#8217;de protesto d\u00fczenledi.<\/p>\n<p>\u0130srail&#8217;deki Y\u00fcksek Arap Takip Komitesi ve \u00fclkedeki \u00e7e\u015fitli insan haklar\u0131 kurulu\u015flar\u0131n\u0131n \u00e7a\u011fr\u0131s\u0131yla Habima Meydan\u0131&#8217;nda d\u00fczenlenen geni\u015f kat\u0131l\u0131ml\u0131 g\u00f6steriye 40 binin \u00fczerinde \u0130srail vatanda\u015f\u0131 Filistinli kat\u0131ld\u0131.<\/p>\n<p>G\u00f6stericiler Tel Aviv Sanat M\u00fczesi \u00f6n\u00fcnden ellerinde siyah bayraklar, &#8220;su\u00e7 sava\u015f\u0131n\u0131 durdurun&#8221;, &#8220;polis ve h\u00fck\u00fcmet su\u00e7 orta\u011f\u0131d\u0131r&#8221; yaz\u0131l\u0131 pankartlar ta\u015f\u0131yarak Habima Meydan\u0131&#8217;na do\u011fru y\u00fcr\u00fcy\u00fc\u015fe ge\u00e7ti.<\/p>\n<p>Arap b\u00f6lgelerinde ya\u015fanan \u015fiddet olaylar\u0131nda \u00f6ld\u00fcr\u00fclen yak\u0131nlar\u0131n\u0131n foto\u011fraflar\u0131n\u0131 ta\u015f\u0131yan bir grup kad\u0131n h\u00fck\u00fcmetin t\u00fcm ya\u015fananlara sessiz kald\u0131\u011f\u0131na dikkati \u00e7ekti.<\/p>\n<p>\u0130srail polisi ve h\u00fck\u00fcmetinin Arap b\u00f6lgelerindeki \u015fiddet ve su\u00e7 olaylar\u0131na sessizli\u011fi k\u0131nand\u0131\u011f\u0131 g\u00f6steriye kat\u0131lan kad\u0131nlardan biri, &#8220;\u0130srail kimlik kart\u0131m\u0131z var ama h\u00fck\u00fcmet bizim i\u00e7in hi\u00e7bir \u015fey yapm\u0131yor.&#8221; ifadelerini kulland\u0131.<\/p>\n<p>&#8220;\u0130srail kurulmadan \u00f6nce de buradayd\u0131k&#8221;<\/p>\n<p>\u0130srail g\u00fcneyinde bulunan Necef \u00c7\u00f6l\u00fc&#8217;ndeki Rahat beldesinin Belediye Ba\u015fkan\u0131 Talal el-Kirenavi, g\u00f6stericilere hitaben yapt\u0131\u011f\u0131 konu\u015fmada, &#8220;\u0130srail h\u00fck\u00fcmeti Necef&#8217;teki Arap vatanda\u015flar\u0131n\u0131 su\u00e7lu olarak g\u00f6steriyor ancak biz su\u00e7lu de\u011filiz. Aram\u0131zda doktorlar, m\u00fchendisler ve toplu ta\u015f\u0131ma \u015fof\u00f6rleri var. Biz ter\u00f6rist de\u011filiz, aksine bu halk\u0131n evlatlar\u0131y\u0131z ve \u0130srail kurulmadan \u00f6nce de buradayd\u0131k.&#8221; dedi.<\/p>\n<p>\u0130srail Arab48 haber sitesine konu\u015fan Arap Topluluklar\u0131n\u0131 Takip Komisyonu Ba\u015fkan\u0131 Cemal Zehalika ise &#8220;Tel Aviv&#8217;deki g\u00f6steri, Sahnin&#8217;deki g\u00f6steri gibi \u00e7ok \u00f6nemli bir ad\u0131m te\u015fkil ediyor ve toplumdaki \u015fiddet ve su\u00e7 salg\u0131n\u0131n\u0131 ortadan kald\u0131rana kadar bu m\u00fccadeleye devam etmeliyiz.&#8221; \u015feklinde konu\u015ftu.<\/p>\n<p>\u0130srailli milletvekili: &#8220;Irk\u00e7\u0131 h\u00fck\u00fcmeti devirmek i\u00e7in birle\u015ftik&#8221;<\/p>\n<p>Demokratlar Partisi milletvekili Gilad Kariv, g\u00f6stericilere hitaben Ba\u015fbakan Binyamin Netanyahu liderli\u011findeki a\u015f\u0131r\u0131 sa\u011fc\u0131 h\u00fck\u00fcmeti devirmek i\u00e7in Arap ve liberal Yahudilerin birle\u015fti\u011fini s\u00f6yledi.<\/p>\n<p>Kariv, \u0130srail polisinin Arap b\u00f6lgelerindeki \u015fiddet ve su\u00e7 olaylar\u0131na sessiz kalmas\u0131 nedeniyle \u0131rk\u00e7\u0131 olarak niteledi\u011fi h\u00fck\u00fcmeti de k\u0131nad\u0131.<\/p>\n<p>The Times of Israel gazetesine de konu\u015fan Kariv, &#8220;Ba\u015fbakan Binyamin Netanyahu&#8217;dan (Ulusal G\u00fcvenlik Bakan\u0131 Itamar) Ben Gvir&#8217;i g\u00f6revden almas\u0131n\u0131 ortakla\u015fa talep ediyoruz. Bunu yapmayaca\u011f\u0131n\u0131 bildi\u011fimiz i\u00e7in, iste\u011fimiz bu \u0131rk\u00e7\u0131 h\u00fck\u00fcmeti de\u011fi\u015ftirmektir.&#8221; dedi.<\/p>\n<p>Kariv, &#8220;E\u011fer Ummul Fehm veya Sahnin&#8217;de bir anne \u00e7ocu\u011funun \u00f6\u011fleden sonra oyun park\u0131na gitmesine izin vermeyecek kadar kendini g\u00fcvensiz hissediyorsa bu Tel Aviv&#8217;de de g\u00fcvende olamayaca\u011f\u0131m\u0131z ve kendimizi g\u00fcvende hissedemeyece\u011fimiz anlam\u0131na gelir.&#8221; ifadelerini de kulland\u0131.<\/p>\n<p>Maariv gazetesine g\u00f6re, \u0130srail&#8217;deki Filistin toplumunda \u015fiddet g\u00f6r\u00fclmemi\u015f boyutlara ula\u015ft\u0131. 2026 y\u0131l\u0131n\u0131n ba\u015f\u0131ndan bu yana, 12&#8217;si silahla olmak \u00fczere 16 Filistinli \u00f6ld\u00fcr\u00fcld\u00fc.<\/p>\n<p>Kanal 12, 2025 y\u0131l\u0131nda 252 Filistinlinin \u00f6ld\u00fcr\u00fcld\u00fc\u011f\u00fcn\u00fc ve bunun 230 ki\u015finin \u00f6ld\u00fcr\u00fcld\u00fc\u011f\u00fc 2024 y\u0131l\u0131na g\u00f6re yakla\u015f\u0131k y\u00fczde 10&#8217;luk bir art\u0131\u015fa tekab\u00fcl etti\u011fini aktard\u0131.<\/p>\n<p>48 Araplar\u0131 olarak da bilinen \u0130srail vatanda\u015f\u0131 Filistinliler, 10 milyonun \u00fczerindeki \u0130srail n\u00fcfusunun y\u00fczde 21&#8217;ini olu\u015fturuyor. Filistinliler, \u0130srail vatanda\u015f\u0131 olmalar\u0131na ra\u011fmen h\u00fck\u00fcmetin kendilerine kar\u015f\u0131 ayr\u0131mc\u0131 politikalar uygulad\u0131\u011f\u0131n\u0131 belirtiyor.<\/p>\n","protected":false},"excerpt":{"rendered":"<p>\u0130srail&#8217;de Arap b\u00f6lgelerindeki polis sessizli\u011fine kar\u015f\u0131 40 bin Filistinli Tel Aviv&#8217;de protesto d\u00fczenledi.<\/p>\n","protected":false},"author":1,"featured_media":24949,"comment_status":"open","ping_status":"open","sticky":false,"template":"","format":"standard","meta":{"footnotes":""},"categories":[9,4,13],"tags":[2695,2531,100,792,286],"class_list":["post-24948","post","type-post","status-publish","format-standard","has-post-thumbnail","hentry","category-genel","category-gundem","category-son-dakika","tag-arap","tag-gosteri","tag-hukumet","tag-israil","tag-suc"],"_links":{"self":[{"href":"https:\/\/bihavadis.com\/index.php\/wp-json\/wp\/v2\/posts\/24948","targetHints":{"allow":["GET"]}}],"collection":[{"href":"https:\/\/bihavadis.com\/index.php\/wp-json\/wp\/v2\/posts"}],"about":[{"href":"https:\/\/bihavadis.com\/index.php\/wp-json\/wp\/v2\/types\/post"}],"author":[{"embeddable":true,"href":"https:\/\/bihavadis.com\/index.php\/wp-json\/wp\/v2\/users\/1"}],"replies":[{"embeddable":true,"href":"https:\/\/bihavadis.com\/index.php\/wp-json\/wp\/v2\/comments?post=24948"}],"version-history":[{"count":1,"href":"https:\/\/bihavadis.com\/index.php\/wp-json\/wp\/v2\/posts\/24948\/revisions"}],"predecessor-version":[{"id":24950,"href":"https:\/\/bihavadis.com\/index.php\/wp-json\/wp\/v2\/posts\/24948\/revisions\/24950"}],"wp:featuredmedia":[{"embeddable":true,"href":"https:\/\/bihavadis.com\/index.php\/wp-json\/wp\/v2\/media\/24949"}],"wp:attachment":[{"href":"https:\/\/bihavadis.com\/index.php\/wp-json\/wp\/v2\/media?parent=24948"}],"wp:term":[{"taxonomy":"category","embeddable":true,"href":"https:\/\/bihavadis.com\/index.php\/wp-json\/wp\/v2\/categories?post=24948"},{"taxonomy":"post_tag","embeddable":true,"href":"https:\/\/bihavadis.com\/index.php\/wp-json\/wp\/v2\/tags?post=24948"}],"curies":[{"name":"wp","href":"https:\/\/api.w.org\/{rel}","templated":true}]}}