{"id":24968,"date":"2026-02-10T03:03:09","date_gmt":"2026-02-10T03:03:09","guid":{"rendered":"https:\/\/bihavadis.com\/?p=24968"},"modified":"2026-02-10T03:03:09","modified_gmt":"2026-02-10T03:03:09","slug":"fenerbahce-sidiki-cherifi-istanbula-getirdi","status":"publish","type":"post","link":"https:\/\/bihavadis.com\/index.php\/2026\/02\/10\/fenerbahce-sidiki-cherifi-istanbula-getirdi\/","title":{"rendered":"Fenerbah\u00e7e, Sidiki Cherif&#8217;i \u0130stanbul&#8217;a Getirdi"},"content":{"rendered":"<p> Fenerbah\u00e7e&#8217;nin transfer g\u00f6r\u00fc\u015fmelerinde bulundu\u011fu Frans\u0131z futbolcu Sidiki Cherif, \u0130stanbul&#8217;a geldi.<\/p>\n<p>Transfer \u00e7al\u0131\u015fmalar\u0131n\u0131 s\u00fcrd\u00fcren Fenerbah\u00e7e forvet hatt\u0131na takviye yapt\u0131. Sar\u0131-lacivertliler, bu kapsamda Fransa Ligue1 ekibi Angers formas\u0131 giyen Sidiki Cherif ile anla\u015fma sa\u011flad\u0131. 19 ya\u015f\u0131ndaki futbolcu transfer g\u00f6r\u00fc\u015fmelerini ilerletmek \u00fczere Paris&#8217;ten kalkan \u00f6zel u\u00e7akla \u0130stanbul&#8217;a indi. Frans\u0131z futbolcu ailesiyle birlikte pasaport kontrollerinin ard\u0131ndan Atat\u00fcrk Havaliman\u0131 Genel Havac\u0131l\u0131k Terminali&#8217;nden \u015fehre giri\u015f yapt\u0131. Gen\u00e7 oyuncuya Fenerbah\u00e7e Y\u00f6netim Kurulu \u00dcyesi Taner Sonmezer e\u015flik etti.<\/p>\n<p>Bir grup Fenerbah\u00e7e taraftar\u0131n\u0131n tezah\u00fcratlarla kar\u015f\u0131lad\u0131\u011f\u0131 Frans\u0131z futbolcu daha sonra havaliman\u0131nda kendisini bekleyen ara\u00e7la alandan ayr\u0131ld\u0131.<\/p>\n<p>Sidiki Cherif, sa\u011fl\u0131k kontrol\u00fcnden ge\u00e7tikten sonra Fenerbah\u00e7e ile 4.5 y\u0131ll\u0131k s\u00f6zle\u015fme imzalayacak. &#8211; \u0130STANBUL<\/p>\n","protected":false},"excerpt":{"rendered":"<p>Fenerbah\u00e7e, Angers&#8217;tan gen\u00e7 futbolcu Sidiki Cherif ile anla\u015ft\u0131, sa\u011fl\u0131k kontrol\u00fc sonras\u0131 s\u00f6zle\u015fme imzalayacak.<\/p>\n","protected":false},"author":1,"featured_media":24969,"comment_status":"open","ping_status":"open","sticky":false,"template":"","format":"standard","meta":{"footnotes":""},"categories":[14],"tags":[1858],"class_list":["post-24968","post","type-post","status-publish","format-standard","has-post-thumbnail","hentry","category-spor","tag-fenerbahce"],"_links":{"self":[{"href":"https:\/\/bihavadis.com\/index.php\/wp-json\/wp\/v2\/posts\/24968","targetHints":{"allow":["GET"]}}],"collection":[{"href":"https:\/\/bihavadis.com\/index.php\/wp-json\/wp\/v2\/posts"}],"about":[{"href":"https:\/\/bihavadis.com\/index.php\/wp-json\/wp\/v2\/types\/post"}],"author":[{"embeddable":true,"href":"https:\/\/bihavadis.com\/index.php\/wp-json\/wp\/v2\/users\/1"}],"replies":[{"embeddable":true,"href":"https:\/\/bihavadis.com\/index.php\/wp-json\/wp\/v2\/comments?post=24968"}],"version-history":[{"count":1,"href":"https:\/\/bihavadis.com\/index.php\/wp-json\/wp\/v2\/posts\/24968\/revisions"}],"predecessor-version":[{"id":24970,"href":"https:\/\/bihavadis.com\/index.php\/wp-json\/wp\/v2\/posts\/24968\/revisions\/24970"}],"wp:featuredmedia":[{"embeddable":true,"href":"https:\/\/bihavadis.com\/index.php\/wp-json\/wp\/v2\/media\/24969"}],"wp:attachment":[{"href":"https:\/\/bihavadis.com\/index.php\/wp-json\/wp\/v2\/media?parent=24968"}],"wp:term":[{"taxonomy":"category","embeddable":true,"href":"https:\/\/bihavadis.com\/index.php\/wp-json\/wp\/v2\/categories?post=24968"},{"taxonomy":"post_tag","embeddable":true,"href":"https:\/\/bihavadis.com\/index.php\/wp-json\/wp\/v2\/tags?post=24968"}],"curies":[{"name":"wp","href":"https:\/\/api.w.org\/{rel}","templated":true}]}}