{"id":24990,"date":"2026-02-10T03:27:09","date_gmt":"2026-02-10T03:27:09","guid":{"rendered":"https:\/\/bihavadis.com\/?p=24990"},"modified":"2026-02-10T03:27:09","modified_gmt":"2026-02-10T03:27:09","slug":"kardemir-celik-ihracatta-pazar-cesitliligi-ve-stratejik-direncle-ilerliyor","status":"publish","type":"post","link":"https:\/\/bihavadis.com\/index.php\/2026\/02\/10\/kardemir-celik-ihracatta-pazar-cesitliligi-ve-stratejik-direncle-ilerliyor\/","title":{"rendered":"Kardemir \u00c7elik ihracatta pazar \u00e7e\u015fitlili\u011fi ve stratejik diren\u00e7le ilerliyor"},"content":{"rendered":"<p>Kardemir \u00c7elik Y\u00f6netim Kurulu \u00dcyesi \u00d6zlem Bak\u0131rel, <b><em>\u201cBelirsizliklerin artt\u0131\u011f\u0131 d\u00f6nemlerde geri \u00e7ekilmek kolayd\u0131r, as\u0131l mesele pazarlarda kal\u0131c\u0131 ve g\u00fc\u00e7l\u00fc bir konum in\u015fa edebilmektir. Kardemir \u00c7elik olarak ihracatta derinle\u015ferek rekabet g\u00fcc\u00fcm\u00fcz\u00fc uzun vadeli yat\u0131r\u0131mlarla peki\u015ftirmeyi hedefliyoruz.\u201d <\/em><\/b>dedi.<\/p>\n<p>Demir-\u00e7elik sekt\u00f6r\u00fcnde k\u00fcresel talep dalgalanmalar\u0131, enerji maliyetleri ve ticaret politikalar\u0131 risk olu\u015fturmaya devam ederken, Kardemir \u00c7elik bu s\u00fcreci 100\u2019\u00fc a\u015fk\u0131n \u00fclkeye uzanan ihracat a\u011f\u0131, pazar \u00e7e\u015fitlili\u011fi, \u00fcretim esnekli\u011fi ve ihracat odakl\u0131 stratejilerle y\u00f6netiyor.<\/p>\n<p>\u015eirket, tek bir pazara ya da \u00fcr\u00fcne ba\u011f\u0131ml\u0131 kalmadan, her co\u011frafyan\u0131n ihtiyac\u0131na uygun \u00e7\u00f6z\u00fcmler geli\u015ftirerek uluslararas\u0131 pazarlardaki varl\u0131\u011f\u0131n\u0131 kal\u0131c\u0131 hale getirmeyi ama\u00e7l\u0131yor.<\/p>\n<p><strong>\u0130HRACATTA 30 YILI A\u015eAN DENEY\u0130M<\/strong><\/p>\n<p>Kardemir \u00c7elik\u2019in ihracat g\u00fcc\u00fcn\u00fcn ard\u0131nda 30 y\u0131l\u0131 a\u015fk\u0131n birikim, Kardemir b\u00fcnyesinde g\u00f6rev yapan uzman ekip ve y\u0131llara yay\u0131lan uluslararas\u0131 i\u015f birlikleri bulunuyor. \u015eirket; fuar kat\u0131l\u0131mlar\u0131, teknik geziler, pazar ara\u015ft\u0131rmalar\u0131, birebir m\u00fc\u015fteri ziyaretleri ve geli\u015fmi\u015f m\u00fc\u015fteri y\u00f6netim sistemleriyle kalite ve g\u00fcven odakl\u0131 bir ihracat yap\u0131s\u0131 in\u015fa ediyor.<\/p>\n<p>T\u00fcrkiye \u0130hracat\u00e7\u0131lar Meclisi\u2019nin (T\u0130M) <b><em>\u201cT\u00fcrkiye\u2019nin En B\u00fcy\u00fck 1000 \u0130hracat\u00e7\u0131s\u0131\u201d<\/em><\/b> listesinde 120\u2019nci s\u0131rada, sekt\u00f6r\u00fcnde ise 16\u2019nc\u0131 s\u0131rada yer alan Kardemir \u00c7elik, Ege \u0130hracat\u00e7\u0131 Birlikleri\u2019nin 2024 y\u0131l\u0131 verilerine g\u00f6re Ege B\u00f6lgesi\u2019nde demir ve demir d\u0131\u015f\u0131 metaller sekt\u00f6r\u00fcn\u00fcn en b\u00fcy\u00fck ikinci ihracat\u00e7\u0131s\u0131 konumunda bulunuyor.<\/p>\n<p><img decoding=\"async\" src=\"https:\/\/bihavadis.com\/wp-content\/uploads\/2026\/02\/kardemir-celik-ihracatta-pazar-cesitliligi-ve-stratejik-direncle-ilerliyor-0-MLZQA79a.jpg\"\/><\/p>\n<p><strong>\u201c\u00c7EK\u0130LMEK YER\u0130NE DER\u0130NLE\u015eMEY\u0130 SE\u00c7\u0130YORUZ\u201d<\/strong><\/p>\n<p>K\u00fcresel belirsizliklerin, maliyet bask\u0131lar\u0131n\u0131n ve korumac\u0131l\u0131k e\u011filimlerinin artt\u0131\u011f\u0131 bir d\u00f6nemde bir\u00e7ok \u015firket i\u00e7in en kolay tercihin geri \u00e7ekilmek oldu\u011funa dikkat \u00e7eken Kardemir \u00c7elik Y\u00f6netim Kurulu \u00dcyesi \u00d6zlem Bak\u0131rel, \u015firketin bu s\u00fcreci farkl\u0131 bir bak\u0131\u015f a\u00e7\u0131s\u0131yla y\u00f6netti\u011fini vurgulad\u0131. Bak\u0131rel, \u015funlar\u0131 s\u00f6yledi:<\/p>\n<p>Ancak biz Kardemir \u00c7elik olarak bunun yerine ihracatta kal\u0131c\u0131 olmay\u0131, bulundu\u011fumuz pazarlarda derinle\u015fmeyi ve uzun vadeli rekabet g\u00fcc\u00fcm\u00fcz\u00fc koruyacak stratejik ad\u0131mlar\u0131 atmay\u0131 se\u00e7iyoruz. \u00c7\u00fcnk\u00fc s\u00fcrd\u00fcr\u00fclebilir b\u00fcy\u00fcmenin konjonkt\u00fcre g\u00f6re pozisyon de\u011fi\u015ftirmekten de\u011fil, zor d\u00f6nemlerde dahi vizyonunu koruyabilmekten ge\u00e7ti\u011fine inan\u0131yoruz.<\/p>\n<p><img decoding=\"async\" src=\"https:\/\/bihavadis.com\/wp-content\/uploads\/2026\/02\/kardemir-celik-ihracatta-pazar-cesitliligi-ve-stratejik-direncle-ilerliyor-1-jHiliOim.jpg\"\/><\/p>\n<p><strong>K\u00dcRESEL TALEPLER DO\u011eRULTUSUNDA YATIRIM<\/strong><\/p>\n<p>Stratejik yakla\u015f\u0131m\u0131n \u00f6nemli bir par\u00e7as\u0131n\u0131n, k\u00fcresel taleplere g\u00f6re \u015fekillendirilen yat\u0131r\u0131mlar oldu\u011funu belirten Bak\u0131rel, \u015f\u00f6yle konu\u015ftu:<\/p>\n<p>D\u00fcnyada \u00e7elik yap\u0131 kullan\u0131m\u0131n\u0131n artmas\u0131, b\u00fcy\u00fck ebat profillere olan ihtiyac\u0131 her ge\u00e7en g\u00fcn daha g\u00f6r\u00fcn\u00fcr hale getiriyor. Biz de bu d\u00f6n\u00fc\u015f\u00fcm\u00fc do\u011fru okuyarak, \u00fcr\u00fcn gam\u0131m\u0131z\u0131 yap\u0131sal profiller oda\u011f\u0131nda geni\u015fleten bir yat\u0131r\u0131m s\u00fcrecini hayata ge\u00e7iriyoruz. \u0130zmir Alia\u011fa Bozk\u00f6y\u2019de devreye almay\u0131 planlad\u0131\u011f\u0131m\u0131z b\u00fcy\u00fck profil hadde tesisimiz, kapasite art\u0131\u015f\u0131n\u0131n \u00f6tesinde Kardemir \u00c7elik\u2019in \u00fcretim esnekli\u011fini ve pazar uyum kabiliyetini g\u00fc\u00e7lendiren stratejik bir ad\u0131m niteli\u011fi ta\u015f\u0131yor. Yeni tesisimizle birlikte farkl\u0131 sekt\u00f6rlerin ihtiya\u00e7lar\u0131na y\u00f6nelik \u00f6zel profil \u00e7\u00f6z\u00fcmleri sunmay\u0131, \u00fcretim ve bak\u0131m s\u00fcre\u00e7lerinde verimlili\u011fi art\u0131rmay\u0131 ve maliyetleri daha y\u00f6netilebilir hale getirmeyi hedefliyoruz. Bu yat\u0131r\u0131m\u0131m\u0131z uzun vadeli rekabet g\u00fcc\u00fcm\u00fcze de do\u011frudan katk\u0131 sa\u011flayacak.<\/p>\n<p><img decoding=\"async\" src=\"https:\/\/bihavadis.com\/wp-content\/uploads\/2026\/02\/kardemir-celik-ihracatta-pazar-cesitliligi-ve-stratejik-direncle-ilerliyor-2-QqCDYzuW.jpg\"\/><\/p>\n<p><strong>\u201cBA\u015eARIYI RAKAMLARLA DE\u011e\u0130L DAYANIKLILIKLA TANIMLIYORUZ\u201d<\/strong><\/p>\n<p>Kardemir \u00c7elik\u2019in b\u00fcy\u00fcme yakla\u015f\u0131m\u0131nda k\u0131sa vadeli g\u00f6stergelerden \u00e7ok yap\u0131sal g\u00fc\u00e7lenmenin belirleyici oldu\u011funu dile getiren Bak\u0131rel, \u00fcretim, enerji ve Ar-Ge yat\u0131r\u0131mlar\u0131n\u0131n bu anlay\u0131\u015f\u0131n merkezinde yer ald\u0131\u011f\u0131n\u0131 belirterek s\u00f6zlerini \u015f\u00f6yle tamamlad\u0131:<\/p>\n<p>Ba\u015far\u0131y\u0131 sadece k\u0131sa vadeli finansal sonu\u00e7larla tan\u0131mlam\u0131yoruz. Verimlilik, s\u00fcrd\u00fcr\u00fclebilirlik ve y\u00f6netilebilir risk anlay\u0131\u015f\u0131 bizim i\u00e7in en az b\u00fcy\u00fcme kadar \u00f6nemli. Elektrikli ark oca\u011f\u0131 teknolojileri, yenilenebilir enerji yat\u0131r\u0131mlar\u0131 ve Ar-Ge g\u00fcc\u00fcm\u00fczle daha d\u00fc\u015f\u00fck karbonlu, daha esnek ve daha dayan\u0131kl\u0131 bir \u00fcretim modeli in\u015fa ediyoruz. De\u011fi\u015fen k\u00fcresel taleplere h\u0131zl\u0131 uyum sa\u011flarken, ihracatta istikrar\u0131 ve uzun vadeli rekabet g\u00fcc\u00fcn\u00fc korumay\u0131 hedefliyoruz.<\/p>\n<p><img decoding=\"async\" src=\"https:\/\/bihavadis.com\/wp-content\/uploads\/2026\/02\/kardemir-celik-ihracatta-pazar-cesitliligi-ve-stratejik-direncle-ilerliyor-3-thjxw1mA.jpg\"\/><\/p>\n","protected":false},"excerpt":{"rendered":"<p>K\u00fcresel belirsizliklerin artt\u0131\u011f\u0131 bir d\u00f6nemde Kardemir \u00c7elik, 30 y\u0131l\u0131 a\u015fan ihracat deneyimi, 100\u2019den fazla \u00fclkeye uzanan sat\u0131\u015f a\u011f\u0131 ve sekt\u00f6r s\u0131ralamalar\u0131ndaki g\u00fc\u00e7l\u00fc konumuyla uluslararas\u0131 pazarlardaki b\u00fcy\u00fcmesini s\u00fcrd\u00fcr\u00fcyor.<\/p>\n","protected":false},"author":1,"featured_media":24991,"comment_status":"open","ping_status":"open","sticky":false,"template":"","format":"standard","meta":{"footnotes":""},"categories":[8],"tags":[396,4190,347,4191,216],"class_list":["post-24990","post","type-post","status-publish","format-standard","has-post-thumbnail","hentry","category-ekonomi","tag-ihracat","tag-kardemir-celik","tag-pazar","tag-vadeli","tag-yatirim"],"_links":{"self":[{"href":"https:\/\/bihavadis.com\/index.php\/wp-json\/wp\/v2\/posts\/24990","targetHints":{"allow":["GET"]}}],"collection":[{"href":"https:\/\/bihavadis.com\/index.php\/wp-json\/wp\/v2\/posts"}],"about":[{"href":"https:\/\/bihavadis.com\/index.php\/wp-json\/wp\/v2\/types\/post"}],"author":[{"embeddable":true,"href":"https:\/\/bihavadis.com\/index.php\/wp-json\/wp\/v2\/users\/1"}],"replies":[{"embeddable":true,"href":"https:\/\/bihavadis.com\/index.php\/wp-json\/wp\/v2\/comments?post=24990"}],"version-history":[{"count":1,"href":"https:\/\/bihavadis.com\/index.php\/wp-json\/wp\/v2\/posts\/24990\/revisions"}],"predecessor-version":[{"id":24996,"href":"https:\/\/bihavadis.com\/index.php\/wp-json\/wp\/v2\/posts\/24990\/revisions\/24996"}],"wp:featuredmedia":[{"embeddable":true,"href":"https:\/\/bihavadis.com\/index.php\/wp-json\/wp\/v2\/media\/24991"}],"wp:attachment":[{"href":"https:\/\/bihavadis.com\/index.php\/wp-json\/wp\/v2\/media?parent=24990"}],"wp:term":[{"taxonomy":"category","embeddable":true,"href":"https:\/\/bihavadis.com\/index.php\/wp-json\/wp\/v2\/categories?post=24990"},{"taxonomy":"post_tag","embeddable":true,"href":"https:\/\/bihavadis.com\/index.php\/wp-json\/wp\/v2\/tags?post=24990"}],"curies":[{"name":"wp","href":"https:\/\/api.w.org\/{rel}","templated":true}]}}