{"id":25007,"date":"2026-02-10T03:39:38","date_gmt":"2026-02-10T03:39:38","guid":{"rendered":"https:\/\/bihavadis.com\/?p=25007"},"modified":"2026-02-10T03:39:38","modified_gmt":"2026-02-10T03:39:38","slug":"israilin-gazzeye-hava-saldirisi-32-olu","status":"publish","type":"post","link":"https:\/\/bihavadis.com\/index.php\/2026\/02\/10\/israilin-gazzeye-hava-saldirisi-32-olu\/","title":{"rendered":"\u0130srail&#8217;in Gazze&#8217;ye Hava Sald\u0131r\u0131s\u0131: 32 \u00d6l\u00fc"},"content":{"rendered":"<p><strong> \u0130srail ordusunun cumartesi g\u00fcn\u00fc Gazze&#8217;ye d\u00fczenledi\u011fi hava sald\u0131r\u0131lar\u0131nda, yerel yetkililerin verdi\u011fi bilgiye g\u00f6re, \u00e7o\u011fu \u00e7ocuk ve kad\u0131n en az 32 Filistinli hayat\u0131n\u0131 kaybetti. <\/strong><\/p>\n<p>\u0130srail sald\u0131r\u0131lar\u0131 Gazze&#8217;nin farkl\u0131 b\u00f6lgelerini hedef ald\u0131. <\/p>\n<p>Gazze Sivil Savunma Te\u015fkilat\u0131, bir sald\u0131r\u0131da sava\u015f helikopterlerinin g\u00fcneydeki Han Yunus kenti yak\u0131n\u0131nda, yerlerinden edilmi\u015f Filistinlilerin s\u0131\u011f\u0131nd\u0131\u011f\u0131 bir kamp\u0131 hedef ald\u0131\u011f\u0131n\u0131 bildirdi. <\/p>\n<p>Sald\u0131r\u0131lar, Ocak ay\u0131 ortas\u0131nda ate\u015fkesin ikinci a\u015famas\u0131na ge\u00e7ilmesinden bu yana yap\u0131lan en yo\u011fun sald\u0131r\u0131lar. <\/p>\n<p>\u0130srail ordusu, Hamas&#8217;\u0131n cuma g\u00fcn\u00fc ate\u015fkesi ihlal etti\u011fini iddia ederek, sald\u0131r\u0131lar\u0131n buna misilleme oldu\u011funu a\u00e7\u0131klad\u0131. <\/p>\n<p>\u0130ki taraf da birbirini ate\u015fkesi ihlal etmekle su\u00e7luyor. <\/p>\n<p>Hamas sald\u0131r\u0131larda \u00f6lenler aras\u0131nda Han Yunus&#8217;taki kampa s\u0131\u011f\u0131nm\u0131\u015f bir aileden yedi ki\u015finin oldu\u011funu, sald\u0131r\u0131lar\u0131n sivil yerle\u015fimleri, \u00e7ad\u0131rlar\u0131 ve bir polis karakolunu hedef ald\u0131\u011f\u0131n\u0131 duyurdu. <\/p>\n<p>Gazze \u015eehri&#8217;ndeki \u015eifa Hastanesi&#8217;nden doktorlar da \u015fehir merkezindeki bir apartman\u0131n vurulmas\u0131 sonucu \u00fc\u00e7 \u00e7ocuk ve iki kad\u0131n\u0131n hayat\u0131n\u0131 kaybetti\u011fini a\u00e7\u0131klad\u0131. <\/p>\n<p>\u00d6len \u00e7ocuklar\u0131n amcas\u0131 Samer al-Atbash, Reuters haber ajans\u0131na &#8220;\u00dc\u00e7 k\u00fc\u00e7\u00fck ye\u011fenimi sokakta bulduk. Ate\u015fkes diyorlar&#8230; Bu \u00e7ocuklar\u0131n su\u00e7u neydi? Bizim su\u00e7umuz ne?&#8221; diye konu\u015ftu. <\/p>\n<p>AFP sald\u0131r\u0131larda Gazze&#8217;nin g\u00fcneyinde onbinlerce Filistinli&#8217;nin s\u0131\u011f\u0131nd\u0131\u011f\u0131 el Al-Mawasi b\u00f6lgesinin de hedef al\u0131nd\u0131\u011f\u0131n\u0131 aktard\u0131. <\/p>\n<p>\u0130srail ise sald\u0131r\u0131larda &#8220;d\u00f6rt komutan ve ba\u015fka ter\u00f6ristlerle&#8221; bir silah deposu, bir silah \u00fcretim tesisi ve Gazze \u015eeridi&#8217;nin orta k\u0131sm\u0131nda Hamas&#8217;\u0131n sald\u0131r\u0131 d\u00fczenlemek i\u00e7in kulland\u0131\u011f\u0131 iki b\u00f6lgenin hedeflendi\u011fini savundu. <\/p>\n<p>\u0130srail ordusunun a\u00e7\u0131klamas\u0131nda ayr\u0131ca &#8220;Refah&#8217;\u0131n do\u011fusundaki bir t\u00fcnelden \u00e7\u0131kan sekiz ter\u00f6ristin&#8221; tespit edildi\u011fi de belirtildi. <\/p>\n<p>Hamas sald\u0131r\u0131lar\u0131 k\u0131nayarak, ABD&#8217;den acil eyleme ge\u00e7mesini istedi ve devam eden ate\u015fkes ihlallerinin &#8220;\u0130srail h\u00fck\u00fcmetinin Gazze \u015eeridi&#8217;ne y\u00f6nelik ac\u0131mas\u0131z bir soyk\u0131r\u0131m sava\u015f\u0131 s\u00fcrd\u00fcrd\u00fc\u011f\u00fcn\u00fcn kan\u0131t\u0131&#8221; oldu\u011funu belirtti. <\/p>\n<p><b>Refah s\u0131n\u0131r kap\u0131s\u0131n\u0131n a\u00e7\u0131lmas\u0131 bekleniyor <\/b><\/p>\n<p>Gazze&#8217;deki \u0130srail sald\u0131r\u0131lar\u0131 s\u00fcrerken, Gazze ile M\u0131s\u0131r aras\u0131ndaki Refah s\u0131n\u0131r kap\u0131s\u0131n\u0131n bug\u00fcn a\u00e7\u0131lmas\u0131 bekleniyor. <\/p>\n<p>Hamas&#8217;\u0131n elindeki son rehinenin cenazesinin hafta ba\u015f\u0131nda \u0130srail&#8217;e teslim edilmesinin ard\u0131ndan, s\u0131n\u0131r kap\u0131s\u0131n\u0131n pazar g\u00fcn\u00fc a\u00e7\u0131laca\u011f\u0131 duyurulmu\u015ftu. <\/p>\n<p>S\u0131n\u0131r\u0131n a\u00e7\u0131lmas\u0131, Gazze&#8217;deki ate\u015fkesin ikinci a\u015famas\u0131n\u0131n \u00f6nemli ko\u015fullar\u0131ndan biri.<\/p>\n<p>Gazze&#8217;ye giri\u015f ve \u00e7\u0131k\u0131\u015flar i\u00e7in ana s\u0131n\u0131r olan Refah&#8217;tan g\u00fcnl\u00fck ka\u00e7 ki\u015finin ge\u00e7i\u015fine izin verilece\u011fi hen\u00fcz bilinmiyor. <\/p>\n<p>M\u0131s\u0131r D\u0131\u015fi\u015fleri Bakanl\u0131\u011f\u0131, \u0130srail&#8217;in cumartesi g\u00fcn\u00fc d\u00fczenledi\u011fi sald\u0131r\u0131lar\u0131 k\u0131nayarak, taraflara itidal \u00e7a\u011fr\u0131s\u0131nda bulundu. <\/p>\n<p>Ate\u015fkes g\u00f6r\u00fc\u015fmelerinin arabulucular\u0131ndan olan Katar&#8217;\u0131n d\u0131\u015fi\u015fleri bakanl\u0131\u011f\u0131 da &#8220;devam eden \u0130srail ihlallerini&#8221; k\u0131nad\u0131. <\/p>\n<p>Gazze&#8217;deki sa\u011fl\u0131k bakanl\u0131\u011f\u0131 verilerine g\u00f6re, \u0130srail&#8217;in Ekim 2023&#8217;ten bu yana Gazze \u015eeridi&#8217;ne d\u00fczenledi\u011fi sald\u0131r\u0131larda toplam can kayb\u0131 71 bin 769&#8217;a, yaral\u0131 say\u0131s\u0131ysa 171 bin 480&#8217;e y\u00fckseldi.<\/p>\n<p>Hamas&#8217;\u0131n 7 Ekim 2023&#8217;te \u0130srail&#8217;de d\u00fczenledi\u011fi sald\u0131r\u0131larla ba\u015flayan sava\u015f, ABD Ba\u015fkan\u0131 Donald Trump&#8217;\u0131n liderli\u011finde ve bir\u00e7ok b\u00f6lge \u00fclkesinin kat\u0131l\u0131m\u0131yla Ekim 2025&#8217;te var\u0131lan bir anla\u015fmayla sona ermi\u015f ve taraflar aras\u0131nda ate\u015fkes ilan edilmi\u015fti.<\/p>\n<p>Ocak ay\u0131 ortas\u0131nda da anla\u015fman\u0131n ikinci a\u015famas\u0131na ge\u00e7ildi\u011fi a\u00e7\u0131klanm\u0131\u015ft\u0131. <\/p>\n<p>\u0130kinci a\u015fama, Gazze&#8217;nin yeniden in\u015fas\u0131n\u0131, t\u00fcm\u00fcyle sava\u015f\u00e7\u0131lardan ar\u0131nd\u0131r\u0131lmas\u0131n\u0131, Hamas ve di\u011fer Filistinli gruplar\u0131n silahs\u0131zland\u0131r\u0131lmas\u0131n\u0131 kaps\u0131yor.<\/p>\n<p>Gazzeli yetkililer ate\u015fkesin ba\u015f\u0131ndan bu yana \u0130srail sald\u0131r\u0131lar\u0131nda en az 500 ki\u015finin \u00f6ld\u00fc\u011f\u00fcn\u00fc, \u0130srailli yetkililerse d\u00f6rt \u0130srail askerinin \u00f6ld\u00fc\u011f\u00fcn\u00fc s\u00f6yl\u00fcyor. <\/p>\n","protected":false},"excerpt":{"rendered":"<p>\u0130srail ordusu, Gazze&#8217;de en az 32 Filistinli&#8217;nin \u00f6l\u00fcm\u00fcne neden olan hava sald\u0131r\u0131lar\u0131 d\u00fczenledi.<\/p>\n","protected":false},"author":1,"featured_media":25008,"comment_status":"open","ping_status":"open","sticky":false,"template":"","format":"standard","meta":{"footnotes":""},"categories":[6],"tags":[557,2567,792,794,1103],"class_list":["post-25007","post","type-post","status-publish","format-standard","has-post-thumbnail","hentry","category-dunya","tag-gazze","tag-hamas","tag-israil","tag-saldiri","tag-saldirilari"],"_links":{"self":[{"href":"https:\/\/bihavadis.com\/index.php\/wp-json\/wp\/v2\/posts\/25007","targetHints":{"allow":["GET"]}}],"collection":[{"href":"https:\/\/bihavadis.com\/index.php\/wp-json\/wp\/v2\/posts"}],"about":[{"href":"https:\/\/bihavadis.com\/index.php\/wp-json\/wp\/v2\/types\/post"}],"author":[{"embeddable":true,"href":"https:\/\/bihavadis.com\/index.php\/wp-json\/wp\/v2\/users\/1"}],"replies":[{"embeddable":true,"href":"https:\/\/bihavadis.com\/index.php\/wp-json\/wp\/v2\/comments?post=25007"}],"version-history":[{"count":1,"href":"https:\/\/bihavadis.com\/index.php\/wp-json\/wp\/v2\/posts\/25007\/revisions"}],"predecessor-version":[{"id":25009,"href":"https:\/\/bihavadis.com\/index.php\/wp-json\/wp\/v2\/posts\/25007\/revisions\/25009"}],"wp:featuredmedia":[{"embeddable":true,"href":"https:\/\/bihavadis.com\/index.php\/wp-json\/wp\/v2\/media\/25008"}],"wp:attachment":[{"href":"https:\/\/bihavadis.com\/index.php\/wp-json\/wp\/v2\/media?parent=25007"}],"wp:term":[{"taxonomy":"category","embeddable":true,"href":"https:\/\/bihavadis.com\/index.php\/wp-json\/wp\/v2\/categories?post=25007"},{"taxonomy":"post_tag","embeddable":true,"href":"https:\/\/bihavadis.com\/index.php\/wp-json\/wp\/v2\/tags?post=25007"}],"curies":[{"name":"wp","href":"https:\/\/api.w.org\/{rel}","templated":true}]}}