{"id":25029,"date":"2026-02-10T04:03:06","date_gmt":"2026-02-10T04:03:06","guid":{"rendered":"https:\/\/bihavadis.com\/?p=25029"},"modified":"2026-02-10T04:03:06","modified_gmt":"2026-02-10T04:03:06","slug":"turkiye-icin-bolgesel-olcekte-bir-proton-modeli-hedefi","status":"publish","type":"post","link":"https:\/\/bihavadis.com\/index.php\/2026\/02\/10\/turkiye-icin-bolgesel-olcekte-bir-proton-modeli-hedefi\/","title":{"rendered":"T\u00fcrkiye \u0130\u00e7in B\u00f6lgesel \u00d6l\u00e7ekte Bir Proton Modeli Hedefi"},"content":{"rendered":"<p>Ankara \/ \u0130stanbul &#8211; Proton Tedavileri ve Par\u00e7ac\u0131k H\u0131zland\u0131r\u0131c\u0131lar\u0131 Bilim ve Teknoloji Derne\u011fi (PROPAR-TEK) taraf\u0131ndan Ankara ve \u0130stanbul\u2019da iki g\u00fcn boyunca d\u00fczenlenen \u201cAnkara-\u0130stanbul 1. Proton \u00c7al\u0131\u015ftay\u0131\u201d tamamland\u0131. \u00c7al\u0131\u015ftayda, proton tedavileri ve par\u00e7ac\u0131k h\u0131zland\u0131r\u0131c\u0131lar\u0131 teknolojileri; yaln\u0131zca tekil bir cihaz veya hastane yat\u0131r\u0131m\u0131 perspektifiyle de\u011fil, kamu-akademi-sanayi-sivil toplum payda\u015flar\u0131n\u0131 kapsayan b\u00fct\u00fcnc\u00fcl bir ekosistem yakla\u015f\u0131m\u0131yla ele al\u0131nd\u0131.<\/p>\n<p>\u00c7al\u0131\u015ftay\u0131n temel hedefi, T\u00fcrkiye\u2019de proton ve par\u00e7ac\u0131k h\u0131zland\u0131r\u0131c\u0131lar\u0131 alan\u0131nda s\u00fcrd\u00fcr\u00fclebilir, koordineli ve stratejik bir ulusal yol haritas\u0131n\u0131n olu\u015fturulmas\u0131na katk\u0131 sa\u011flamak oldu. PROPAR-TEK Ba\u015fkan\u0131 Prof. Dr. Aytu\u011f Altunda\u011f, bu yakla\u015f\u0131m\u0131 \u015fu s\u00f6zlerle de\u011ferlendirdi: \u201cBu alan\u0131 tek bir merkez ya da tek bir cihaz ba\u015fl\u0131\u011f\u0131na indirgemeden, ortak ak\u0131l ve isti\u015fareyle ulusal bir ekosistem modeli olu\u015fturmay\u0131 hedefliyoruz.\u201d<\/p>\n<p><b>\u00c7ok disiplinli kat\u0131l\u0131m, ortak raporlama yakla\u015f\u0131m\u0131<\/b><\/p>\n<p>\u00c7al\u0131\u015ftaya; radyasyon onkolojisi, n\u00fckleer t\u0131p ve medikal fizik alanlar\u0131n\u0131n yan\u0131 s\u0131ra y\u00fcksek enerji fizi\u011fi, kuantum kimya ve kimya disiplinlerinden akademisyenler ve uzmanlar kat\u0131ld\u0131. Ayr\u0131ca sa\u011fl\u0131k, sanayi ve enerji alanlar\u0131nda faaliyet g\u00f6steren ulusal ara\u015ft\u0131rma kurumlar\u0131 ve enstit\u00fclerinin y\u00f6netici ve temsilcileri de toplant\u0131larda yer ald\u0131.<\/p>\n<p>Toplant\u0131lar kapsam\u0131nda, T\u00fcrkiye\u2019nin mevcut ve potansiyel yetkinliklerini ortaya koyacak bir \u201cyetkinlik atlas\u0131\u201d yakla\u015f\u0131m\u0131 ve bu atlas\u0131 besleyecek ortak bir raporlama dili \u00fczerinde duruldu. \u00c7al\u0131\u015ftayda geli\u015ftirilen metodolojinin, ulusal d\u00fczeyde karar alma s\u00fcre\u00e7lerinde kullan\u0131labilecek nitelikte olmas\u0131 hedeflendi. Prof. Dr. Aytu\u011f Altunda\u011f, \u00e7al\u0131\u015ftay\u0131n bu y\u00f6n\u00fcne dikkat \u00e7ekerek, ortak bir raporlama dili ve yol haritas\u0131 yakla\u015f\u0131m\u0131n\u0131n birlikte olgunla\u015ft\u0131r\u0131lmas\u0131n\u0131n \u00f6nemli bir \u00e7\u0131kt\u0131 oldu\u011funu vurgulad\u0131.<\/p>\n<p><b>B\u00f6lgesel i\u015f birli\u011fi ve T\u00fcrkiye\u2019nin model olma potansiyeli<\/b><\/p>\n<p>\u00c7al\u0131\u015ftayda, farkl\u0131 \u00fclkelerden kat\u0131lan bilim insanlar\u0131n\u0131n katk\u0131lar\u0131yla T\u00fcrkiye\u2019nin b\u00f6lgesel \u00f6l\u00e7ekte \u00fcstlenebilece\u011fi rol de de\u011ferlendirildi. T\u00fcrkiye\u2019nin bilimsel ve teknolojik kapasitesinin; T\u00fcrk Devletleri Te\u015fkilat\u0131 \u00fcyesi \u00fclkeler, K\u00f6rfez \u00fclkeleri, Kafkasya, Balkanlar ve Kuzey Afrika\u2019dan Sahra Alt\u0131 Afrika\u2019ya uzanan geni\u015f bir co\u011frafyada \u00f6rnek bir model olu\u015fturabilece\u011fi ifade edildi.<\/p>\n<p>Bu \u00e7er\u00e7evede, ortak projeler, bilgi payla\u015f\u0131m\u0131 ve birlikte \u00fcretim odakl\u0131 i\u015f birli\u011fi modellerinin geli\u015ftirilmesine y\u00f6nelik f\u0131rsatlar ele al\u0131nd\u0131. Prof. Dr. Aytu\u011f Altunda\u011f, T\u00fcrkiye\u2019nin bu geni\u015f co\u011frafyada ortak \u00fcretim ve i\u015f birli\u011fi i\u00e7in g\u00fc\u00e7l\u00fc bir zemin sundu\u011funu belirtti.<\/p>\n<p><b>Par\u00e7ac\u0131k h\u0131zland\u0131r\u0131c\u0131lar\u0131: stratejik ve \u00e7ok alanl\u0131 bir teknoloji<\/b><\/p>\n<p>\u00c7al\u0131\u015ftayda yap\u0131lan de\u011ferlendirmelerde, par\u00e7ac\u0131k h\u0131zland\u0131r\u0131c\u0131lar\u0131 teknolojilerinin yaln\u0131zca sa\u011fl\u0131k alan\u0131yla s\u0131n\u0131rl\u0131 olmad\u0131\u011f\u0131na dikkat \u00e7ekildi. Bu teknolojilerin; sanayi, savunma, uzay, ila\u00e7 ve ileri malzeme teknolojileri gibi bir\u00e7ok kritik alanda y\u00fcksek katma de\u011fer \u00fcreten stratejik bir altyap\u0131 niteli\u011fi ta\u015f\u0131d\u0131\u011f\u0131 vurguland\u0131.<\/p>\n<p>Bu kapsamda; proton merkezlerinin teknolojik farkl\u0131l\u0131klar\u0131, i\u015fletme ve y\u00f6neti\u015fim modelleri, s\u00fcrd\u00fcr\u00fclebilirlik kriterleri, uluslararas\u0131 sa\u011fl\u0131k turizmine olas\u0131 etkileri ve operasyonel gereksinimler ayr\u0131nt\u0131l\u0131 bi\u00e7imde ele al\u0131nd\u0131.<\/p>\n<p><b>Sa\u011fl\u0131k Bakanl\u0131\u011f\u0131 katk\u0131s\u0131 ve yol haritas\u0131 \u00e7\u0131kt\u0131lar\u0131<\/b><\/p>\n<p>\u00c7al\u0131\u015ftayda, Sa\u011fl\u0131k Bakanl\u0131\u011f\u0131\u2019n\u0131n proton komisyonunda g\u00f6rev alan uzmanlar\u0131n katk\u0131lar\u0131yla T\u00fcrkiye\u2019nin Ulusal Proton ve Par\u00e7ac\u0131k H\u0131zland\u0131r\u0131c\u0131lar\u0131 Yol Haritas\u0131 i\u00e7in temel yakla\u015f\u0131mlar ve \u00f6ncelikli alanlar kapsaml\u0131 \u015fekilde de\u011ferlendirildi. Elde edilen \u00e7\u0131kt\u0131lar\u0131n; ilgili kamu kurumlar\u0131yla payla\u015f\u0131lacak raporlar ve ekosistem payda\u015flar\u0131 aras\u0131nda kurulacak ortak \u00e7al\u0131\u015fma mekanizmalar\u0131yla somutla\u015ft\u0131r\u0131lmas\u0131 hedefleniyor.<\/p>\n<p><b>Ortak ak\u0131l ve s\u00fcrd\u00fcr\u00fclebilir kapasite vurgusu<\/b><\/p>\n<p>\u00c7al\u0131\u015ftay\u0131n, ekosistem temelli bulut k\u00fcmelenmelerinin olu\u015fturulmas\u0131 a\u00e7\u0131s\u0131ndan \u00f6nemli bir e\u015fik oldu\u011funa i\u015faret eden Prof. Dr. Aytu\u011f Altunda\u011f, \u015fu de\u011ferlendirmede bulundu: \u201cKamuyu, akademiyi, sanayiyi ve sivil toplumu bir araya getiren, \u00fclkenin ortak akl\u0131n\u0131 g\u00fc\u00e7lendiren bir bulut k\u00fcmelenme modelini hedefliyoruz. Bu yakla\u015f\u0131m, proton ve par\u00e7ac\u0131k h\u0131zland\u0131r\u0131c\u0131lar\u0131 gibi stratejik teknolojilerde s\u00fcrd\u00fcr\u00fclebilir ba\u015far\u0131 i\u00e7in kritik \u00f6neme sahip.\u201d<\/p>\n<p>PROPAR-TEK, \u00e7al\u0131\u015ftay \u00e7\u0131kt\u0131lar\u0131n\u0131n; T\u00fcrkiye\u2019de proton tedavileri ve par\u00e7ac\u0131k h\u0131zland\u0131r\u0131c\u0131lar\u0131 alan\u0131nda uluslararas\u0131 standartlarda s\u00fcrd\u00fcr\u00fclebilir kapasite olu\u015fturulmas\u0131na, yerli yetkinliklerin geli\u015ftirilmesine ve T\u00fcrkiye\u2019nin b\u00f6lgesel bir \u00e7ekim merkezi olarak konumunun g\u00fc\u00e7lenmesine katk\u0131 sa\u011flamas\u0131n\u0131 ama\u00e7l\u0131yor.<\/p>\n","protected":false},"excerpt":{"rendered":"<p>Uluslararas\u0131 bilim insanlar\u0131n\u0131n katk\u0131 sundu\u011fu 1. Proton \u00c7al\u0131\u015ftay\u0131\u2019nda, T\u00fcrkiye\u2019nin geni\u015f bir co\u011frafyada \u00f6rnek bir i\u015f birli\u011fi modeli geli\u015ftirme potansiyeli ele al\u0131nd\u0131.<\/p>\n","protected":false},"author":1,"featured_media":25030,"comment_status":"open","ping_status":"open","sticky":false,"template":"","format":"standard","meta":{"footnotes":""},"categories":[11],"tags":[382,3848,4199,191,1561],"class_list":["post-25029","post","type-post","status-publish","format-standard","has-post-thumbnail","hentry","category-saglik","tag-alan","tag-ortak","tag-proton","tag-teknoloji","tag-turkiyenin"],"_links":{"self":[{"href":"https:\/\/bihavadis.com\/index.php\/wp-json\/wp\/v2\/posts\/25029","targetHints":{"allow":["GET"]}}],"collection":[{"href":"https:\/\/bihavadis.com\/index.php\/wp-json\/wp\/v2\/posts"}],"about":[{"href":"https:\/\/bihavadis.com\/index.php\/wp-json\/wp\/v2\/types\/post"}],"author":[{"embeddable":true,"href":"https:\/\/bihavadis.com\/index.php\/wp-json\/wp\/v2\/users\/1"}],"replies":[{"embeddable":true,"href":"https:\/\/bihavadis.com\/index.php\/wp-json\/wp\/v2\/comments?post=25029"}],"version-history":[{"count":1,"href":"https:\/\/bihavadis.com\/index.php\/wp-json\/wp\/v2\/posts\/25029\/revisions"}],"predecessor-version":[{"id":25031,"href":"https:\/\/bihavadis.com\/index.php\/wp-json\/wp\/v2\/posts\/25029\/revisions\/25031"}],"wp:featuredmedia":[{"embeddable":true,"href":"https:\/\/bihavadis.com\/index.php\/wp-json\/wp\/v2\/media\/25030"}],"wp:attachment":[{"href":"https:\/\/bihavadis.com\/index.php\/wp-json\/wp\/v2\/media?parent=25029"}],"wp:term":[{"taxonomy":"category","embeddable":true,"href":"https:\/\/bihavadis.com\/index.php\/wp-json\/wp\/v2\/categories?post=25029"},{"taxonomy":"post_tag","embeddable":true,"href":"https:\/\/bihavadis.com\/index.php\/wp-json\/wp\/v2\/tags?post=25029"}],"curies":[{"name":"wp","href":"https:\/\/api.w.org\/{rel}","templated":true}]}}