{"id":25125,"date":"2026-02-10T05:21:08","date_gmt":"2026-02-10T05:21:08","guid":{"rendered":"https:\/\/bihavadis.com\/?p=25125"},"modified":"2026-02-10T05:21:08","modified_gmt":"2026-02-10T05:21:08","slug":"suat-hekimoglu-aanin-yilin-kareleri-oylamasina-katildi","status":"publish","type":"post","link":"https:\/\/bihavadis.com\/index.php\/2026\/02\/10\/suat-hekimoglu-aanin-yilin-kareleri-oylamasina-katildi\/","title":{"rendered":"Suat Hekimo\u011flu, AA&#8217;n\u0131n &#8220;Y\u0131l\u0131n Kareleri&#8221; oylamas\u0131na kat\u0131ld\u0131"},"content":{"rendered":"<p>T\u00fcrkiye Boks Federasyonu Ba\u015fkan\u0131 Suat Hekimo\u011flu, Anadolu Ajans\u0131&#8217;n\u0131n (AA) g\u00f6z\u00fcnden 2025&#8217;e damga vuran olaylara ait foto\u011fraflar\u0131n yer ald\u0131\u011f\u0131 <em><b>&#8220;Y\u0131l\u0131n Kareleri&#8221; <\/b><\/em>oylamas\u0131na kat\u0131ld\u0131.<\/p>\n<p>Hekimo\u011flu, d\u00fczenlenen yar\u0131\u015fmada, AA foto muhabirleri ve muhabirlerinin 2025 y\u0131l\u0131nda T\u00fcrkiye ile d\u00fcnya g\u00fcndeminde yank\u0131 bulan 6 kategorideki 112 foto\u011fraf\u0131n\u0131 inceledi.<\/p>\n<p><img decoding=\"async\" src=\"https:\/\/bihavadis.com\/wp-content\/uploads\/2026\/02\/suat-hekimoglu-aanin-yilin-kareleri-oylamasina-katildi-0-4DABAIWj.jpg\"\/><\/p>\n<p><strong>SE\u00c7\u0130MLER\u0130<\/strong><\/p>\n<p><em><b>&#8220;Gazze: A\u00e7l\u0131k&#8221; <\/b><\/em>kategorisinde Ali Jadallah&#8217;\u0131n <em><b>&#8220;Gazze&#8217;de a\u00e7l\u0131kla m\u00fccadele eden Filistinlilere, yemek da\u011f\u0131t\u0131ld\u0131&#8221;<\/b><\/em> isimli foto\u011fraf\u0131n\u0131 se\u00e7en<em><b> &#8220;Portre&#8221; <\/b><\/em>kategorisinde Federasyon ba\u015fkan\u0131 Hekimo\u011flu, Mehmet Aslan&#8217;\u0131n &#8220;Hayat siyah beyaz&#8221; isimli karesine oy verdi.<\/p>\n<p><em><b>&#8220;Haber&#8221; <\/b><\/em>kategorisinde Mostafa Alkharouf&#8217;\u0131n <em><b>&#8220;\u0130srail&#8217;e dur de!&#8221; <\/b><\/em>foto\u011fraf\u0131n\u0131 oylayan Hekimo\u011flu, <em><b>&#8220;Spor&#8221; <\/b><\/em>kategorisinde ise Evrim Ayd\u0131n&#8217;\u0131n<em><b> &#8220;Aduken!&#8221; <\/b><\/em>karesini tercih etti.<\/p>\n<p>Hekimo\u011flu, <em><b>&#8220;Do\u011fal Ya\u015fam ve \u00c7evre&#8221;<\/b><\/em> kategorisinde Fatih G\u00f6n\u00fcl&#8217;\u00fcn<em><b> &#8220;Baharla gelen&#8221;<\/b><\/em>, <em><b>&#8220;G\u00fcnl\u00fck Hayat&#8221;<\/b><\/em> kategorisinde Sidar Can Eren&#8217;in <em><b>&#8220;S\u00fct kuzusu&#8221; <\/b><\/em>ba\u015fl\u0131kl\u0131 karesini se\u00e7ti.<\/p>\n<p><img decoding=\"async\" src=\"https:\/\/bihavadis.com\/wp-content\/uploads\/2026\/02\/suat-hekimoglu-aanin-yilin-kareleri-oylamasina-katildi-1-ZTtu9USB.jpg\"\/><\/p>\n<p><strong>&#8220;\u00dcLKEM ADINA KINIYORUM&#8221;<\/strong><\/p>\n<p>Federasyon ba\u015fkan\u0131 Suat Hekimo\u011flu oylaman\u0131n ard\u0131ndan yapt\u0131\u011f\u0131 a\u00e7\u0131klamada, <em><b>&#8220;Bu \u0130srail&#8217;in ba\u015flatt\u0131\u011f\u0131 bir vah\u015fet, \u00fclkem ad\u0131na k\u0131n\u0131yorum. Ben de zaman\u0131nda askerdeyken sene 1990&#8217;da Sar\u0131kam\u0131\u015f&#8217;ta ter\u00f6r ile m\u00fccadeleye g\u00f6n\u00fcll\u00fc yaz\u0131lm\u0131\u015ft\u0131m, 6 ay T\u0130M e\u011fitimi alm\u0131\u015ft\u0131m. \u015eu anda da g\u00f6nl\u00fcm istiyor ki orada da gidip sava\u015fay\u0131m. Bizim g\u00f6nl\u00fcm\u00fczden ge\u00e7en budur, ama \u00f6yle bir pozisyon olursa da \u00f6n saflar da gitmeye raz\u0131y\u0131m. Orada bir tane evlad\u0131m\u0131z\u0131n \u00f6lmesi beni ziyadesiyle \u00e7ok \u00fczer, onlar orada Filistinli ama M\u00fcsl\u00fcman halk.&#8221; <\/b><\/em>ifadelerini kulland\u0131.<\/p>\n<p><img decoding=\"async\" src=\"https:\/\/bihavadis.com\/wp-content\/uploads\/2026\/02\/suat-hekimoglu-aanin-yilin-kareleri-oylamasina-katildi-2-qPRs3mkD.jpg\"\/><\/p>\n<p><strong>&#8220;TORP\u0130L YAPMADIM&#8221;<\/strong><\/p>\n<p>Hekimo\u011flu, <em><b>&#8220;Spor&#8221; <\/b><\/em>kategorisinde se\u00e7ti\u011fi<em><b> &#8220;Aduken&#8221;<\/b><\/em> foto\u011fraf\u0131 i\u00e7in<em><b> &#8220;Boks\u00f6r foto\u011fraf\u0131 vard\u0131, onu be\u011fenecektim ama Zubkov&#8217;un, Trabzonsporlu futbolcunun havada as\u0131l\u0131 kal\u0131p o topu kontrol alt\u0131na almas\u0131 bana daha ilgin\u00e7 geldi. Bu sebeple boksa torpil yapmad\u0131m o foto\u011fraf\u0131 daha \u00e7ok be\u011fendim.&#8221; <\/b><\/em>dedi.<\/p>\n<p><img decoding=\"async\" src=\"https:\/\/bihavadis.com\/wp-content\/uploads\/2026\/02\/suat-hekimoglu-aanin-yilin-kareleri-oylamasina-katildi-3-27iA3wGj.jpg\"\/><\/p>\n<p><strong>&#8220;T\u00dcRK \u0130NSANI BUNA LAYIK&#8221;<\/strong><\/p>\n<p>Federasyon ba\u015fkan\u0131 Hekimo\u011flu, AA&#8217;n\u0131n &#8220;Y\u0131l\u0131n Kareleri&#8221;nde kendi bran\u015flar\u0131n\u0131 da g\u00f6rmek istediklerini s\u00f6yleyerek, <em><b>&#8220;Los Angeles&#8217;ta \u00fclkem ba\u015far\u0131l\u0131 olursa ve di\u011fer bran\u015flarda da ba\u015far\u0131l\u0131 olursak bizim foto\u011fraflar\u0131 da burada g\u00f6rmekten mutlu olurum. Olimpiyat endeksli \u00e7al\u0131\u015fmalar\u0131m\u0131z\u0131 s\u00fcrd\u00fcr\u00fcyoruz, ba\u015faraca\u011f\u0131m\u0131z\u0131 biliyorum, T\u00fcrk insan\u0131 buna lay\u0131k, T\u00fcrk sporcusu da bunu ba\u015faracak g\u00fc\u00e7tedir.&#8221; <\/b><\/em>diye konu\u015ftu.<\/p>\n<p><strong>OYLAMA<\/strong><\/p>\n<p>AA&#8217;n\u0131n 2012 y\u0131l\u0131ndan bu yana d\u00fczenledi\u011fi yar\u0131\u015fmada, bu y\u0131l<em><b> &#8220;Haber&#8221;<\/b><\/em>, <em><b>&#8220;Do\u011fal Ya\u015fam ve \u00c7evre&#8221;<\/b><\/em>, <em><b>&#8220;Spor&#8221; <\/b><\/em>ve <em><b>&#8220;G\u00fcnl\u00fck Hayat&#8221;<\/b><\/em> olmak \u00fczere 4 ana kategorinin yan\u0131 s\u0131ra <em><b>&#8220;Gazze: A\u00e7l\u0131k&#8221; <\/b><\/em>ve <em><b>&#8220;Portre&#8221;<\/b><\/em> ba\u015fl\u0131kl\u0131 2 \u00f6zel kategori yer al\u0131yor.<\/p>\n<p>T\u00fcrk\u00e7e ve \u0130ngilizce altyaz\u0131yla d\u00fcnya genelinde yap\u0131lan oylamaya kat\u0131lanlar, istedikleri say\u0131da foto\u011frafa oy verebiliyor.<\/p>\n<p>Oylama <em><b>&#8220;yilinkareleri.aa.com.tr&#8221; <\/b><\/em>internet sitesi \u00fczerinden 15 \u015eubat Pazar saat 17.00&#8217;ye kadar devam edecek.<\/p>\n","protected":false},"excerpt":{"rendered":"<p>T\u00fcrkiye Boks Federasyonu Ba\u015fkan\u0131 Suat Hekimo\u011flu, AA foto muhabirleri ve muhabirlerinin 2025 y\u0131l\u0131nda T\u00fcrkiye ile d\u00fcnya g\u00fcndeminde yank\u0131 bulan 6 kategorideki 112 foto\u011fraf\u0131n\u0131 inceledi.<\/p>\n","protected":false},"author":1,"featured_media":25126,"comment_status":"open","ping_status":"open","sticky":false,"template":"","format":"standard","meta":{"footnotes":""},"categories":[14],"tags":[311,3108,312,1830,517],"class_list":["post-25125","post","type-post","status-publish","format-standard","has-post-thumbnail","hentry","category-spor","tag-foto","tag-hekimoglu","tag-kategorisinde","tag-oylama","tag-turk"],"_links":{"self":[{"href":"https:\/\/bihavadis.com\/index.php\/wp-json\/wp\/v2\/posts\/25125","targetHints":{"allow":["GET"]}}],"collection":[{"href":"https:\/\/bihavadis.com\/index.php\/wp-json\/wp\/v2\/posts"}],"about":[{"href":"https:\/\/bihavadis.com\/index.php\/wp-json\/wp\/v2\/types\/post"}],"author":[{"embeddable":true,"href":"https:\/\/bihavadis.com\/index.php\/wp-json\/wp\/v2\/users\/1"}],"replies":[{"embeddable":true,"href":"https:\/\/bihavadis.com\/index.php\/wp-json\/wp\/v2\/comments?post=25125"}],"version-history":[{"count":1,"href":"https:\/\/bihavadis.com\/index.php\/wp-json\/wp\/v2\/posts\/25125\/revisions"}],"predecessor-version":[{"id":25131,"href":"https:\/\/bihavadis.com\/index.php\/wp-json\/wp\/v2\/posts\/25125\/revisions\/25131"}],"wp:featuredmedia":[{"embeddable":true,"href":"https:\/\/bihavadis.com\/index.php\/wp-json\/wp\/v2\/media\/25126"}],"wp:attachment":[{"href":"https:\/\/bihavadis.com\/index.php\/wp-json\/wp\/v2\/media?parent=25125"}],"wp:term":[{"taxonomy":"category","embeddable":true,"href":"https:\/\/bihavadis.com\/index.php\/wp-json\/wp\/v2\/categories?post=25125"},{"taxonomy":"post_tag","embeddable":true,"href":"https:\/\/bihavadis.com\/index.php\/wp-json\/wp\/v2\/tags?post=25125"}],"curies":[{"name":"wp","href":"https:\/\/api.w.org\/{rel}","templated":true}]}}