{"id":25319,"date":"2026-02-10T08:03:09","date_gmt":"2026-02-10T08:03:09","guid":{"rendered":"https:\/\/bihavadis.com\/?p=25319"},"modified":"2026-02-10T08:03:09","modified_gmt":"2026-02-10T08:03:09","slug":"zeren-spordan-maddi-zorluk-yasandigi-iddialarina-cevap","status":"publish","type":"post","link":"https:\/\/bihavadis.com\/index.php\/2026\/02\/10\/zeren-spordan-maddi-zorluk-yasandigi-iddialarina-cevap\/","title":{"rendered":"Zeren Spor&#8217;dan &#8220;maddi zorluk ya\u015fand\u0131\u011f\u0131&#8221; iddialar\u0131na cevap"},"content":{"rendered":"<p>Sultanlar Ligi ekiplerinden Ankara Zeren Spor Voleybol Kul\u00fcb\u00fc, <em><b>&#8220;maddi zorluk ya\u015fand\u0131\u011f\u0131&#8221; <\/b><\/em>iddilar\u0131na ili\u015fkin a\u00e7\u0131klama yapt\u0131.<\/p>\n<p>Ba\u015fkent ekibinin a\u00e7\u0131klamas\u0131nda, kul\u00fcb\u00fcn 4 y\u0131ld\u0131r faaliyet s\u00fcrd\u00fcrd\u00fc\u011f\u00fc hat\u0131rlat\u0131larak <em><b>&#8220;Gelinen noktada, spora samimi bi\u00e7imde katk\u0131 sunmaya \u00e7al\u0131\u015fan kul\u00fcb\u00fcm\u00fcz\u00fcn, baz\u0131 ki\u015fi ve \u00e7evrelerin kendi menfaatleriyle \u00f6rt\u00fc\u015fmedi\u011fi gerek\u00e7esiyle sistemli \u015fekilde y\u0131prat\u0131lmaya \u00e7al\u0131\u015f\u0131ld\u0131\u011f\u0131n\u0131 \u00fcz\u00fclerek g\u00f6zlemlemekteyiz. Yeni tesis yat\u0131r\u0131mlar\u0131, yeni bran\u015flar ve kal\u0131c\u0131 spor projeleri \u00fczerine \u00e7al\u0131\u015fmam\u0131z gerekirken t\u00fcm bu emek ve katk\u0131lar\u0131n farkl\u0131 noktalara \u00e7ekilmesini anlamakta zorland\u0131\u011f\u0131m\u0131z\u0131 da a\u00e7\u0131k\u00e7a ifade etmek isteriz.&#8221; <\/b><\/em>denildi.<\/p>\n<p><strong>&#8220;ULUSLARARASI TEMS\u0130L VE KATKI, KARARLILIKLA DEVAM EDECEKT\u0130R&#8221;<\/strong><\/p>\n<p>Ankara temsilcisinin a\u00e7\u0131klamas\u0131nda CEV \u015eampiyonlar Ligi&#8217;nin isim sponsorlu\u011funa dair ise <em><b>&#8220;Kul\u00fcb\u00fcm\u00fcz\u00fcn ta\u015f\u0131d\u0131\u011f\u0131 aile ad\u0131, ayn\u0131 zamanda CEV \u015eampiyonlar Ligi gibi d\u00fcnyan\u0131n en \u00fcst d\u00fczey organizasyonlar\u0131nda yer alarak uluslararas\u0131 arenada temsil edilmi\u015f bu ad\u0131m yaln\u0131zca kul\u00fcb\u00fcm\u00fcz ad\u0131na de\u011fil, T\u00fcrkiye\u2019nin tan\u0131t\u0131m\u0131 ve spor markas\u0131 de\u011ferinin k\u00fcresel \u00f6l\u00e7ekte g\u00fc\u00e7lenmesi a\u00e7\u0131s\u0131ndan da \u00f6nemli bir kazan\u0131m olmu\u015ftur. Bu y\u00f6ndeki uluslararas\u0131 temsil ve katk\u0131, kararl\u0131l\u0131kla devam edecektir.&#8221;<\/b><\/em> ifadeleri kullan\u0131ld\u0131.<\/p>\n<p><strong>&#8220;HERHANG\u0130 B\u0130R ALACA\u011eI KALMAMI\u015eTIR&#8221;<\/strong><\/p>\n<p>Spora ve sporcuya yat\u0131r\u0131m yap\u0131lmaya devam edilece\u011fi belirtilen a\u00e7\u0131klamada \u015funlar kaydedildi:<\/p>\n<p>Ya\u015fanan t\u00fcm geli\u015fmelerden gerekli dersler \u00e7\u0131kar\u0131lm\u0131\u015f olup kurumsal yap\u0131m\u0131z daha da g\u00fc\u00e7lendirilerek yolumuza kararl\u0131l\u0131kla devam edilmektedir. \u00d6n\u00fcm\u00fczde yeni tesisler, yeni yat\u0131r\u0131mlar ve yeni spor bran\u015flar\u0131yla T\u00fcrk sporuna kal\u0131c\u0131 katk\u0131lar sunma hedefi bulunmaktad\u0131r. Bug\u00fcne kadar kul\u00fcb\u00fcm\u00fcz b\u00fcnyesinde g\u00f6rev alm\u0131\u015f t\u00fcm sporcular\u0131m\u0131z\u0131n, teknik ekiplerimizin ve idari personelimizin kul\u00fcb\u00fcm\u00fczde herhangi bir alaca\u011f\u0131 kalmam\u0131\u015ft\u0131r, bundan sonra da kalmayacakt\u0131r.<\/p>\n<p><img decoding=\"async\" src=\"https:\/\/bihavadis.com\/wp-content\/uploads\/2026\/02\/zeren-spordan-maddi-zorluk-yasandigi-iddialarina-cevap-0-hPNYqwca.jpg\"\/><\/p>\n<p><img decoding=\"async\" src=\"https:\/\/bihavadis.com\/wp-content\/uploads\/2026\/02\/zeren-spordan-maddi-zorluk-yasandigi-iddialarina-cevap-1-FZRZVFzW.jpg\"\/><\/p>\n","protected":false},"excerpt":{"rendered":"<p>Zeren Spor Voleybol Kul\u00fcb\u00fc, &#8220;Bug\u00fcne kadar kul\u00fcb\u00fcm\u00fcz b\u00fcnyesinde g\u00f6rev alm\u0131\u015f t\u00fcm sporcular\u0131m\u0131z\u0131n, teknik ekiplerimizin ve idari personelimizin kul\u00fcb\u00fcm\u00fczde herhangi bir alaca\u011f\u0131 kalmam\u0131\u015ft\u0131r, bundan sonra da kalmayacakt\u0131r&#8221; a\u00e7\u0131klamas\u0131n\u0131 yapt\u0131.<\/p>\n","protected":false},"author":1,"featured_media":25320,"comment_status":"open","ping_status":"open","sticky":false,"template":"","format":"standard","meta":{"footnotes":""},"categories":[14],"tags":[440],"class_list":["post-25319","post","type-post","status-publish","format-standard","has-post-thumbnail","hentry","category-spor","tag-spor"],"_links":{"self":[{"href":"https:\/\/bihavadis.com\/index.php\/wp-json\/wp\/v2\/posts\/25319","targetHints":{"allow":["GET"]}}],"collection":[{"href":"https:\/\/bihavadis.com\/index.php\/wp-json\/wp\/v2\/posts"}],"about":[{"href":"https:\/\/bihavadis.com\/index.php\/wp-json\/wp\/v2\/types\/post"}],"author":[{"embeddable":true,"href":"https:\/\/bihavadis.com\/index.php\/wp-json\/wp\/v2\/users\/1"}],"replies":[{"embeddable":true,"href":"https:\/\/bihavadis.com\/index.php\/wp-json\/wp\/v2\/comments?post=25319"}],"version-history":[{"count":1,"href":"https:\/\/bihavadis.com\/index.php\/wp-json\/wp\/v2\/posts\/25319\/revisions"}],"predecessor-version":[{"id":25323,"href":"https:\/\/bihavadis.com\/index.php\/wp-json\/wp\/v2\/posts\/25319\/revisions\/25323"}],"wp:featuredmedia":[{"embeddable":true,"href":"https:\/\/bihavadis.com\/index.php\/wp-json\/wp\/v2\/media\/25320"}],"wp:attachment":[{"href":"https:\/\/bihavadis.com\/index.php\/wp-json\/wp\/v2\/media?parent=25319"}],"wp:term":[{"taxonomy":"category","embeddable":true,"href":"https:\/\/bihavadis.com\/index.php\/wp-json\/wp\/v2\/categories?post=25319"},{"taxonomy":"post_tag","embeddable":true,"href":"https:\/\/bihavadis.com\/index.php\/wp-json\/wp\/v2\/tags?post=25319"}],"curies":[{"name":"wp","href":"https:\/\/api.w.org\/{rel}","templated":true}]}}