{"id":25389,"date":"2026-02-10T09:15:07","date_gmt":"2026-02-10T09:15:07","guid":{"rendered":"https:\/\/bihavadis.com\/?p=25389"},"modified":"2026-02-10T09:15:07","modified_gmt":"2026-02-10T09:15:07","slug":"torbalida-yagislar-ureticilere-can-su-oluyor","status":"publish","type":"post","link":"https:\/\/bihavadis.com\/index.php\/2026\/02\/10\/torbalida-yagislar-ureticilere-can-su-oluyor\/","title":{"rendered":"Torbal\u0131&#8217;da Ya\u011f\u0131\u015flar \u00dcreticilere Can Su Oluyor"},"content":{"rendered":"<p>\n<p>\u0130ZM\u0130R&#8217;in Torbal\u0131 il\u00e7esinde son g\u00fcnlerde etkili olan ya\u011f\u0131\u015flar, kurakl\u0131k nedeniyle endi\u015fe ya\u015fayan \u00fcreticilere rahat nefes ald\u0131rd\u0131. \u0130l\u00e7ede yeti\u015fen k\u0131\u015fl\u0131k sebzelerin Ege B\u00f6lgesi&#8217;nin ihtiyac\u0131n\u0131n yakla\u015f\u0131k y\u00fczde 70&#8217;ini kar\u015f\u0131lad\u0131\u011f\u0131n\u0131 belirten Torbal\u0131 Ticaret Odas\u0131 Ba\u015fkan\u0131 Abdulvahap Olgun, ya\u011f\u0131\u015flar\u0131n sebzeler ile ekimi yap\u0131lan bu\u011fday ve arpaya can suyu oldu\u011funu belirtti.<\/p>\n<p> \u0130zmir&#8217;de son g\u00fcnlerde etkili olan ya\u011f\u0131\u015flar, uzun s\u00fcredir kurakl\u0131k nedeniyle endi\u015fe ya\u015fayan \u00fcreticilerin y\u00fcz\u00fcn\u00fc g\u00fcld\u00fcrd\u00fc. Beklenen ya\u011fmurun gelmesiyle birlikte hem yer alt\u0131 su kaynaklar\u0131nda toparlanma sinyalleri g\u00f6r\u00fclmeye ba\u015flad\u0131 hem de k\u0131sa s\u00fcre \u00f6nce ekimi yap\u0131lan bu\u011fday ve arpa ile tarlada kalan k\u0131\u015fl\u0131k sebzeler suyla bulu\u015ftu. \u0130zmir&#8217;in sebze \u00fcretiminde \u00f6ne \u00e7\u0131kan il\u00e7elerinden Torbal\u0131&#8217;da \u00fcreticiler, son ya\u011f\u0131\u015flarla birlikte rahat bir nefes ald\u0131. Karnabahar, p\u0131rasa, lahana ve brokoli gibi k\u0131\u015fl\u0131k sebzelerin ilk olarak kendi b\u00f6lgelerinde yeti\u015ftirildi\u011fini ve Ege B\u00f6lgesi&#8217;nin ihtiyac\u0131n\u0131n yakla\u015f\u0131k y\u00fczde 70&#8217;ini kar\u015f\u0131lad\u0131\u011f\u0131n\u0131 belirten Torbal\u0131 Ticaret Odas\u0131 Ba\u015fkan\u0131 Abdulvahap Olgun, k\u0131\u015f mevsiminin kurak ba\u015flad\u0131\u011f\u0131n\u0131 belirtip, &#8220;Kas\u0131m ve aral\u0131k aylar\u0131nda k\u0131\u015f kurak ba\u015flam\u0131\u015ft\u0131. Bu durum k\u0131\u015fl\u0131k sebzelerimizi ciddi derecede olumsuz etkilemi\u015fti. K\u0131\u015fl\u0131k sebzelerin bir k\u0131sm\u0131 topland\u0131 ancak hen\u00fcz tarlada olan \u00fcr\u00fcnler i\u00e7in son ya\u011fmurlar can suyu oldu. Bunun yan\u0131 s\u0131ra bu\u011fday ve arpa ekimleri yap\u0131lm\u0131\u015ft\u0131. Ya\u011f\u0131\u015flar\u0131n yetersiz olmas\u0131 nedeniyle bu \u00fcr\u00fcnlerde de s\u0131k\u0131nt\u0131 ya\u015fan\u0131yordu. Ya\u011fmurlar\u0131n ba\u015flamas\u0131, bu \u00fcr\u00fcnler i\u00e7in de olumlu oldu&#8221; ifadelerini kulland\u0131.<\/p>\n<p>&#8216;YA\u011eI\u015eLAR YER ALTI SULARINA DA YARADI&#8217;<\/p>\n<p>Ya\u011f\u0131\u015flar\u0131n yer alt\u0131 su kaynaklar\u0131na ve \u00e7aylara da katk\u0131 sa\u011flad\u0131\u011f\u0131n\u0131 ifade eden Olgun, &#8220;B\u00f6lgemizde daha \u00f6nce 100-150 metreden \u00e7\u0131kan yer alt\u0131 sular\u0131, kurakl\u0131k nedeniyle 250-300 metrelere kadar inmi\u015fti. Ya\u011fmurlar\u0131n yer alt\u0131 sular\u0131n\u0131 yeniden besleyece\u011fini d\u00fc\u015f\u00fcn\u00fcyoruz&#8221; diye konu\u015ftu.<\/p>\n<p>Olgun ayr\u0131ca, uzun s\u00fcredir kurak olan Fetrek ve \u00c7evlik \u00e7aylar\u0131n\u0131n da son ya\u011f\u0131\u015flarla birlikte yeniden suyla doldu\u011funu s\u00f6yledi. <\/p>\n","protected":false},"excerpt":{"rendered":"<p>\u0130zmir&#8217;in Torbal\u0131 il\u00e7esindeki ya\u011f\u0131\u015flar, kurakl\u0131k endi\u015fesi ta\u015f\u0131yan \u00fcreticilere umut verdi.<\/p>\n","protected":false},"author":1,"featured_media":25390,"comment_status":"open","ping_status":"open","sticky":false,"template":"","format":"standard","meta":{"footnotes":""},"categories":[8],"tags":[4237],"class_list":["post-25389","post","type-post","status-publish","format-standard","has-post-thumbnail","hentry","category-ekonomi","tag-kurak"],"_links":{"self":[{"href":"https:\/\/bihavadis.com\/index.php\/wp-json\/wp\/v2\/posts\/25389","targetHints":{"allow":["GET"]}}],"collection":[{"href":"https:\/\/bihavadis.com\/index.php\/wp-json\/wp\/v2\/posts"}],"about":[{"href":"https:\/\/bihavadis.com\/index.php\/wp-json\/wp\/v2\/types\/post"}],"author":[{"embeddable":true,"href":"https:\/\/bihavadis.com\/index.php\/wp-json\/wp\/v2\/users\/1"}],"replies":[{"embeddable":true,"href":"https:\/\/bihavadis.com\/index.php\/wp-json\/wp\/v2\/comments?post=25389"}],"version-history":[{"count":1,"href":"https:\/\/bihavadis.com\/index.php\/wp-json\/wp\/v2\/posts\/25389\/revisions"}],"predecessor-version":[{"id":25391,"href":"https:\/\/bihavadis.com\/index.php\/wp-json\/wp\/v2\/posts\/25389\/revisions\/25391"}],"wp:featuredmedia":[{"embeddable":true,"href":"https:\/\/bihavadis.com\/index.php\/wp-json\/wp\/v2\/media\/25390"}],"wp:attachment":[{"href":"https:\/\/bihavadis.com\/index.php\/wp-json\/wp\/v2\/media?parent=25389"}],"wp:term":[{"taxonomy":"category","embeddable":true,"href":"https:\/\/bihavadis.com\/index.php\/wp-json\/wp\/v2\/categories?post=25389"},{"taxonomy":"post_tag","embeddable":true,"href":"https:\/\/bihavadis.com\/index.php\/wp-json\/wp\/v2\/tags?post=25389"}],"curies":[{"name":"wp","href":"https:\/\/api.w.org\/{rel}","templated":true}]}}