{"id":25396,"date":"2026-02-10T09:27:09","date_gmt":"2026-02-10T09:27:09","guid":{"rendered":"https:\/\/bihavadis.com\/?p=25396"},"modified":"2026-02-10T09:27:09","modified_gmt":"2026-02-10T09:27:09","slug":"aydinda-firtina-hayati-olumsuz-etkiledi","status":"publish","type":"post","link":"https:\/\/bihavadis.com\/index.php\/2026\/02\/10\/aydinda-firtina-hayati-olumsuz-etkiledi\/","title":{"rendered":"Ayd\u0131n&#8217;da f\u0131rt\u0131na hayat\u0131 olumsuz etkiledi"},"content":{"rendered":"<p> Ayd\u0131n&#8217;\u0131n K\u00f6\u015fk il\u00e7esine ba\u011fl\u0131 baz\u0131 k\u00f6ylerde meydana gelen f\u0131rt\u0131na hayat\u0131 olumsuz etkiledi. F\u0131rt\u0131nada baz\u0131 evlerin \u00e7at\u0131lar\u0131 u\u00e7tu, tar\u0131m arazilerinde a\u011fa\u00e7lar k\u0131r\u0131ld\u0131. Olduk\u00e7a etkili olan f\u0131rt\u0131nada ciddi oranda maddi hasar olu\u015furken, olayda yaralanma ve can kayb\u0131 ya\u015fanmamas\u0131 teselli kayna\u011f\u0131 oldu.<\/p>\n<p>Meteoroloji B\u00f6lge M\u00fcd\u00fcrl\u00fc\u011f\u00fc&#8217;n\u00fcn ya\u011f\u0131\u015f ve f\u0131rt\u0131na uyar\u0131s\u0131n\u0131n ard\u0131ndan Ayd\u0131n&#8217;\u0131n K\u00f6\u015fk i\u00e7esine ba\u011fl\u0131 k\u0131rsal Ba\u015f\u00e7ay\u0131r, Cumayan\u0131, Sar\u0131\u00e7am ve Ahatlar mahallelerinde ya\u011f\u0131\u015fla birlikte f\u0131rt\u0131na etkili oldu. Ba\u015f\u00e7ay\u0131r deresinden \u00c7atma Yaylas\u0131&#8217;na kadar pek \u00e7ok evin \u00e7at\u0131s\u0131 f\u0131rt\u0131nada zarar g\u00f6r\u00fcrken baz\u0131 arazilerdeki zeytin a\u011fa\u00e7lar\u0131n\u0131n dallar\u0131 da k\u0131r\u0131ld\u0131. Cumayan\u0131 k\u00f6y\u00fcn\u00fcn camisinin minaresinin de zarar g\u00f6rd\u00fc\u011f\u00fc f\u0131rt\u0131nada \u00e7ok say\u0131da evin \u00e7at\u0131s\u0131 zarar g\u00f6rd\u00fc.<\/p>\n<p>F\u0131rt\u0131nan\u0131n en etkili ya\u015fand\u0131\u011f\u0131 yerlerden biri de K\u00f6\u015fk&#8217;\u00fcn en y\u00fcksek k\u00f6y\u00fc olan Sar\u0131\u00e7am Mahallesi oldu. Bir anda hortum \u015feklinde etkili olan f\u0131rt\u0131nada k\u00f6yde pek \u00e7ok evin \u00e7at\u0131s\u0131 zarar g\u00f6r\u00fcrken k\u00f6y sakinlerinden Harun G\u00f6k\u00e7e&#8217;nin evinin \u00e7at\u0131s\u0131 u\u00e7tu. Evin duvarlar\u0131n\u0131n bile y\u0131k\u0131ld\u0131\u011f\u0131 f\u0131rt\u0131nada demir \u00e7elik \u00e7at\u0131 k\u00f6y\u00fcn yak\u0131n\u0131ndaki araziye u\u00e7arken, balkon demirleri ise balyozla vurulmu\u015f gibi e\u011fri b\u00fc\u011fr\u00fc hale geldi.<\/p>\n<p>Kuvvetli r\u00fczgar\u0131n bir anda gelip ge\u00e7ti\u011fini ancak k\u0131sa s\u00fcrede baz\u0131 \u00e7at\u0131lar\u0131 u\u00e7urdu\u011funu belirten Harun G\u00f6k\u00e7e, &#8220;Bir anda hortum \u015feklinde geldi. Bizim evin \u00e7at\u0131s\u0131n\u0131 kolanlara ba\u011fl\u0131 olan demirleri ile birlikte s\u00f6k\u00fcp g\u00f6t\u00fcrd\u00fc. \u00c7at\u0131 k\u00f6y\u00fcn alt k\u0131sm\u0131na u\u00e7tu. Duvarlar y\u0131k\u0131ld\u0131. Balkonun korkuluk demirleri bile e\u011fri b\u00fc\u011fr\u00fc hale geldi&#8221; diyerek b\u00fcy\u00fck bir afet ya\u015fand\u0131\u011f\u0131n\u0131 belirti.<\/p>\n<p>&#8220;Tek tesellimiz yaralanma ve can kayb\u0131 ya\u015fanmamas\u0131&#8221;<\/p>\n<p>Bu ya\u015f\u0131na kadar b\u00f6yle bir f\u0131rt\u0131na g\u00f6rmedi\u011fini belirten Sar\u0131\u00e7am Mahallesi Muhtar\u0131 Ercan Soyt\u00fcrk ise b\u00f6ylesi bir felaketi \u00f6l\u00fcm ve yaralanma olay\u0131 olmadan maddi hasarla atlatman\u0131n kendileri i\u00e7in teselli kayna\u011f\u0131 oldu\u011funu belirterek, &#8220;Bir anda f\u0131rt\u0131na \u00e7\u0131kt\u0131. K\u00f6y\u00fcn pek \u00e7ok evinin \u00e7at\u0131s\u0131 zarar g\u00f6rd\u00fc. Baz\u0131 evlerin \u00e7at\u0131s\u0131 ise u\u00e7tu gitti. Olaydan sonra elektriklerimiz kesildi. F\u0131rt\u0131nan\u0131n neden oldu\u011fu hasar\u0131 gidermek i\u00e7in \u00e7al\u0131\u015fmalar devam ediyor&#8221; diyerek bu zaman kadar b\u00f6yle f\u0131rt\u0131naya hi\u00e7 \u015fahit olmad\u0131\u011f\u0131n\u0131 s\u00f6yledi.<\/p>\n<p>F\u0131rt\u0131nan\u0131n ard\u0131ndan k\u00f6yl\u00fcler zarar g\u00f6ren evlerinin \u00e7at\u0131lar\u0131n\u0131 kendi imkanlar\u0131yla tamir etmeye \u00e7al\u0131\u015f\u0131yor. &#8211; AYDIN<\/p>\n","protected":false},"excerpt":{"rendered":"<p>K\u00f6\u015fk&#8217;te etkili olan f\u0131rt\u0131na, evlerin \u00e7at\u0131s\u0131n\u0131 u\u00e7urdu, a\u011fa\u00e7lar\u0131 k\u0131rd\u0131; can kayb\u0131 ya\u015fanmad\u0131.<\/p>\n","protected":false},"author":1,"featured_media":25397,"comment_status":"open","ping_status":"open","sticky":false,"template":"","format":"standard","meta":{"footnotes":""},"categories":[8],"tags":[2540,4238,332,2600,2701],"class_list":["post-25396","post","type-post","status-publish","format-standard","has-post-thumbnail","hentry","category-ekonomi","tag-cati","tag-catisi","tag-evin","tag-firtina","tag-zarar"],"_links":{"self":[{"href":"https:\/\/bihavadis.com\/index.php\/wp-json\/wp\/v2\/posts\/25396","targetHints":{"allow":["GET"]}}],"collection":[{"href":"https:\/\/bihavadis.com\/index.php\/wp-json\/wp\/v2\/posts"}],"about":[{"href":"https:\/\/bihavadis.com\/index.php\/wp-json\/wp\/v2\/types\/post"}],"author":[{"embeddable":true,"href":"https:\/\/bihavadis.com\/index.php\/wp-json\/wp\/v2\/users\/1"}],"replies":[{"embeddable":true,"href":"https:\/\/bihavadis.com\/index.php\/wp-json\/wp\/v2\/comments?post=25396"}],"version-history":[{"count":1,"href":"https:\/\/bihavadis.com\/index.php\/wp-json\/wp\/v2\/posts\/25396\/revisions"}],"predecessor-version":[{"id":25398,"href":"https:\/\/bihavadis.com\/index.php\/wp-json\/wp\/v2\/posts\/25396\/revisions\/25398"}],"wp:featuredmedia":[{"embeddable":true,"href":"https:\/\/bihavadis.com\/index.php\/wp-json\/wp\/v2\/media\/25397"}],"wp:attachment":[{"href":"https:\/\/bihavadis.com\/index.php\/wp-json\/wp\/v2\/media?parent=25396"}],"wp:term":[{"taxonomy":"category","embeddable":true,"href":"https:\/\/bihavadis.com\/index.php\/wp-json\/wp\/v2\/categories?post=25396"},{"taxonomy":"post_tag","embeddable":true,"href":"https:\/\/bihavadis.com\/index.php\/wp-json\/wp\/v2\/tags?post=25396"}],"curies":[{"name":"wp","href":"https:\/\/api.w.org\/{rel}","templated":true}]}}