{"id":25463,"date":"2026-02-10T10:36:10","date_gmt":"2026-02-10T10:36:10","guid":{"rendered":"https:\/\/bihavadis.com\/?p=25463"},"modified":"2026-02-10T10:36:10","modified_gmt":"2026-02-10T10:36:10","slug":"fatih-karagumruk-4-futbolcuya-imza-attirdi","status":"publish","type":"post","link":"https:\/\/bihavadis.com\/index.php\/2026\/02\/10\/fatih-karagumruk-4-futbolcuya-imza-attirdi\/","title":{"rendered":"Fatih Karag\u00fcmr\u00fck, 4 futbolcuya imza att\u0131rd\u0131"},"content":{"rendered":"<p>S\u00fcper Lig ekiplerinden Fatih Karag\u00fcmr\u00fck; Fatih Kurucuk, Igor Lichnovsky, Daniele Verde ve Filip Mladenovic&#8217;i kadrosuna katt\u0131.<\/p>\n<p>Kul\u00fcb\u00fcn sosyal medya platformundaki hesab\u0131ndan yap\u0131lan a\u00e7\u0131klamaya g\u00f6re, 2017-2021 y\u0131llar\u0131 aras\u0131nda Fatih Karag\u00fcmr\u00fck formas\u0131 giyen ve kul\u00fcple 2. Lig ve 1. Lig \u015fampiyonluklar\u0131 ya\u015fayan Fatih Kurucuk ile 2+1 y\u0131ll\u0131k s\u00f6zle\u015fme imzaland\u0131.<\/p>\n<p><img decoding=\"async\" src=\"https:\/\/bihavadis.com\/wp-content\/uploads\/2026\/02\/fatih-karagumruk-4-futbolcuya-imza-attirdi-0-W3vzmQ8w.jpg\"\/><\/p>\n<p><strong>3 YABANCI FUTBOLCU KADROYA KATILDI<\/strong><\/p>\n<p>Meksika ekibi CF America&#8217;da forma giyen savunma oyuncusu Igor Lichnovsky ile 1,5+1 y\u0131ll\u0131k ala\u015fma sa\u011flan\u0131rken, \u0130talya Serie B ekiplerinden Spezia Calcio&#8217;da oynayan kanat oyuncusu Daniele Verde ise sat\u0131n alma opsiyonuyla sezon sonuna kadar kiraland\u0131.<\/p>\n<p>Savunma oyuncusu Filip Mladenovic de Yunanistan temsilcisi Panathinaikos&#8217;tan sezon sonuna kadar kiral\u0131k olarak kadroya dahil edildi.<\/p>\n<p><img decoding=\"async\" src=\"https:\/\/bihavadis.com\/wp-content\/uploads\/2026\/02\/fatih-karagumruk-4-futbolcuya-imza-attirdi-1-YxnQi9gh.jpg\"\/><\/p>\n<p><img decoding=\"async\" src=\"https:\/\/bihavadis.com\/wp-content\/uploads\/2026\/02\/fatih-karagumruk-4-futbolcuya-imza-attirdi-2-5zRJTHMN.jpg\"\/><\/p>\n<p><img decoding=\"async\" src=\"https:\/\/bihavadis.com\/wp-content\/uploads\/2026\/02\/fatih-karagumruk-4-futbolcuya-imza-attirdi-3-b6e5Fql3.jpg\"\/><\/p>\n","protected":false},"excerpt":{"rendered":"<p>Fatih Karag\u00fcmr\u00fck, Fatih Kurucuk, Igor Lichnovsky, Daniele Verde ve Filip Mladenovic&#8217;i renklerine ba\u011flad\u0131\u011f\u0131n\u0131 duyurdu.<\/p>\n","protected":false},"author":1,"featured_media":25464,"comment_status":"open","ping_status":"open","sticky":false,"template":"","format":"standard","meta":{"footnotes":""},"categories":[14],"tags":[],"class_list":["post-25463","post","type-post","status-publish","format-standard","has-post-thumbnail","hentry","category-spor"],"_links":{"self":[{"href":"https:\/\/bihavadis.com\/index.php\/wp-json\/wp\/v2\/posts\/25463","targetHints":{"allow":["GET"]}}],"collection":[{"href":"https:\/\/bihavadis.com\/index.php\/wp-json\/wp\/v2\/posts"}],"about":[{"href":"https:\/\/bihavadis.com\/index.php\/wp-json\/wp\/v2\/types\/post"}],"author":[{"embeddable":true,"href":"https:\/\/bihavadis.com\/index.php\/wp-json\/wp\/v2\/users\/1"}],"replies":[{"embeddable":true,"href":"https:\/\/bihavadis.com\/index.php\/wp-json\/wp\/v2\/comments?post=25463"}],"version-history":[{"count":1,"href":"https:\/\/bihavadis.com\/index.php\/wp-json\/wp\/v2\/posts\/25463\/revisions"}],"predecessor-version":[{"id":25469,"href":"https:\/\/bihavadis.com\/index.php\/wp-json\/wp\/v2\/posts\/25463\/revisions\/25469"}],"wp:featuredmedia":[{"embeddable":true,"href":"https:\/\/bihavadis.com\/index.php\/wp-json\/wp\/v2\/media\/25464"}],"wp:attachment":[{"href":"https:\/\/bihavadis.com\/index.php\/wp-json\/wp\/v2\/media?parent=25463"}],"wp:term":[{"taxonomy":"category","embeddable":true,"href":"https:\/\/bihavadis.com\/index.php\/wp-json\/wp\/v2\/categories?post=25463"},{"taxonomy":"post_tag","embeddable":true,"href":"https:\/\/bihavadis.com\/index.php\/wp-json\/wp\/v2\/tags?post=25463"}],"curies":[{"name":"wp","href":"https:\/\/api.w.org\/{rel}","templated":true}]}}