{"id":25523,"date":"2026-02-10T11:33:06","date_gmt":"2026-02-10T11:33:06","guid":{"rendered":"https:\/\/bihavadis.com\/?p=25523"},"modified":"2026-02-10T11:33:06","modified_gmt":"2026-02-10T11:33:06","slug":"canakkale-cephesinde-sarikamis-faciasina-benzer-donma-olaylari-yasandi","status":"publish","type":"post","link":"https:\/\/bihavadis.com\/index.php\/2026\/02\/10\/canakkale-cephesinde-sarikamis-faciasina-benzer-donma-olaylari-yasandi\/","title":{"rendered":"\u00c7anakkale Cephesi&#8217;nde Sar\u0131kam\u0131\u015f Facias\u0131na Benzer Donma Olaylar\u0131 Ya\u015fand\u0131"},"content":{"rendered":"<p>\u00c7ANAKKALE Sava\u015flar\u0131 Enstit\u00fcs\u00fc taraf\u0131ndan yap\u0131lan ara\u015ft\u0131rma, Sar\u0131kam\u0131\u015f Harekat\u0131&#8217;nda y\u00fczlerce askerin donarak \u015fehit oldu\u011fu facian\u0131n bir benzerinin \u00c7anakkale Cephesi&#8217;nde ya\u015fand\u0131\u011f\u0131n\u0131 ortaya \u00e7\u0131kard\u0131. \u00c7anakkale Sava\u015flar\u0131 Enstit\u00fcs\u00fc Ba\u015fkan\u0131 Prof. Dr. Murat Karata\u015f, Sar\u0131kam\u0131\u015f Harekat\u0131&#8217;n\u0131n \u00fczerinden hen\u00fcz bir y\u0131l ge\u00e7memi\u015fken \u00c7anakkale&#8217;de de benzer bir facian\u0131n ya\u015fand\u0131\u011f\u0131n\u0131 belirtip, &#8220;Siperlerde n\u00f6bet tutan askerlerimiz, Sar\u0131kam\u0131\u015f&#8217;taki silah arkada\u015flar\u0131 gibi donarak \u015fehadete y\u00fcr\u00fcd\u00fcler&#8221; dedi.<\/p>\n<p>\u00c7anakkale Sava\u015flar\u0131 Enstit\u00fcs\u00fc taraf\u0131ndan yap\u0131lan ara\u015ft\u0131rmada, 1915 y\u0131l\u0131 Kas\u0131m ay\u0131nda ya\u015fanan felaketi, T\u00fcrk ar\u015fiv belgeleri ve subay hat\u0131ratlar\u0131yla g\u00f6zler \u00f6n\u00fcne serdi. \u00c7anakkale Sava\u015flar\u0131 Enstit\u00fcs\u00fc Ba\u015fkan\u0131 Prof. Dr. Murat Karata\u015f&#8217;\u0131n \u00e7al\u0131\u015fmas\u0131; \u00c7anakkale&#8217;deki Mehmet\u00e7ik&#8217;in de sel ve kar f\u0131rt\u0131nas\u0131yla imtihan\u0131n\u0131 t\u00fcm \u00e7\u0131plakl\u0131\u011f\u0131yla belgeledi. \u00c7anakkale&#8217;de 26 Kas\u0131m 1915&#8217;te ba\u015flayan ve 3 g\u00fcn s\u00fcren f\u0131rt\u0131nan\u0131n, cepheyi ikinci bir Sar\u0131kam\u0131\u015f&#8217;a \u00e7evirdi\u011fini vurgulayan Prof. Dr. Karata\u015f, &#8220;Sar\u0131kam\u0131\u015f felaketi gibi \u00c7anakkale&#8217;deki askerlerimiz de benzer bir kaderle y\u00fczle\u015fti. Aniden bast\u0131ran sa\u011fanak ya\u011f\u0131\u015f Anafarta Ovas\u0131&#8217;n\u0131 g\u00f6le \u00e7evirdi. Hemen ard\u0131ndan gelen kar f\u0131rt\u0131nas\u0131 ise \u0131slak k\u0131yafetleri askerlerimizin \u00fczerinde dondurdu. Siperler suyla dolmu\u015f, m\u00fchimmatlar sele kap\u0131lm\u0131\u015f ve askerlerimiz dondurucu so\u011fukla ba\u015f ba\u015fa kalm\u0131\u015ft\u0131r. Bu durum &#8216;beyaz \u00f6l\u00fcm\u00fc&#8217; beraberinde getirdi. Ar\u015fiv belgeleri, bu 3 g\u00fcnl\u00fck s\u00fcre\u00e7te do\u011fan\u0131n adeta &#8216;\u00fc\u00e7\u00fcnc\u00fc bir ordu&#8217; gibi sava\u015ft\u0131\u011f\u0131n\u0131 ve siperleri ya\u015fanmaz hale getirdi\u011fini g\u00f6steriyor&#8221; ifadelerini kulland\u0131.<\/p>\n<p>&#8216;SO\u011eU\u011eUN MEHMET\u00c7\u0130K \u00dcZER\u0130NDEK\u0130 YIKICI ETK\u0130S\u0130N\u0130 ANLAMAMIZ A\u00c7ISINDAN \u00d6NEML\u0130 B\u0130R VER\u0130&#8217;<\/p>\n<p>Prof. Dr. Murat Karata\u015f, so\u011fu\u011fun \u015fiddetini kar\u015f\u0131 siperdeki verilerle \u015f\u00f6yle \u00f6zetledi: <\/p>\n<p>&#8220;So\u011fuk, \u00fcniforma ay\u0131rt etmeksizin herkesi vurdu. M\u00fcttefik kuvvetler, 28 Kas\u0131m tarihini, ya\u015fanan uzuv kay\u0131plar\u0131n\u0131n \u00e7oklu\u011fu nedeniyle haf\u0131zalar\u0131na &#8216;Donmu\u015f Ayak G\u00fcn\u00fc&#8217; olarak kaz\u0131d\u0131. \u0130ngiliz resmi kay\u0131tlar\u0131na g\u00f6re harekat boyunca 1380 &#8216;siper aya\u011f\u0131&#8217; vakas\u0131 g\u00f6r\u00fcl\u00fcrken, bu f\u0131rt\u0131nada ek olarak 6 bin 602 donma vakas\u0131 hastanelere sevk edildi. Yakla\u015f\u0131k 8 bin askerin tek kur\u015fun at\u0131lmadan muharebe d\u0131\u015f\u0131 kald\u0131\u011f\u0131 bu felaket, so\u011fu\u011fun Mehmet\u00e7ik \u00fczerindeki y\u0131k\u0131c\u0131 etkisini anlamam\u0131z a\u00e7\u0131s\u0131ndan \u00f6nemli bir veridir.&#8221;<\/p>\n<p>Felaketin en a\u011f\u0131r vurdu\u011fu birliklerin ba\u015f\u0131nda 18, 33, 34, 36 ve 59&#8217;uncu alaylar\u0131n geldi\u011fini belirten Prof. Dr. Karata\u015f, &#8220;O d\u00f6nem 18&#8217;inci Alay Komutan\u0131 olan Binba\u015f\u0131 Mustafa&#8217;n\u0131n raporu, durumun vahametini tek bir c\u00fcmleyle \u00f6zetliyor. Komutan, sel ve don olaylar\u0131 sonras\u0131 alay\u0131n\u0131n durumunu; &#8216;Adeta b\u00fcy\u00fck bir muharebe vermi\u015f kadar y\u0131pranm\u0131\u015ft\u0131r&#8217; s\u00f6zleriyle rapor etmi\u015ftir&#8221; diye konu\u015ftu.<\/p>\n<p>&#8216;DO\u011eANIN ACIMASIZ KO\u015eULLARINA KAR\u015eI DESTANSI SABIR SINAVI VER\u0130LM\u0130\u015e&#8217;<\/p>\n<p>Genelkurmay Ba\u015fkanl\u0131\u011f\u0131 ar\u015fivlerine g\u00f6re resmi kay\u0131tlarda, zorlu hava ko\u015fullar\u0131nda 53 askerin sel sular\u0131nda bo\u011fularak, 248 askerin ise donarak \u015fehit oldu\u011funun yer ald\u0131\u011f\u0131n\u0131 vurgulayan Prof. Dr. Murat Karata\u015f, &#8220;Kay\u0131p askerlerimiz ve hastaneye kald\u0131r\u0131ld\u0131ktan sonra \u015fehit d\u00fc\u015fenlerle birlikte bu say\u0131n\u0131n \u00e7ok daha y\u00fcksek oldu\u011fu ortada. Hen\u00fcz net rakam s\u00f6ylemek m\u00fcmk\u00fcn olmasa da birinci el askeri kaynaklar bize, bu felaket nedeniyle hastaneye dahi gidemeden \u015fehit olan asker say\u0131m\u0131z\u0131n 500 ki\u015fiden a\u015fa\u011f\u0131 olmad\u0131\u011f\u0131n\u0131 g\u00f6steriyor. T\u0131pk\u0131 Sar\u0131kam\u0131\u015f&#8217;ta oldu\u011fu gibi \u00c7anakkale&#8217;de de askerimiz, d\u00fc\u015fman ate\u015finden ziyade do\u011fan\u0131n ac\u0131mas\u0131z ko\u015fullar\u0131na kar\u015f\u0131 destans\u0131 bir sab\u0131r s\u0131nav\u0131 vermi\u015ftir. Bu hazin olay\u0131n t\u00fcm belgeleri ve detaylar\u0131, Anafarta Dergisi&#8217;nin 29&#8217;uncu say\u0131s\u0131nda tarihe bir not olarak d\u00fc\u015f\u00fcld\u00fc&#8221; dedi. <\/p>\n","protected":false},"excerpt":{"rendered":"<p>\u00c7ANAKKALE Sava\u015flar\u0131 Enstit\u00fcs\u00fc taraf\u0131ndan yap\u0131lan ara\u015ft\u0131rma, Sar\u0131kam\u0131\u015f Harekat\u0131&#8217;nda y\u00fczlerce askerin donarak \u015fehit oldu\u011fu facian\u0131n bir benzerinin \u00c7anakkale Cephesi&#8217;nde ya\u015fand\u0131\u011f\u0131n\u0131 ortaya \u00e7\u0131kard\u0131.<\/p>\n","protected":false},"author":1,"featured_media":25524,"comment_status":"open","ping_status":"open","sticky":false,"template":"","format":"standard","meta":{"footnotes":""},"categories":[9,4,13],"tags":[2032,469,4245,3076,297],"class_list":["post-25523","post","type-post","status-publish","format-standard","has-post-thumbnail","hentry","category-genel","category-gundem","category-son-dakika","tag-askeri","tag-bas","tag-canakkale","tag-don","tag-kar"],"_links":{"self":[{"href":"https:\/\/bihavadis.com\/index.php\/wp-json\/wp\/v2\/posts\/25523","targetHints":{"allow":["GET"]}}],"collection":[{"href":"https:\/\/bihavadis.com\/index.php\/wp-json\/wp\/v2\/posts"}],"about":[{"href":"https:\/\/bihavadis.com\/index.php\/wp-json\/wp\/v2\/types\/post"}],"author":[{"embeddable":true,"href":"https:\/\/bihavadis.com\/index.php\/wp-json\/wp\/v2\/users\/1"}],"replies":[{"embeddable":true,"href":"https:\/\/bihavadis.com\/index.php\/wp-json\/wp\/v2\/comments?post=25523"}],"version-history":[{"count":1,"href":"https:\/\/bihavadis.com\/index.php\/wp-json\/wp\/v2\/posts\/25523\/revisions"}],"predecessor-version":[{"id":25525,"href":"https:\/\/bihavadis.com\/index.php\/wp-json\/wp\/v2\/posts\/25523\/revisions\/25525"}],"wp:featuredmedia":[{"embeddable":true,"href":"https:\/\/bihavadis.com\/index.php\/wp-json\/wp\/v2\/media\/25524"}],"wp:attachment":[{"href":"https:\/\/bihavadis.com\/index.php\/wp-json\/wp\/v2\/media?parent=25523"}],"wp:term":[{"taxonomy":"category","embeddable":true,"href":"https:\/\/bihavadis.com\/index.php\/wp-json\/wp\/v2\/categories?post=25523"},{"taxonomy":"post_tag","embeddable":true,"href":"https:\/\/bihavadis.com\/index.php\/wp-json\/wp\/v2\/tags?post=25523"}],"curies":[{"name":"wp","href":"https:\/\/api.w.org\/{rel}","templated":true}]}}