{"id":25526,"date":"2026-02-10T11:36:07","date_gmt":"2026-02-10T11:36:07","guid":{"rendered":"https:\/\/bihavadis.com\/?p=25526"},"modified":"2026-02-10T11:36:07","modified_gmt":"2026-02-10T11:36:07","slug":"rusyada-suikast-girisimi-vladimir-alexeyev-vuruldu","status":"publish","type":"post","link":"https:\/\/bihavadis.com\/index.php\/2026\/02\/10\/rusyada-suikast-girisimi-vladimir-alexeyev-vuruldu\/","title":{"rendered":"Rusya&#8217;da suikast giri\u015fimi: Vladimir Alexeyev vuruldu"},"content":{"rendered":"<p>Moskovada suikast giri\u015fimi&#8230;<\/p>\n<p>Rusya Askeri D\u0131\u015f \u0130stihbarat Te\u015fkilat\u0131 Ba\u015fkan Yard\u0131mc\u0131s\u0131 Korgeneral Vladimir Alexeyev&#8217;e ba\u015fkent Moskova&#8217;da suikast giri\u015fimi d\u00fczenlendi.<\/p>\n<p><strong>SIRTINDAN VURULARAK YARALANDI<\/strong><\/p>\n<p>Rusya Askeri D\u0131\u015f \u0130stihbarat Te\u015fkilat\u0131&#8217;n\u0131n (GRU) iki numaral\u0131 ismi olarak bilinen Korgeneral Vladimir Alexeyev, Moskova&#8217;da vurularak yaraland\u0131.<\/p>\n<p>Soru\u015fturma Komitesinden yap\u0131lan a\u00e7\u0131klamada, Alexeyev&#8217;in evinin \u00f6n\u00fcnde birden fazla el ate\u015f a\u00e7\u0131lmas\u0131 sonucu s\u0131rt\u0131ndan yaralanarak hastaneye kald\u0131r\u0131ld\u0131\u011f\u0131 ifade edildi.<\/p>\n<p><strong>OLAY YER\u0130NDE \u0130NCELEME \u00c7ALI\u015eMALARI BA\u015eLATILDI<\/strong><\/p>\n<p>Silahl\u0131 sald\u0131rgan\u0131n olay yerinden ka\u00e7t\u0131\u011f\u0131, polis taraf\u0131ndan arand\u0131\u011f\u0131 aktar\u0131ld\u0131. Olay yerinde \u00e7al\u0131\u015fmalar\u0131n s\u00fcrd\u00fcrd\u00fc\u011f\u00fc belirtildi.<\/p>\n<p>Ukrayna istihbarat\u0131 daha \u00f6nce Alexeyev&#8217;i <em><b>&#8220;uluslararas\u0131 bir su\u00e7lu&#8221;<\/b><\/em> olarak nitelendirmi\u015fti.<\/p>\n<p><strong>&#8221;RUSYA FEDARASYONUNUN KAHRAMANI \u00dcNVANINA LAYIK G\u00d6R\u00dcLD\u00dc&#8221;<\/strong><\/p>\n<p>64 ya\u015f\u0131ndaki Alexeyev, 2011&#8217;den beri GRU&#8217;nun birinci ba\u015fkan yard\u0131mc\u0131s\u0131 olarak g\u00f6rev yapan ve Suriye&#8217;deki ter\u00f6rle m\u00fccadele operasyonlar\u0131n\u0131 denetleyen Rusya&#8217;n\u0131n en k\u0131demli askeri istihbarat yetkililerinden biri olarak biliniyor.<\/p>\n<p>Alexeyev, 2017&#8217;de \u00fclkenin en y\u00fcksek ni\u015fanlar\u0131ndan biri olan &#8220;Rusya Federasyonu Kahraman\u0131&#8221; unvan\u0131na lay\u0131k g\u00f6r\u00fclm\u00fc\u015ft\u00fc.<\/p>\n","protected":false},"excerpt":{"rendered":"<p>Rusya Askeri D\u0131\u015f \u0130stihbarat Te\u015fkilat\u0131 Ba\u015fkan Yard\u0131mc\u0131s\u0131 Korgeneral Vladimir Alexeyev&#8217;e ba\u015fkent Moskova&#8217;da suikast giri\u015fimi d\u00fczenlendi.<\/p>\n","protected":false},"author":1,"featured_media":25527,"comment_status":"open","ping_status":"open","sticky":false,"template":"","format":"standard","meta":{"footnotes":""},"categories":[6],"tags":[154],"class_list":["post-25526","post","type-post","status-publish","format-standard","has-post-thumbnail","hentry","category-dunya","tag-rusya"],"_links":{"self":[{"href":"https:\/\/bihavadis.com\/index.php\/wp-json\/wp\/v2\/posts\/25526","targetHints":{"allow":["GET"]}}],"collection":[{"href":"https:\/\/bihavadis.com\/index.php\/wp-json\/wp\/v2\/posts"}],"about":[{"href":"https:\/\/bihavadis.com\/index.php\/wp-json\/wp\/v2\/types\/post"}],"author":[{"embeddable":true,"href":"https:\/\/bihavadis.com\/index.php\/wp-json\/wp\/v2\/users\/1"}],"replies":[{"embeddable":true,"href":"https:\/\/bihavadis.com\/index.php\/wp-json\/wp\/v2\/comments?post=25526"}],"version-history":[{"count":1,"href":"https:\/\/bihavadis.com\/index.php\/wp-json\/wp\/v2\/posts\/25526\/revisions"}],"predecessor-version":[{"id":25528,"href":"https:\/\/bihavadis.com\/index.php\/wp-json\/wp\/v2\/posts\/25526\/revisions\/25528"}],"wp:featuredmedia":[{"embeddable":true,"href":"https:\/\/bihavadis.com\/index.php\/wp-json\/wp\/v2\/media\/25527"}],"wp:attachment":[{"href":"https:\/\/bihavadis.com\/index.php\/wp-json\/wp\/v2\/media?parent=25526"}],"wp:term":[{"taxonomy":"category","embeddable":true,"href":"https:\/\/bihavadis.com\/index.php\/wp-json\/wp\/v2\/categories?post=25526"},{"taxonomy":"post_tag","embeddable":true,"href":"https:\/\/bihavadis.com\/index.php\/wp-json\/wp\/v2\/tags?post=25526"}],"curies":[{"name":"wp","href":"https:\/\/api.w.org\/{rel}","templated":true}]}}