{"id":25569,"date":"2026-02-10T12:09:09","date_gmt":"2026-02-10T12:09:09","guid":{"rendered":"https:\/\/bihavadis.com\/?p=25569"},"modified":"2026-02-10T12:09:09","modified_gmt":"2026-02-10T12:09:09","slug":"iran-ve-abd-heyetlerinin-ummandaki-dolayli-muzakeresi-sona-erdi","status":"publish","type":"post","link":"https:\/\/bihavadis.com\/index.php\/2026\/02\/10\/iran-ve-abd-heyetlerinin-ummandaki-dolayli-muzakeresi-sona-erdi\/","title":{"rendered":"\u0130ran ve ABD heyetlerinin Umman&#8217;daki dolayl\u0131 m\u00fczakeresi sona erdi"},"content":{"rendered":"<p>D\u00fcnyan\u0131n g\u00f6z\u00fc bu g\u00f6r\u00fc\u015fmedeydi&#8230;<\/p>\n<p>\u0130ran ile ABD aras\u0131nda\u00a0Umman&#8217;\u0131n ba\u015fkenti Maskat&#8217;ta, \u0130ran&#8217;\u0131n n\u00fckleer program\u0131na ili\u015fkin y\u00fcr\u00fct\u00fclen dolayl\u0131 m\u00fczakereler sona erdi.<\/p>\n<p>G\u00f6r\u00fc\u015fmelerin ard\u0131ndan \u0130ran devlet televizyonuna konu\u015fan D\u0131\u015fi\u015fleri Bakan\u0131 Abbas Arak\u00e7i, bug\u00fcn dolayl\u0131 \u015fekilde \u00e7ok say\u0131da yo\u011fun ve uzun g\u00f6r\u00fc\u015fmeler ger\u00e7ekle\u015ftirdiklerini s\u00f6yledi.<\/p>\n<p><strong>&#8220;\u0130Y\u0130 B\u0130R BA\u015eLANGI\u00c7 OLDU&#8221;<\/strong><\/p>\n<p>Arak\u00e7i, <em><b>&#8220;8 ayl\u0131k \u00e7alkant\u0131l\u0131 bir s\u00fcrecin ard\u0131ndan diyalog s\u00fcreci yeniden ba\u015flad\u0131. En b\u00fcy\u00fck zorluk ise g\u00fcvensizlik. G\u00f6r\u00fc\u015fmeler boyunca g\u00f6r\u00fc\u015flerimiz ve endi\u015felerimiz kar\u015f\u0131l\u0131kl\u0131 olarak iletildi. <\/b><\/em><\/p>\n<p><em><b>Ayr\u0131ca haklar\u0131m\u0131z ve \u00e7\u0131karlar\u0131m\u0131z \u00e7ok iyi bir atmosferde g\u00fcndeme getirildi. Genel olarak iyi bir ba\u015flang\u0131\u00e7 oldu&#8221;<\/b><\/em> ifadelerini kulland\u0131.<\/p>\n<p><img decoding=\"async\" src=\"https:\/\/bihavadis.com\/wp-content\/uploads\/2026\/02\/iran-ve-abd-heyetlerinin-ummandaki-dolayli-muzakeresi-sona-erdi-0-ZacJxaO9.jpg\"\/><\/p>\n<p><strong>&#8220;TEHD\u0130T VE BASKI OLMAMALI&#8221;<\/strong><\/p>\n<p>Bas\u0131n mensuplar\u0131 Arak\u00e7i&#8217;ye, ABD&#8217;nin b\u00f6lgedeki askeri y\u0131\u011f\u0131na\u011f\u0131 nedeniyle b\u00f6lgedeki \u00fclkelerin g\u00fcvenlik konusunda endi\u015feler ya\u015fad\u0131\u011f\u0131n\u0131 belirterek, g\u00f6r\u00fc\u015fmelerde s\u00f6z konusu g\u00fcvenlik ba\u015fl\u0131klar\u0131n\u0131n ele al\u0131n\u0131p al\u0131nmad\u0131\u011f\u0131n\u0131 sordu.<\/p>\n<p>Arak\u00e7i soruya, <em><b>&#8220;Elbette n\u00fckleer m\u00fczakerelerin ve temel meselelerin \u00e7\u00f6z\u00fcm\u00fcn\u00fcn gerilim ve tehditten uzak sakin bir ortamda y\u00fcr\u00fct\u00fclmesi gerekti\u011fini de vurgulad\u0131k. Her t\u00fcrl\u00fc g\u00f6r\u00fc\u015fmenin temel \u015fart\u0131 tehdit ve bask\u0131dan uzak durulmas\u0131d\u0131r. Biz bunu bug\u00fcn de a\u00e7\u0131k\u00e7a s\u00f6yledik. G\u00f6r\u00fc\u015fmelerin devam edebilmesi i\u00e7in bu hususun mutlaka dikkate al\u0131nmas\u0131n\u0131 bekliyoruz&#8221;<\/b><\/em> cevab\u0131n\u0131 verdi.<\/p>\n<p><img decoding=\"async\" src=\"https:\/\/bihavadis.com\/wp-content\/uploads\/2026\/02\/iran-ve-abd-heyetlerinin-ummandaki-dolayli-muzakeresi-sona-erdi-1-QmsY5Bgx.jpg\"\/><\/p>\n<p><strong>&#8220;S\u00dcREC\u0130N DEVAMI BA\u015eKENTLERDE YAPILACAK \u0130ST\u0130\u015eARELERE BA\u011eLI&#8221;<\/strong><\/p>\n<p>G\u00f6r\u00fc\u015fmelerin devam\u0131na ili\u015fkin de de\u011ferlendirmelerde bulunan Arak\u00e7i,<em><b> &#8220;G\u00f6r\u00fc\u015fmeler devam edecek ancak s\u00fcrecin devam\u0131, ba\u015fkentlerde yap\u0131lacak isti\u015farelere ba\u011fl\u0131. <\/b><\/em><\/p>\n<p><em><b>Erken de\u011ferlendirme yapmak istemiyorum ancak g\u00f6r\u00fc\u015fmelerin bu \u015fekilde devam etmesi halinde, \u00fczerinde uzla\u015f\u0131lacak bir \u00e7er\u00e7eveye ula\u015f\u0131labilir&#8221;<\/b><\/em> \u015feklinde konu\u015ftu.<\/p>\n<p><img decoding=\"async\" src=\"https:\/\/bihavadis.com\/wp-content\/uploads\/2026\/02\/iran-ve-abd-heyetlerinin-ummandaki-dolayli-muzakeresi-sona-erdi-2-xSss9r8Q.jpg\"\/><\/p>\n<p><strong>&#8220;G\u00d6R\u00dc\u015eMELER\u0130 S\u00dcRD\u00dcRME MUTABAKATINA VARILDI&#8221;<\/strong><\/p>\n<p>\u00d6te yandan \u0130ran D\u0131\u015fi\u015fleri Bakanl\u0131\u011f\u0131 S\u00f6zc\u00fcs\u00fc \u0130smail Bekayi, m\u00fczakerelerin sona ermesinin ard\u0131ndan sosyal medya hesab\u0131ndan yapt\u0131\u011f\u0131 a\u00e7\u0131klamada, <em><b>&#8220;Maskat&#8217;ta \u0130ran ile ABD aras\u0131nda y\u00fcr\u00fct\u00fclen m\u00fczakereler, taraflar\u0131n g\u00f6r\u00fc\u015fmeleri s\u00fcrd\u00fcrme y\u00f6n\u00fcnde mutabakata varmas\u0131yla sona erdi. <\/b><\/em><\/p>\n<p><em><b>Taraflar, g\u00f6r\u00fc\u015f ve taleplerini dile getirmelerinin ard\u0131ndan, ba\u015fkentlerle yap\u0131lacak isti\u015fareler sonucunda g\u00f6r\u00fc\u015fmelerin bir sonraki turuna ili\u015fkin karar al\u0131nmas\u0131 konusunda anla\u015ft\u0131&#8221;<\/b><\/em> ifadelerini kulland\u0131.<\/p>\n<p><img decoding=\"async\" src=\"https:\/\/bihavadis.com\/wp-content\/uploads\/2026\/02\/iran-ve-abd-heyetlerinin-ummandaki-dolayli-muzakeresi-sona-erdi-3-MDhk74yd.jpg\"\/><\/p>\n<p><strong>&#8220;FAYDALI OLDU&#8221;<\/strong><\/p>\n<p>G\u00f6r\u00fc\u015fmeye ev sahipli\u011fi yapan\u00a0Umman&#8217;dan D\u0131\u015fi\u015fleri Bakan\u0131 Seyid Bedir bin Hamad Al-Busaidi de temaslar\u0131n ard\u0131ndan sosyal medya hesab\u0131ndan yapt\u0131\u011f\u0131 a\u00e7\u0131klamada, <em><b>&#8220;Maskat&#8217;ta \u0130ran ve ABD aras\u0131nda \u00e7ok ciddi arabuluculuk g\u00f6r\u00fc\u015fmeleri yap\u0131ld\u0131. <\/b><\/em><\/p>\n<p><em><b>Hem \u0130ran&#8217;\u0131n hem de Amerika&#8217;n\u0131n d\u00fc\u015f\u00fcncelerini netle\u015ftirmek ve muhtemel ilerleme alanlar\u0131n\u0131 belirlemek a\u00e7\u0131s\u0131ndan faydal\u0131 oldu. <\/b><\/em><\/p>\n<p><em><b>Uygun zamanda tekrar bir araya gelmeyi hedefliyoruz. Sonu\u00e7lar Tahran ve Washington&#8217;da dikkatlice de\u011ferlendirilecektir&#8221;<\/b><\/em> dedi.<\/p>\n","protected":false},"excerpt":{"rendered":"<p>Umman&#8217;\u0131n ba\u015fkenti Maskat&#8217;ta ABD ile \u0130ran aras\u0131nda ger\u00e7ekle\u015ftirilen dolayl\u0131 n\u00fckleer m\u00fczakeresi sona ererken g\u00f6r\u00fc\u015fme sonras\u0131  a\u00e7\u0131klama yapan \u0130ran D\u0131\u015fi\u015fleri Bakan\u0131 Abbas Arak\u00e7i, bunun iyi bir ba\u015flang\u0131\u00e7 oldu\u011funu s\u00f6yledi.<\/p>\n","protected":false},"author":1,"featured_media":25570,"comment_status":"open","ping_status":"open","sticky":false,"template":"","format":"standard","meta":{"footnotes":""},"categories":[6],"tags":[1545,2222,4253,3495,271],"class_list":["post-25569","post","type-post","status-publish","format-standard","has-post-thumbnail","hentry","category-dunya","tag-arakci","tag-gorus","tag-gorusmeler","tag-gorusmelerin","tag-iran"],"_links":{"self":[{"href":"https:\/\/bihavadis.com\/index.php\/wp-json\/wp\/v2\/posts\/25569","targetHints":{"allow":["GET"]}}],"collection":[{"href":"https:\/\/bihavadis.com\/index.php\/wp-json\/wp\/v2\/posts"}],"about":[{"href":"https:\/\/bihavadis.com\/index.php\/wp-json\/wp\/v2\/types\/post"}],"author":[{"embeddable":true,"href":"https:\/\/bihavadis.com\/index.php\/wp-json\/wp\/v2\/users\/1"}],"replies":[{"embeddable":true,"href":"https:\/\/bihavadis.com\/index.php\/wp-json\/wp\/v2\/comments?post=25569"}],"version-history":[{"count":1,"href":"https:\/\/bihavadis.com\/index.php\/wp-json\/wp\/v2\/posts\/25569\/revisions"}],"predecessor-version":[{"id":25575,"href":"https:\/\/bihavadis.com\/index.php\/wp-json\/wp\/v2\/posts\/25569\/revisions\/25575"}],"wp:featuredmedia":[{"embeddable":true,"href":"https:\/\/bihavadis.com\/index.php\/wp-json\/wp\/v2\/media\/25570"}],"wp:attachment":[{"href":"https:\/\/bihavadis.com\/index.php\/wp-json\/wp\/v2\/media?parent=25569"}],"wp:term":[{"taxonomy":"category","embeddable":true,"href":"https:\/\/bihavadis.com\/index.php\/wp-json\/wp\/v2\/categories?post=25569"},{"taxonomy":"post_tag","embeddable":true,"href":"https:\/\/bihavadis.com\/index.php\/wp-json\/wp\/v2\/tags?post=25569"}],"curies":[{"name":"wp","href":"https:\/\/api.w.org\/{rel}","templated":true}]}}