{"id":25576,"date":"2026-02-10T12:15:14","date_gmt":"2026-02-10T12:15:14","guid":{"rendered":"https:\/\/bihavadis.com\/?p=25576"},"modified":"2026-02-10T12:15:14","modified_gmt":"2026-02-10T12:15:14","slug":"kalfatta-ferfene-gecesi-duzenlendi","status":"publish","type":"post","link":"https:\/\/bihavadis.com\/index.php\/2026\/02\/10\/kalfatta-ferfene-gecesi-duzenlendi\/","title":{"rendered":"Kalfat&#8217;ta Ferfene Gecesi D\u00fczenlendi"},"content":{"rendered":"<p> Kalfat Belediyesi, Kalfat Vakf\u0131 ve Kalfat Gen\u00e7lik Derne\u011fi i\u015f birli\u011fiyle Ferfene Gecesi d\u00fczenlendi.<\/p>\n<p>Kalfat Sosyal Tesisleri&#8217;nde yo\u011fun kat\u0131l\u0131mla ger\u00e7ekle\u015ftirilen programda, y\u00f6re k\u00fclt\u00fcr\u00fc ya\u015fat\u0131ld\u0131.<\/p>\n<p>Orta Kaymakam\u0131 \u00d6kke\u015f Yusuf \u0130nce, yapt\u0131\u011f\u0131 konu\u015fmada, il\u00e7eye yeni atand\u0131\u011f\u0131n\u0131 belirterek Kalfat&#8217;ta g\u00f6rd\u00fc\u011f\u00fc birlik ve beraberlikten duydu\u011fu memnuniyeti dile getirdi. \u0130nce, &#8220;Bu anlaml\u0131 etkinlikte bulunmaktan mutluluk duyuyorum. Kalfatl\u0131lar\u0131n bir araya gelmesi takdire \u015fayan. Bu t\u00fcr etkinliklerin artarak devam etmesini temenni ediyorum.&#8221; dedi.<\/p>\n<p>Kalfat Belediye Ba\u015fkan\u0131 Salim Do\u011fan ise birlik ve beraberli\u011fin \u00f6nemine vurgu yaparak, &#8220;Birlik ruhu oldu\u011fu s\u00fcrece bu t\u00fcr organizasyonlar devam eder. Kalfat&#8217;ta bu ruh fazlas\u0131yla mevcut. Kalfat&#8217;\u0131n ad\u0131n\u0131 ve k\u00fclt\u00fcr\u00fcn\u00fc ya\u015fatmak i\u00e7in \u00e7al\u0131\u015fmaya devam edece\u011fiz.&#8221; diye konu\u015ftu.<\/p>\n<p>Do\u011fan, Ferfene gelene\u011finin Yaren k\u00fclt\u00fcr\u00fcyle benzerlik ta\u015f\u0131d\u0131\u011f\u0131n\u0131, ge\u00e7mi\u015ften gelen sohbet ve oyun k\u00fclt\u00fcr\u00fcn\u00fcn bu etkinliklerle ya\u015fat\u0131ld\u0131\u011f\u0131n\u0131 belirtti.<\/p>\n<p>Orta Dernekler Federasyonu Ba\u015fkan\u0131 Mustafa K\u0131ratl\u0131o\u011flu da Kalfat&#8217;taki dayan\u0131\u015fman\u0131n \u00f6rnek te\u015fkil etti\u011fini ifade ederek organizasyonda eme\u011fi ge\u00e7enlere te\u015fekk\u00fcr etti.<\/p>\n<p>Program\u0131n sonunda Kalfat Gen\u00e7lik Kollar\u0131 Ba\u015fkan\u0131 Yasin Tavukcu taraf\u0131ndan Belediye Ba\u015fkan\u0131 Salim Do\u011fan&#8217;a T\u00fcrk bayra\u011f\u0131 takdim edildi.<\/p>\n<p>Ferfene Gecesi, geleneksel sohbetler ve oyunlar e\u015fli\u011finde sona erdi.<\/p>\n<p>Programa, \u00c7ank\u0131r\u0131 G\u00f6\u00e7 \u0130daresi M\u00fcd\u00fcr\u00fc Osman Karaca, Kalfat Vakf\u0131 Ba\u015fkan\u0131 Bilal Demiry\u00fcrek ile di\u011fer \u015fehirlerden gelen \u00e7ok say\u0131da Kalfatl\u0131 vatanda\u015f kat\u0131ld\u0131.<\/p>\n","protected":false},"excerpt":{"rendered":"<p>Kalfat&#8217;ta d\u00fczenlenen Ferfene Gecesi, k\u00fclt\u00fcr\u00fcn ya\u015fat\u0131ld\u0131\u011f\u0131 birlik ve beraberlik etkinli\u011fi oldu.<\/p>\n","protected":false},"author":1,"featured_media":25577,"comment_status":"open","ping_status":"open","sticky":false,"template":"","format":"standard","meta":{"footnotes":""},"categories":[9,4,13],"tags":[986,520],"class_list":["post-25576","post","type-post","status-publish","format-standard","has-post-thumbnail","hentry","category-genel","category-gundem","category-son-dakika","tag-baskani","tag-kalfat"],"_links":{"self":[{"href":"https:\/\/bihavadis.com\/index.php\/wp-json\/wp\/v2\/posts\/25576","targetHints":{"allow":["GET"]}}],"collection":[{"href":"https:\/\/bihavadis.com\/index.php\/wp-json\/wp\/v2\/posts"}],"about":[{"href":"https:\/\/bihavadis.com\/index.php\/wp-json\/wp\/v2\/types\/post"}],"author":[{"embeddable":true,"href":"https:\/\/bihavadis.com\/index.php\/wp-json\/wp\/v2\/users\/1"}],"replies":[{"embeddable":true,"href":"https:\/\/bihavadis.com\/index.php\/wp-json\/wp\/v2\/comments?post=25576"}],"version-history":[{"count":1,"href":"https:\/\/bihavadis.com\/index.php\/wp-json\/wp\/v2\/posts\/25576\/revisions"}],"predecessor-version":[{"id":25578,"href":"https:\/\/bihavadis.com\/index.php\/wp-json\/wp\/v2\/posts\/25576\/revisions\/25578"}],"wp:featuredmedia":[{"embeddable":true,"href":"https:\/\/bihavadis.com\/index.php\/wp-json\/wp\/v2\/media\/25577"}],"wp:attachment":[{"href":"https:\/\/bihavadis.com\/index.php\/wp-json\/wp\/v2\/media?parent=25576"}],"wp:term":[{"taxonomy":"category","embeddable":true,"href":"https:\/\/bihavadis.com\/index.php\/wp-json\/wp\/v2\/categories?post=25576"},{"taxonomy":"post_tag","embeddable":true,"href":"https:\/\/bihavadis.com\/index.php\/wp-json\/wp\/v2\/tags?post=25576"}],"curies":[{"name":"wp","href":"https:\/\/api.w.org\/{rel}","templated":true}]}}