{"id":25598,"date":"2026-02-10T12:33:06","date_gmt":"2026-02-10T12:33:06","guid":{"rendered":"https:\/\/bihavadis.com\/?p=25598"},"modified":"2026-02-10T12:33:06","modified_gmt":"2026-02-10T12:33:06","slug":"erzincandaki-depremi-sivastaki-kangal-kopekleri-hissetti-o-anlar-kamerada","status":"publish","type":"post","link":"https:\/\/bihavadis.com\/index.php\/2026\/02\/10\/erzincandaki-depremi-sivastaki-kangal-kopekleri-hissetti-o-anlar-kamerada\/","title":{"rendered":"Erzincan&#8217;daki depremi Sivas\u2019taki Kangal k\u00f6pekleri hissetti: O anlar kamerada"},"content":{"rendered":"<p>Erzincan salland\u0131&#8230;<\/p>\n<p>Kemah il\u00e7esinde meydana gelen 4.9 b\u00fcy\u00fckl\u00fc\u011f\u00fcndeki deprem, \u00e7evre illerde de hafif \u015fekilde hissedildi.<\/p>\n<p><strong>S\u0130VAS&#8217;TAK\u0130 KANGALLAR DEPREM\u0130 H\u0130SSETT\u0130<\/strong><\/p>\n<p>Sivas\u2019ta ya\u015fayan ve uzun y\u0131llard\u0131r Kangal k\u00f6pe\u011fi \u00fcretimi yapan H\u00fcseyin Y\u0131ld\u0131z, depremden k\u0131sa s\u00fcre \u00f6nce k\u00f6peklerin tepkilerini kaydetti.<\/p>\n<p>K\u00f6peklerin depremi hissetti\u011fini s\u00f6yleyen Y\u0131ld\u0131z, o anlar\u0131 cep telefonu kameras\u0131 ile g\u00f6r\u00fcnt\u00fcledi.<\/p>\n<p><img decoding=\"async\" src=\"https:\/\/bihavadis.com\/wp-content\/uploads\/2026\/02\/erzincandaki-depremi-sivastaki-kangal-kopekleri-hissetti-o-anlar-kamerada-0-6BR1z99k.jpg\"\/><\/p>\n<p><strong>&#8220;\u0130NSANLARA C\u0130DD\u0130 ANLAMDA B\u0130R UYARIDIR&#8221;<\/strong><\/p>\n<p>Y\u0131ld\u0131z,<em><b> &#8220;T\u00fcm depremlerde bu soylu canl\u0131lar olan kangallar\u0131m\u0131z kesinlikle \u00e7ok tedirgin oluyorlar ve depremden bir g\u00fcn \u00f6nce ba\u015fl\u0131yorlar. Bug\u00fcn de Erzincan\u2019da olan depremin habercili\u011fini yapt\u0131lar. <\/b><\/em><\/p>\n<p><em><b>Ben d\u0131\u015far\u0131 \u00e7\u0131kt\u0131\u011f\u0131mda bakt\u0131m her biri ayaklanm\u0131\u015flar ve ulumaya ba\u015flam\u0131\u015flar. \u0130nsanlara ciddi anlamda bir uyar\u0131d\u0131r. Kangal k\u00f6peklerimizin hissiyatlar\u0131n\u0131n \u00e7ok kuvvetli oldu\u011funu s\u00f6yleyebilirim&#8221;<\/b><\/em> dedi.<\/p>\n<p><img decoding=\"async\" src=\"https:\/\/bihavadis.com\/wp-content\/uploads\/2026\/02\/erzincandaki-depremi-sivastaki-kangal-kopekleri-hissetti-o-anlar-kamerada-1-1EwydQa3.jpg\"\/><\/p>\n<p><strong>CAN VE MAL KAYBI YOK<\/strong><\/p>\n<p>Depremin hemen ard\u0131ndan Habert\u00fcrk TV canl\u0131 yay\u0131n\u0131na ba\u011flanan Erzincan Valisi Hamza Aydo\u011fdu, merak edilen a\u00e7\u0131klamay\u0131 yapt\u0131.<\/p>\n<p>Herhangi bir maddi hasar ve can kayb\u0131 ya\u015fanmad\u0131\u011f\u0131 bilgisini veren Aydo\u011fdu, \u015funlar\u0131 s\u00f6yledi:<\/p>\n<p>Hem k\u00f6y\u00fcm\u00fczde hem il\u00e7emizde yapt\u0131\u011f\u0131m\u0131z b\u00fct\u00fcn tetkiklerde herhangi bir can ve mal kayb\u0131m\u0131z yok. \u015eu an bize ula\u015fan taramalarda can kayb\u0131 yok. Allah \u00fclkemizi depremlerden korusun. Maddi bir hasar kaydedilmedi. Bize ula\u015fan bir \u015fey yok. Ula\u015f\u0131ld\u0131\u011f\u0131nda kamuoyunu bilgilendirece\u011fiz.<\/p>\n","protected":false},"excerpt":{"rendered":"<p>Kemah il\u00e7esinde meydana gelen 4.9 b\u00fcy\u00fckl\u00fc\u011f\u00fcndeki depremi Sivas\u2019taki kangal k\u00f6pekleri hissetti. \u00c7iftlik i\u00e7erisindeki k\u00f6pekler ayaklanarak ulumaya ba\u015flarken o anlar cep telefonu kameras\u0131na yans\u0131d\u0131.<\/p>\n","protected":false},"author":1,"featured_media":25599,"comment_status":"open","ping_status":"open","sticky":false,"template":"","format":"standard","meta":{"footnotes":""},"categories":[4,13],"tags":[],"class_list":["post-25598","post","type-post","status-publish","format-standard","has-post-thumbnail","hentry","category-gundem","category-son-dakika"],"_links":{"self":[{"href":"https:\/\/bihavadis.com\/index.php\/wp-json\/wp\/v2\/posts\/25598","targetHints":{"allow":["GET"]}}],"collection":[{"href":"https:\/\/bihavadis.com\/index.php\/wp-json\/wp\/v2\/posts"}],"about":[{"href":"https:\/\/bihavadis.com\/index.php\/wp-json\/wp\/v2\/types\/post"}],"author":[{"embeddable":true,"href":"https:\/\/bihavadis.com\/index.php\/wp-json\/wp\/v2\/users\/1"}],"replies":[{"embeddable":true,"href":"https:\/\/bihavadis.com\/index.php\/wp-json\/wp\/v2\/comments?post=25598"}],"version-history":[{"count":1,"href":"https:\/\/bihavadis.com\/index.php\/wp-json\/wp\/v2\/posts\/25598\/revisions"}],"predecessor-version":[{"id":25602,"href":"https:\/\/bihavadis.com\/index.php\/wp-json\/wp\/v2\/posts\/25598\/revisions\/25602"}],"wp:featuredmedia":[{"embeddable":true,"href":"https:\/\/bihavadis.com\/index.php\/wp-json\/wp\/v2\/media\/25599"}],"wp:attachment":[{"href":"https:\/\/bihavadis.com\/index.php\/wp-json\/wp\/v2\/media?parent=25598"}],"wp:term":[{"taxonomy":"category","embeddable":true,"href":"https:\/\/bihavadis.com\/index.php\/wp-json\/wp\/v2\/categories?post=25598"},{"taxonomy":"post_tag","embeddable":true,"href":"https:\/\/bihavadis.com\/index.php\/wp-json\/wp\/v2\/tags?post=25598"}],"curies":[{"name":"wp","href":"https:\/\/api.w.org\/{rel}","templated":true}]}}