{"id":25616,"date":"2026-02-10T12:51:05","date_gmt":"2026-02-10T12:51:05","guid":{"rendered":"https:\/\/bihavadis.com\/?p=25616"},"modified":"2026-02-10T12:51:05","modified_gmt":"2026-02-10T12:51:05","slug":"fenerbahcenin-uefa-kadrosu-belirlendi","status":"publish","type":"post","link":"https:\/\/bihavadis.com\/index.php\/2026\/02\/10\/fenerbahcenin-uefa-kadrosu-belirlendi\/","title":{"rendered":"Fenerbah\u00e7e&#8217;nin UEFA kadrosu belirlendi"},"content":{"rendered":"<p>Fenerbah\u00e7e&#8217;nin UEFA&#8217;ya verdi\u011fi yeni kadro belli oldu.<\/p>\n<p>UEFA&#8217;n\u0131n sitesinde yer alan kadroya g\u00f6re sar\u0131-lacivertli tak\u0131m\u0131n devre aras\u0131nda kadrosuna katt\u0131\u011f\u0131 isimlerden N&#8217;Golo Kante, Matteo Guendouzi ve Sidiki Cherif listede yer ald\u0131.<\/p>\n<p><strong>MERT VE MUSABA YOK<\/strong><\/p>\n<p>D\u00fcn oynanan Erzurumspor FK m\u00fccadelesinin ard\u0131ndan teknik direkt\u00f6r Domenico Tedesco, ara transferde al\u0131nan Mert G\u00fcnok ve Anthony Musaba&#8217;n\u0131n kadroda olmayaca\u011f\u0131n\u0131 belirtmi\u015fti.<\/p>\n<p><strong>FENERBAH\u00c7E&#8217;N\u0130N KADROSU<\/strong><\/p>\n<p>UEFA Avrupa Ligi son 16 play-off turunda \u0130ngiltere&#8217;nin Nottingham Forest ekibiyle 19 \u015eubat&#8217;ta i\u00e7 sahada, 26 \u015eubat&#8217;ta ise deplasmanda kar\u015f\u0131la\u015facak Fenerbah\u00e7e&#8217;nin UEFA kadrosu \u015fu \u015fekilde:<\/p>\n<p>Ederson, Tar\u0131k \u00c7etin, Engin Can Biterge, Hulusi Ceylan, \u00c7a\u011flar S\u00f6y\u00fcnc\u00fc, Yi\u011fit Efe Demir, Mert M\u00fcld\u00fcr, Jayden Oosterwolde, Nelson Semedo, Milan Skriniar, Kamil Efe \u00dcregen, Boran Elig\u00fczel, Archie Brown, \u0130smail Y\u00fcksek, Matteo Guendouzi, Fred, Edson Alvarez, N&#8217;Golo Kante, Levent Mercan, O\u011fuz Ayd\u0131n, Anderson Talisca, Yasir Boz, Kerem Akt\u00fcrko\u011flu, Marco Asensio, Sidiki Chedif, Dorgeles Nene, Alaettin Ekici<\/p>\n","protected":false},"excerpt":{"rendered":"<p>Fenerbah\u00e7e&#8217;de yeni transferler N&#8217;Golo Kante, Matteo Guendouzi ve Sidiki Cherif, UEFA&#8217;da yeni listeye yaz\u0131ld\u0131.<\/p>\n","protected":false},"author":1,"featured_media":25617,"comment_status":"open","ping_status":"open","sticky":false,"template":"","format":"standard","meta":{"footnotes":""},"categories":[14],"tags":[3827],"class_list":["post-25616","post","type-post","status-publish","format-standard","has-post-thumbnail","hentry","category-spor","tag-kadro"],"_links":{"self":[{"href":"https:\/\/bihavadis.com\/index.php\/wp-json\/wp\/v2\/posts\/25616","targetHints":{"allow":["GET"]}}],"collection":[{"href":"https:\/\/bihavadis.com\/index.php\/wp-json\/wp\/v2\/posts"}],"about":[{"href":"https:\/\/bihavadis.com\/index.php\/wp-json\/wp\/v2\/types\/post"}],"author":[{"embeddable":true,"href":"https:\/\/bihavadis.com\/index.php\/wp-json\/wp\/v2\/users\/1"}],"replies":[{"embeddable":true,"href":"https:\/\/bihavadis.com\/index.php\/wp-json\/wp\/v2\/comments?post=25616"}],"version-history":[{"count":1,"href":"https:\/\/bihavadis.com\/index.php\/wp-json\/wp\/v2\/posts\/25616\/revisions"}],"predecessor-version":[{"id":25618,"href":"https:\/\/bihavadis.com\/index.php\/wp-json\/wp\/v2\/posts\/25616\/revisions\/25618"}],"wp:featuredmedia":[{"embeddable":true,"href":"https:\/\/bihavadis.com\/index.php\/wp-json\/wp\/v2\/media\/25617"}],"wp:attachment":[{"href":"https:\/\/bihavadis.com\/index.php\/wp-json\/wp\/v2\/media?parent=25616"}],"wp:term":[{"taxonomy":"category","embeddable":true,"href":"https:\/\/bihavadis.com\/index.php\/wp-json\/wp\/v2\/categories?post=25616"},{"taxonomy":"post_tag","embeddable":true,"href":"https:\/\/bihavadis.com\/index.php\/wp-json\/wp\/v2\/tags?post=25616"}],"curies":[{"name":"wp","href":"https:\/\/api.w.org\/{rel}","templated":true}]}}