{"id":25687,"date":"2026-02-10T13:54:07","date_gmt":"2026-02-10T13:54:07","guid":{"rendered":"https:\/\/bihavadis.com\/?p=25687"},"modified":"2026-02-10T13:54:07","modified_gmt":"2026-02-10T13:54:07","slug":"genclerbirligi-baskani-arda-cakmak-bizde-kanteden-daha-iyi-futbolcular-var","status":"publish","type":"post","link":"https:\/\/bihavadis.com\/index.php\/2026\/02\/10\/genclerbirligi-baskani-arda-cakmak-bizde-kanteden-daha-iyi-futbolcular-var\/","title":{"rendered":"Gen\u00e7lerbirli\u011fi Ba\u015fkan\u0131 Arda \u00c7akmak: Bizde Kante&#8217;den daha iyi futbolcular var"},"content":{"rendered":"<p>S\u00fcper Lig&#8217;in 21. hafta m\u00fccadelesinde Fenerbah\u00e7e ile Gen\u00e7lerbirli\u011fi kar\u015f\u0131 kar\u015f\u0131ya gelecek.<\/p>\n<p>9 \u015eubat Pazartesi g\u00fcn\u00fc saat 20.00&#8217;de ba\u015flayacak m\u00fccadele \u00f6ncesinde konuk tak\u0131m Gen\u00e7lerbirli\u011fi&#8217;nden iddial\u0131 a\u00e7\u0131klamalar geldi.<\/p>\n<p>Gen\u00e7lerbirli\u011fi Ba\u015fkan\u0131 Arda \u00c7akmak, HT Spor&#8217;a dikkat \u00e7eken a\u00e7\u0131klamalarda bulundu.<\/p>\n<p><strong>&#8220;B\u0130ZDE KANTE&#8217;DEN DAHA \u0130Y\u0130 FUTBOLCULAR VAR&#8221;<\/strong><\/p>\n<p>N&#8217;Golo Kante&#8217;nin transferiyle ilgili de\u011ferlendirmelerde bulunan \u00c7akmak,\u00a0<em><b>&#8220;Kante, d\u00fcnya futbolunda \u00f6nemli bir isim ve yeri var. Ama Gen\u00e7lerbirli\u011fi Ba\u015fkan\u0131 olarak s\u00f6yl\u00fcyorum, bizde Kante&#8217;den daha iyi futbolcular var&#8221;<\/b><\/em> dedi.<\/p>\n<p><img decoding=\"async\" src=\"https:\/\/bihavadis.com\/wp-content\/uploads\/2026\/02\/genclerbirligi-baskani-arda-cakmak-bizde-kanteden-daha-iyi-futbolcular-var-0-NlY15syK.jpg\"\/><\/p>\n<p><strong>&#8220;\u0130Y\u0130 OLAN PAZARTES\u0130 G\u00d6R\u00dcLECEK&#8221;<\/strong><\/p>\n<p>Fenerbah\u00e7e ma\u00e7\u0131 i\u00e7in konu\u015fan \u00c7akmak, <em><b>&#8220;\u0130yi olan pazartesi g\u00fcn\u00fc g\u00f6r\u00fclecek, iyi olan da kazanacak.&#8221; <\/b><\/em>ifadelerini kulland\u0131.<\/p>\n<p><img decoding=\"async\" src=\"https:\/\/bihavadis.com\/wp-content\/uploads\/2026\/02\/genclerbirligi-baskani-arda-cakmak-bizde-kanteden-daha-iyi-futbolcular-var-1-1O8DyiVC.jpg\"\/><\/p>\n","protected":false},"excerpt":{"rendered":"<p>Gen\u00e7lerbirli\u011fi Ba\u015fkan\u0131 Arda \u00c7akmak, Fenerbah\u00e7e ma\u00e7\u0131 \u00f6ncesinde &#8220;Bizde Kante&#8217;den daha iyi futbolcular var&#8221; a\u00e7\u0131klamas\u0131n\u0131 yapt\u0131.<\/p>\n","protected":false},"author":1,"featured_media":25688,"comment_status":"open","ping_status":"open","sticky":false,"template":"","format":"standard","meta":{"footnotes":""},"categories":[14],"tags":[],"class_list":["post-25687","post","type-post","status-publish","format-standard","has-post-thumbnail","hentry","category-spor"],"_links":{"self":[{"href":"https:\/\/bihavadis.com\/index.php\/wp-json\/wp\/v2\/posts\/25687","targetHints":{"allow":["GET"]}}],"collection":[{"href":"https:\/\/bihavadis.com\/index.php\/wp-json\/wp\/v2\/posts"}],"about":[{"href":"https:\/\/bihavadis.com\/index.php\/wp-json\/wp\/v2\/types\/post"}],"author":[{"embeddable":true,"href":"https:\/\/bihavadis.com\/index.php\/wp-json\/wp\/v2\/users\/1"}],"replies":[{"embeddable":true,"href":"https:\/\/bihavadis.com\/index.php\/wp-json\/wp\/v2\/comments?post=25687"}],"version-history":[{"count":1,"href":"https:\/\/bihavadis.com\/index.php\/wp-json\/wp\/v2\/posts\/25687\/revisions"}],"predecessor-version":[{"id":25691,"href":"https:\/\/bihavadis.com\/index.php\/wp-json\/wp\/v2\/posts\/25687\/revisions\/25691"}],"wp:featuredmedia":[{"embeddable":true,"href":"https:\/\/bihavadis.com\/index.php\/wp-json\/wp\/v2\/media\/25688"}],"wp:attachment":[{"href":"https:\/\/bihavadis.com\/index.php\/wp-json\/wp\/v2\/media?parent=25687"}],"wp:term":[{"taxonomy":"category","embeddable":true,"href":"https:\/\/bihavadis.com\/index.php\/wp-json\/wp\/v2\/categories?post=25687"},{"taxonomy":"post_tag","embeddable":true,"href":"https:\/\/bihavadis.com\/index.php\/wp-json\/wp\/v2\/tags?post=25687"}],"curies":[{"name":"wp","href":"https:\/\/api.w.org\/{rel}","templated":true}]}}