{"id":25700,"date":"2026-02-10T14:03:47","date_gmt":"2026-02-10T14:03:47","guid":{"rendered":"https:\/\/bihavadis.com\/?p=25700"},"modified":"2026-02-10T14:03:47","modified_gmt":"2026-02-10T14:03:47","slug":"fatih-urek-bugun-son-yolculuguna-ugurlanacak","status":"publish","type":"post","link":"https:\/\/bihavadis.com\/index.php\/2026\/02\/10\/fatih-urek-bugun-son-yolculuguna-ugurlanacak\/","title":{"rendered":"Fatih \u00dcrek bug\u00fcn son yolculu\u011funa u\u011furlanacak"},"content":{"rendered":"<p>\u015eark\u0131c\u0131 ve televizyon sunucusu Fatih \u00dcrek, 15 Ekim 2025&#8217;te evinde ge\u00e7irdi\u011fi ani kalp krizi sonucu hastaneye kald\u0131r\u0131lm\u0131\u015f, kalbi yakla\u015f\u0131k 20 dakika durduktan sonra yap\u0131lan m\u00fcdahaleyle yeniden \u00e7al\u0131\u015ft\u0131r\u0131lm\u0131\u015ft\u0131. Yo\u011fun bak\u0131mda s\u00fcren kritik tedavisine ra\u011fmen ya\u015fam m\u00fccadelesini kaybeden sanat\u00e7\u0131, 59 ya\u015f\u0131nda vefat etti.<\/p>\n<div>\n<figure><img decoding=\"async\" src=\"https:\/\/bihavadis.com\/wp-content\/uploads\/2026\/02\/fatih-urek-bugun-son-yolculuguna-ugurlanacak-0-GCVYvO4i.jpg\"\/><\/figure>\n<\/div>\n<p><b>SON YOLCULU\u011eUNA U\u011eURLANACAK<\/b><\/p>\n<p>\u00dcrek&#8217;in cenaze t\u00f6reni bug\u00fcn (1 \u015eubat) \u0130stanbul&#8217;da yap\u0131lacak. Fatih \u00dcrek, Levent&#8217;teki Barbaros Hayrettin Pa\u015fa Camii&#8217;nde ikindi namaz\u0131na m\u00fcteakip k\u0131l\u0131nacak cenaze namaz\u0131n\u0131n ard\u0131ndan son yolculu\u011funa u\u011furlanacak. <\/p>\n<p>T\u00fcrk m\u00fczik ve televizyon d\u00fcnyas\u0131n\u0131n renkli y\u00fczlerinden biri olarak tan\u0131nan Fatih \u00dcrek, kariyerinde bir\u00e7ok sevilen \u015fark\u0131ya imza atm\u0131\u015f ve ekranlarda geni\u015f kitlelere ula\u015fm\u0131\u015ft\u0131. Sanat\u00e7\u0131n\u0131n vefat\u0131, hayranlar\u0131 ve meslekta\u015flar\u0131 aras\u0131nda derin \u00fcz\u00fcnt\u00fc yaratt\u0131.<\/p>\n<div>\n<figure><img decoding=\"async\" src=\"https:\/\/bihavadis.com\/wp-content\/uploads\/2026\/02\/fatih-urek-bugun-son-yolculuguna-ugurlanacak-1-DfvUfvX6.jpg\"\/><\/figure>\n<\/div>\n<p><b>FAT\u0130H \u00dcREK&#8217;\u0130N VAS\u0130YET\u0130: KEND\u0130 ADIMA B\u0130R OKUL OLSUN<\/b><\/p>\n<p>\u00dcnl\u00fc sanat\u00e7\u0131 kendi ad\u0131na bir vak\u0131f kurulmas\u0131n\u0131 ve okullar yap\u0131lmas\u0131n\u0131 istedi\u011fini belirtmi\u015fti. \u00dcrek, &#8220;Asl\u0131nda bir yerde yazd\u0131m, bir yerlerde duruyor galiba ama her sene bir \u015fey de\u011fi\u015fiyor. Kendi ad\u0131ma bir vak\u0131f istiyorum. Bir \u015fey olsun, bir hay\u0131r olsun. Hayat\u0131mda en \u00e7ok istedi\u011fim \u015fey, benim ad\u0131ma bir okul yapt\u0131rmak. Okul olsun istiyorum. Okullar\u0131m\u0131za ihtiyac\u0131m\u0131z var. Ben \u00e7ocuklar\u0131 g\u00f6r\u00fcnce a\u011fl\u0131yorum. Ya\u015f\u0131m ge\u00e7ti ondan m\u0131 acaba\u2026&#8221; s\u00f6zleriyle g\u00f6n\u00fcllere dokunmu\u015ftu.<\/p>\n<div>\n<figure><img decoding=\"async\" src=\"https:\/\/bihavadis.com\/wp-content\/uploads\/2026\/02\/fatih-urek-bugun-son-yolculuguna-ugurlanacak-2-irhznTaN.jpg\"\/><\/figure>\n<\/div>\n<p><b>\u0130ZZET \u00c7APA: \u0130NSANDA B\u0130RAZ UTANMA OLUR<\/b><\/p>\n<p>Fatih \u00dcrek&#8217;in hayat\u0131n\u0131 kaybetmesinin ard\u0131ndan i\u015fletmeci \u0130zzet \u00c7apa&#8217;dan dikkat \u00e7eken bir payla\u015f\u0131m geldi. \u00c7apa sosyal medya hesab\u0131ndan yapt\u0131\u011f\u0131 a\u00e7\u0131klamada, &#8220;\u0130nsanda biraz utanma olur. Daha d\u00fcne kadar sahneye \u00e7\u0131kmas\u0131na izin vermedi\u011finiz o &#8216;koca y\u00fcre\u011fi&#8217; \u015fimdi timsah g\u00f6zya\u015flar\u0131yla u\u011furlamak da size yak\u0131\u015f\u0131rd\u0131.&#8221; ifadelerini kulland\u0131.<\/p>\n<div>\n<figure><img decoding=\"async\" src=\"https:\/\/bihavadis.com\/wp-content\/uploads\/2026\/02\/fatih-urek-bugun-son-yolculuguna-ugurlanacak-3-HN6w3atv.jpg\"\/><\/figure>\n<\/div>\n<p><b>G\u00dcLBEN ERGEN: ONU \u00dcZENLER\u0130 UNUTMAYACA\u011eIM<\/b><\/p>\n<p>\u00dcrek&#8217;in \u00f6l\u00fcm haberini al\u0131r almaz hastaneye ko\u015fanlar aras\u0131nda yer alan G\u00fclben Ergen payla\u015f\u0131m\u0131nda, &#8220;Onu \u00fczenleri, k\u0131ranlar\u0131, y\u0131ld\u0131r\u0131rcas\u0131na bezdirenleri unutmayaca\u011f\u0131m&#8221; ifadelerini kullanarak Fatih \u00dcrek&#8217;in ya\u015fad\u0131\u011f\u0131 zorluklara dikkat \u00e7ekti.<\/p>\n<p><b>SEL\u0130N C\u0130\u011eERC\u0130&#8217;DEN MAN\u0130DAR &#8220;A\u0130LE&#8221; A\u00c7IKLAMASI<\/b><\/p>\n<p>Fatih \u00dcrek&#8217;in \u00f6l\u00fcm haberini ald\u0131ktan sonra hastane \u00f6n\u00fcnde bas\u0131n mensuplar\u0131na konu\u015fan Selin Ci\u011ferci, &#8220;\u00c7ok erken oldu. Konu\u015fam\u0131yorum b\u00f6yle \u015feylerde. Allah hepimize uzun, sa\u011fl\u0131kl\u0131 \u00f6m\u00fcrler versin. Hay\u0131rl\u0131 aileler nasip etsin&#8221; ifadelerini kulland\u0131.<\/p>\n<div>\n<figure><img decoding=\"async\" src=\"https:\/\/bihavadis.com\/wp-content\/uploads\/2026\/02\/fatih-urek-bugun-son-yolculuguna-ugurlanacak-4-LzjqfwN9.jpg\"\/><\/figure>\n<\/div>\n<p><b>S\u00d6ZLER\u0130 YEN\u0130DEN G\u00dcNDEM OLDU<\/b><\/p>\n<p>Fatih \u00dcrek&#8217;in kat\u0131ld\u0131\u011f\u0131 bir programda kendisine dair kulland\u0131\u011f\u0131 ifadeler vefat\u0131n\u0131n ard\u0131ndan yeniden g\u00fcndem oldu. Programda adeta i\u00e7ini d\u00f6ken Fatih \u00dcrek, her \u015feyden \u00e7ok s\u0131k\u0131ld\u0131\u011f\u0131n\u0131 belirterek \u00e7ok yaln\u0131z bir adam oldu\u011funu s\u00f6yledi.<\/p>\n<p><b>&#8220;\u0130NSANLAR \u00c7OK K\u00d6T\u00dc&#8221;<\/b><\/p>\n<p>\u00dcrek, r\u00f6portaj\u0131nda \u015fu ifadeleri kullanm\u0131\u015ft\u0131: &#8216;Her \u015feyden \u00e7ok s\u0131k\u0131ld\u0131m. \u0130nan\u0131n s\u0131k\u0131ld\u0131m, \u00e7ok s\u0131k\u0131ld\u0131m. Trafikten s\u0131k\u0131ld\u0131m, insanlardan s\u0131k\u0131ld\u0131m. \u0130nsanlar k\u00f6t\u00fcler. Kimseyi g\u00f6rmek istemiyorum, kimseyle g\u00f6r\u00fc\u015fmek istemiyorum. Ben diyorum \u015fimdi \u00e7ok mutluyum. Hepsi sahte geliyor bana ger\u00e7ekten kusura bakmay\u0131n.<\/p>\n<div>\n<figure><img decoding=\"async\" src=\"https:\/\/bihavadis.com\/wp-content\/uploads\/2026\/02\/fatih-urek-bugun-son-yolculuguna-ugurlanacak-5-zlKl7DXn.jpg\"\/><\/figure>\n<\/div>\n<p><b>&#8220;SAHNEYE DEVAM EDEMEZSEM B\u0130TER\u0130M&#8221;<\/b><\/p>\n<p>Ben bir \u015fey itiraf edebilir miyim? Ger\u00e7ekten e\u011fer ben sahneye devam edemezsem, bir \u015fekilde bu hayatta olamazsam herhalde derin \u00f6mr\u00fcm\u00fcn son t\u00fckeni\u015fleri olur. Biterim gibi geliyor bana. \u00c7\u00fcnk\u00fc ba\u015fka bir ama\u00e7 kalm\u0131yor.<\/p>\n<p><b>&#8220;\u00c7OK YALNIZ B\u0130R ADAMIM&#8221;<\/b><\/p>\n<p>D\u0131\u015far\u0131daki gibi de\u011filim. S\u00fcsl\u00fc p\u00fcsl\u00fcy\u00fcm ama evde y\u0131rt\u0131k ti\u015f\u00f6rtle bile oturuyorum. Ben \u00e7ok yaln\u0131z bir adam\u0131m&#8221;<\/p>\n","protected":false},"excerpt":{"rendered":"<p>Ge\u00e7irdi\u011fi kalp krizi sonucu tedavi g\u00f6rd\u00fc\u011f\u00fc hastanede 3.5 ayl\u0131k ya\u015fam m\u00fccadelesini kaybeden \u015fark\u0131c\u0131 ve sunucu Fatih \u00dcrek bug\u00fcn son yolculu\u011funa u\u011furlanacak. \u00dcrek, Levent&#8217;teki Barbaros Haryettin Pa\u015fa Camii&#8217;nde ikindi namaz\u0131na m\u00fcteakip k\u0131l\u0131nacak cenaze namaz\u0131n\u0131n ard\u0131ndan defnedilecek.<\/p>\n","protected":false},"author":1,"featured_media":25701,"comment_status":"open","ping_status":"open","sticky":false,"template":"","format":"standard","meta":{"footnotes":""},"categories":[1],"tags":[2838,4266,316,2170],"class_list":["post-25700","post","type-post","status-publish","format-standard","has-post-thumbnail","hentry","category-uncategorized","tag-fatih","tag-ifadeler","tag-okul","tag-urek"],"_links":{"self":[{"href":"https:\/\/bihavadis.com\/index.php\/wp-json\/wp\/v2\/posts\/25700","targetHints":{"allow":["GET"]}}],"collection":[{"href":"https:\/\/bihavadis.com\/index.php\/wp-json\/wp\/v2\/posts"}],"about":[{"href":"https:\/\/bihavadis.com\/index.php\/wp-json\/wp\/v2\/types\/post"}],"author":[{"embeddable":true,"href":"https:\/\/bihavadis.com\/index.php\/wp-json\/wp\/v2\/users\/1"}],"replies":[{"embeddable":true,"href":"https:\/\/bihavadis.com\/index.php\/wp-json\/wp\/v2\/comments?post=25700"}],"version-history":[{"count":0,"href":"https:\/\/bihavadis.com\/index.php\/wp-json\/wp\/v2\/posts\/25700\/revisions"}],"wp:featuredmedia":[{"embeddable":true,"href":"https:\/\/bihavadis.com\/index.php\/wp-json\/wp\/v2\/media\/25701"}],"wp:attachment":[{"href":"https:\/\/bihavadis.com\/index.php\/wp-json\/wp\/v2\/media?parent=25700"}],"wp:term":[{"taxonomy":"category","embeddable":true,"href":"https:\/\/bihavadis.com\/index.php\/wp-json\/wp\/v2\/categories?post=25700"},{"taxonomy":"post_tag","embeddable":true,"href":"https:\/\/bihavadis.com\/index.php\/wp-json\/wp\/v2\/tags?post=25700"}],"curies":[{"name":"wp","href":"https:\/\/api.w.org\/{rel}","templated":true}]}}