{"id":25729,"date":"2026-02-10T14:27:16","date_gmt":"2026-02-10T14:27:16","guid":{"rendered":"https:\/\/bihavadis.com\/?p=25729"},"modified":"2026-02-10T14:27:16","modified_gmt":"2026-02-10T14:27:16","slug":"amasyadaki-is-yeri-kursunlama-olayinin-azmettiricileri-istanbulda-yakalandi","status":"publish","type":"post","link":"https:\/\/bihavadis.com\/index.php\/2026\/02\/10\/amasyadaki-is-yeri-kursunlama-olayinin-azmettiricileri-istanbulda-yakalandi\/","title":{"rendered":"Amasya\u2019daki i\u015f yeri kur\u015funlama olay\u0131n\u0131n azmettiricileri \u0130stanbul\u2019da yakaland\u0131"},"content":{"rendered":"<p>Yakla\u015f\u0131k 3 ay \u00f6nce ge\u00e7 saatlerde bir \u015fah\u0131s Hac\u0131lar Meydan\u0131 Mahallesi\u2019ndeki kafeye do\u011fru elindeki silahla ate\u015f ettikten sonra izini kaybettirmi\u015fti. Faili yakalayan polis ekiplerinin olay\u0131n ayd\u0131nlat\u0131lmas\u0131 i\u00e7in s\u00fcrd\u00fcrd\u00fc\u011f\u00fc \u00e7al\u0131\u015fmalar sonu\u00e7 verdi.<\/p>\n<p>Faili yakalanan i\u015f yeri kur\u015funlama olay\u0131n\u0131n azmettiricileri 12 y\u0131l, 4 ay kesinle\u015fmi\u015f hapis cezas\u0131 bulunan ve 5 ayr\u0131 su\u00e7tan aranmas\u0131 olan F.R.\u015e. ile 10 y\u0131l kesinle\u015fmi\u015f hapis cezas\u0131 bulunan ve 8 ayr\u0131 su\u00e7tan aranmas\u0131 olan T.C.A., Amasya Emniyet M\u00fcd\u00fcrl\u00fc\u011f\u00fc ekiplerinin teknik ve fiziki takibi sonucu \u0130stanbul&#8217;da yakaland\u0131.<\/p>\n<p><strong>CEZAEV\u0130NE G\u00d6NDER\u0130LD\u0130LER<\/strong><\/p>\n<p>\u015e\u00fcphelilerin yakaland\u0131\u011f\u0131 adreste yap\u0131lan aramada 1 adet ruhsats\u0131z tabanca, 36 adet tabanca fi\u015fe\u011fi ve uyu\u015fturucu oldu\u011fu de\u011ferlendirilen madde ele ge\u00e7irildi.<\/p>\n<p>G\u00f6zalt\u0131 i\u015flemlerinin ard\u0131ndan adliyeye sevk edilen 2 \u015f\u00fcpheli tutuklanarak cezaevine teslim edildi.<\/p>\n<p>Amasya Valili\u011fi, <b><em>&#8220;Huzurumuzu bozmak isteyenler bilsinler ki, her nerede olurlarsa olsunlar devletimizden ka\u00e7amayacaklard\u0131r&#8221;<\/em><\/b> notuyla olay\u0131n g\u00f6r\u00fcnt\u00fclerini payla\u015ft\u0131.<\/p>\n<p><img decoding=\"async\" src=\"https:\/\/bihavadis.com\/wp-content\/uploads\/2026\/02\/amasyadaki-is-yeri-kursunlama-olayinin-azmettiricileri-istanbulda-yakalandi-0-XY6me1J1.jpg\"\/><\/p>\n","protected":false},"excerpt":{"rendered":"<p>Amasya\u2019da bir i\u015f yerinin kur\u015funlanmas\u0131na ili\u015fkin y\u00fcr\u00fct\u00fclen soru\u015fturma kapsam\u0131nda olay\u0131n azmettiricisi olduklar\u0131 belirlenen 2 \u015f\u00fcpheli, polis ekiplerinin d\u00fczenledi\u011fi operasyonla \u0130stanbul\u2019da yakay\u0131 ele verdi.<\/p>\n","protected":false},"author":1,"featured_media":25730,"comment_status":"open","ping_status":"open","sticky":false,"template":"","format":"standard","meta":{"footnotes":""},"categories":[4,13],"tags":[],"class_list":["post-25729","post","type-post","status-publish","format-standard","has-post-thumbnail","hentry","category-gundem","category-son-dakika"],"_links":{"self":[{"href":"https:\/\/bihavadis.com\/index.php\/wp-json\/wp\/v2\/posts\/25729","targetHints":{"allow":["GET"]}}],"collection":[{"href":"https:\/\/bihavadis.com\/index.php\/wp-json\/wp\/v2\/posts"}],"about":[{"href":"https:\/\/bihavadis.com\/index.php\/wp-json\/wp\/v2\/types\/post"}],"author":[{"embeddable":true,"href":"https:\/\/bihavadis.com\/index.php\/wp-json\/wp\/v2\/users\/1"}],"replies":[{"embeddable":true,"href":"https:\/\/bihavadis.com\/index.php\/wp-json\/wp\/v2\/comments?post=25729"}],"version-history":[{"count":1,"href":"https:\/\/bihavadis.com\/index.php\/wp-json\/wp\/v2\/posts\/25729\/revisions"}],"predecessor-version":[{"id":25732,"href":"https:\/\/bihavadis.com\/index.php\/wp-json\/wp\/v2\/posts\/25729\/revisions\/25732"}],"wp:featuredmedia":[{"embeddable":true,"href":"https:\/\/bihavadis.com\/index.php\/wp-json\/wp\/v2\/media\/25730"}],"wp:attachment":[{"href":"https:\/\/bihavadis.com\/index.php\/wp-json\/wp\/v2\/media?parent=25729"}],"wp:term":[{"taxonomy":"category","embeddable":true,"href":"https:\/\/bihavadis.com\/index.php\/wp-json\/wp\/v2\/categories?post=25729"},{"taxonomy":"post_tag","embeddable":true,"href":"https:\/\/bihavadis.com\/index.php\/wp-json\/wp\/v2\/tags?post=25729"}],"curies":[{"name":"wp","href":"https:\/\/api.w.org\/{rel}","templated":true}]}}