{"id":25828,"date":"2026-02-10T15:51:07","date_gmt":"2026-02-10T15:51:07","guid":{"rendered":"https:\/\/bihavadis.com\/?p=25828"},"modified":"2026-02-10T15:51:07","modified_gmt":"2026-02-10T15:51:07","slug":"sacha-boey-yeni-gelmedim-geri-geldim","status":"publish","type":"post","link":"https:\/\/bihavadis.com\/index.php\/2026\/02\/10\/sacha-boey-yeni-gelmedim-geri-geldim\/","title":{"rendered":"Sacha Boey: Yeni gelmedim, geri geldim"},"content":{"rendered":"<p>Galatasaray, eski futbolcusu Sacha Boey&#8217;un transferini \u00f6zel bir video kliple duyurdu.<\/p>\n<p>Sar\u0131-k\u0131rm\u0131z\u0131l\u0131 kul\u00fcp, payla\u015f\u0131m\u0131nda <em><b>&#8220;Sacha Boey yeniden T\u00fcrkiye\u2019nin en b\u00fcy\u00fc\u011f\u00fcnde&#8221;<\/b><\/em> ifadelerine yer verdi.<\/p>\n<p><strong>&#8220;YEN\u0130 GELMED\u0130M, GER\u0130 GELD\u0130M&#8221;<\/strong><\/p>\n<p>Kul\u00fcb\u00fcn sosyal medya hesaplar\u0131ndan yay\u0131nlanan videoda, Frans\u0131z futbolcunun saz \u00e7ald\u0131\u011f\u0131 g\u00f6r\u00fcnt\u00fcler dikkat \u00e7ekti.<\/p>\n<p>Video klipte Boey, taraftarlara seslenerek, <em><b>&#8220;Yeni gelmedim, geri geldim ve \u015eanl\u0131 Galatasaray&#8221;<\/b><\/em> s\u00f6zlerini kulland\u0131.<\/p>\n<p><img decoding=\"async\" src=\"https:\/\/bihavadis.com\/wp-content\/uploads\/2026\/02\/sacha-boey-yeni-gelmedim-geri-geldim-0-vPQavMOS.jpg\"\/><\/p>\n<p><strong>&#8220;\u00c7OK GURURLUYUM!&#8221;<\/strong><\/p>\n<p>\u0130mza sonras\u0131 a\u00e7\u0131klamalarda bulunan Sacha Boey, <em><b>&#8220;\u00c7ok gururluyum ve \u00f6n\u00fcm\u00fcze \u00e7\u0131kacak b\u00fct\u00fcn zorluklar\u0131 da ge\u00e7mek i\u00e7in sab\u0131rs\u0131zlan\u0131yorum. Floya ba\u015flang\u0131\u00e7 yerimdi ve oras\u0131 kalbime dokunan bir yerdi. Kemerburgaz ise her \u015feyimizin oldu\u011fu m\u00fckemmel bir yer.&#8221;<\/b><\/em> dedi.<\/p>\n<p><strong>&#8220;TARAFTARIN ATE\u015e\u0130N\u0130 YAKMAK \u0130ST\u0130YORUM&#8221;<\/strong><\/p>\n<p>Taraftarlar hakk\u0131nda da konu\u015fan Boey, <em><b>&#8220;Taraftarlar\u0131m\u0131z\u0131 tekrardan g\u00f6rece\u011fim i\u00e7in \u00e7ok gururluyum ve \u00e7ok heyecanl\u0131y\u0131m. Onlar\u0131n tekrardan ate\u015fini yakmak istiyorum&#8221;<\/b><\/em> ifadelerini kulland\u0131.<\/p>\n<p><img decoding=\"async\" src=\"https:\/\/bihavadis.com\/wp-content\/uploads\/2026\/02\/sacha-boey-yeni-gelmedim-geri-geldim-1-zPMxghhh.jpg\"\/><\/p>\n<p><strong>&#8220;LEROY SANE \u0130LE OYNAMAK \u0130\u00c7\u0130N SABIRSIZLANIYORUM&#8221;<\/strong><\/p>\n<p>Bayern M\u00fcnih&#8217;te beraber oynad\u0131\u011f\u0131 Leroy Sane ilgili de a\u00e7\u0131klama yapan Frans\u0131z futbolcu, <em><b>&#8220;Leroy Sane \u00e7ok iyi bir oyuncu ve onunla kanatta oynayaca\u011f\u0131m i\u00e7in \u00e7ok sab\u0131rs\u0131zlan\u0131yorum&#8221;<\/b><\/em> s\u00f6zlerini sarf etti.<\/p>\n<p><strong>MAL\u0130YET\u0130 A\u00c7IKLANMI\u015eTI<\/strong><\/p>\n<p>Sar\u0131-k\u0131rm\u0131z\u0131l\u0131 kul\u00fcpten yap\u0131lan a\u00e7\u0131klamada, <em><b>&#8220;Profesyonel futbolcu Sacha Boey ve kul\u00fcb\u00fc FC Bayern M\u00fcnchen AG ile futbolcunun 2025-2026 sezonunun kalan k\u0131sm\u0131 i\u00e7in \u015firketimizin yaz\u0131l\u0131 talebine ba\u011fl\u0131 zorunlu olmayan sat\u0131n alma opsiyonlu ge\u00e7ici transferi konusunda anla\u015fmaya var\u0131lm\u0131\u015ft\u0131r. Sat\u0131n alma opsiyonu, \u015firketimizin tek tarafl\u0131 ve yaz\u0131l\u0131 talebine ba\u011fl\u0131 olup, bu talep olmaks\u0131z\u0131n herhangi bir y\u00fck\u00fcml\u00fcl\u00fck do\u011fmayacakt\u0131r.&#8221;<\/b><\/em> ifadeleri kullan\u0131ld\u0131.<\/p>\n<p>A\u00e7\u0131klamada ayr\u0131ca, Bayern M\u00fcnih&#8217;e net 500 bin euro tutar\u0131nda kiralama bedeli, Boey&#8217;e ise 2025-2026 sezonu i\u00e7in net 1 milyon 750 bin euro garanti \u00fccret \u00f6denece\u011fi kaydedildi.<\/p>\n<p><img decoding=\"async\" src=\"https:\/\/bihavadis.com\/wp-content\/uploads\/2026\/02\/sacha-boey-yeni-gelmedim-geri-geldim-2-OzKAXGUM.jpg\"\/><\/p>\n<p><strong>TRANSFER\u0130 REKOR KIRMI\u015eTI<\/strong><\/p>\n<p>Galatasaray&#8217;\u0131n 2021-2022 sezonu ba\u015f\u0131nda 1 milyon 150 bin euro bonservis bedeli kar\u015f\u0131l\u0131\u011f\u0131nda kadrosuna katt\u0131\u011f\u0131 25 ya\u015f\u0131ndaki futbolcu, 2024 y\u0131l\u0131 ocak ay\u0131nda 30+5 milyon euro kar\u015f\u0131l\u0131\u011f\u0131nda Bayern M\u00fcnih&#8217;e transfer olmu\u015ftu.<\/p>\n<p>Frans\u0131z futbolcu Sacha Boey, T\u00fcrkiye&#8217;den yurt d\u0131\u015f\u0131na en y\u00fcksek bonservis bedeliyle giden futbolcu rekorunu k\u0131rm\u0131\u015ft\u0131.<\/p>\n<p><img decoding=\"async\" src=\"https:\/\/bihavadis.com\/wp-content\/uploads\/2026\/02\/sacha-boey-yeni-gelmedim-geri-geldim-3-zZTBCJdm.jpg\"\/><\/p>\n","protected":false},"excerpt":{"rendered":"<p>Galatasaray&#8217;a geri d\u00f6nen Frans\u0131z futbolcu Sacha Boey, &#8220;Yeni gelmedim, geri geldim ve \u015eanl\u0131 Galatasaray&#8221; a\u00e7\u0131klamas\u0131n\u0131 yapt\u0131.<\/p>\n","protected":false},"author":1,"featured_media":25829,"comment_status":"open","ping_status":"open","sticky":false,"template":"","format":"standard","meta":{"footnotes":""},"categories":[14],"tags":[3143,4274],"class_list":["post-25828","post","type-post","status-publish","format-standard","has-post-thumbnail","hentry","category-spor","tag-futbolcu","tag-sacha-boey"],"_links":{"self":[{"href":"https:\/\/bihavadis.com\/index.php\/wp-json\/wp\/v2\/posts\/25828","targetHints":{"allow":["GET"]}}],"collection":[{"href":"https:\/\/bihavadis.com\/index.php\/wp-json\/wp\/v2\/posts"}],"about":[{"href":"https:\/\/bihavadis.com\/index.php\/wp-json\/wp\/v2\/types\/post"}],"author":[{"embeddable":true,"href":"https:\/\/bihavadis.com\/index.php\/wp-json\/wp\/v2\/users\/1"}],"replies":[{"embeddable":true,"href":"https:\/\/bihavadis.com\/index.php\/wp-json\/wp\/v2\/comments?post=25828"}],"version-history":[{"count":1,"href":"https:\/\/bihavadis.com\/index.php\/wp-json\/wp\/v2\/posts\/25828\/revisions"}],"predecessor-version":[{"id":25834,"href":"https:\/\/bihavadis.com\/index.php\/wp-json\/wp\/v2\/posts\/25828\/revisions\/25834"}],"wp:featuredmedia":[{"embeddable":true,"href":"https:\/\/bihavadis.com\/index.php\/wp-json\/wp\/v2\/media\/25829"}],"wp:attachment":[{"href":"https:\/\/bihavadis.com\/index.php\/wp-json\/wp\/v2\/media?parent=25828"}],"wp:term":[{"taxonomy":"category","embeddable":true,"href":"https:\/\/bihavadis.com\/index.php\/wp-json\/wp\/v2\/categories?post=25828"},{"taxonomy":"post_tag","embeddable":true,"href":"https:\/\/bihavadis.com\/index.php\/wp-json\/wp\/v2\/tags?post=25828"}],"curies":[{"name":"wp","href":"https:\/\/api.w.org\/{rel}","templated":true}]}}