{"id":25839,"date":"2026-02-10T16:00:09","date_gmt":"2026-02-10T16:00:09","guid":{"rendered":"https:\/\/bihavadis.com\/?p=25839"},"modified":"2026-02-10T16:00:09","modified_gmt":"2026-02-10T16:00:09","slug":"centcom-irana-deniz-gucuyle-gozdagi-verdi","status":"publish","type":"post","link":"https:\/\/bihavadis.com\/index.php\/2026\/02\/10\/centcom-irana-deniz-gucuyle-gozdagi-verdi\/","title":{"rendered":"CENTCOM, \u0130ran&#8217;a deniz g\u00fcc\u00fcyle g\u00f6zda\u011f\u0131 verdi"},"content":{"rendered":"<p>Umman\u2019\u0131n ba\u015fkenti Maskat&#8217;ta ger\u00e7ekle\u015ftirilen dolayl\u0131 ABD-\u0130ran g\u00f6r\u00fc\u015fmelerinin ard\u0131ndan hen\u00fcz ABD\u2019li yetkililerden g\u00f6r\u00fc\u015fmeye ili\u015fkin bir a\u00e7\u0131klama gelmezken, ABD Merkez Kuvvetler Komutanl\u0131\u011f\u0131\u2019ndan (CENTCOM), b\u00f6lgede konu\u015flu u\u00e7ak gemisi USS Abraham Lincoln\u2019\u00fcn Umman Denizi\u2019ndeki faaliyetlerine ili\u015fkin foto\u011fraflar payla\u015f\u0131ld\u0131.<\/p>\n<p>Sosyal medya \u00fczerinden yap\u0131lan a\u00e7\u0131klamada,<b><em> &#8220;Abraham Lincoln U\u00e7ak Gemisi Taarruz Grubu, 2 askeri ikmal gemisi ile 2 ABD Sahil G\u00fcvenlik gemisinin e\u015fli\u011finde bug\u00fcn Umman Denizi\u2019nde seyir ger\u00e7ekle\u015ftirdi. Bu s\u0131rada 9. U\u00e7ak Gemisi Hava Kanad\u0131\u2019na ba\u011fl\u0131 u\u00e7aklar da grubun \u00fczerinde u\u00e7u\u015f ger\u00e7ekle\u015ftirdi&#8221;<\/em><\/b> denildi.<\/p>\n<p>A\u00e7\u0131klaman\u0131n sonunda, <em><b>&#8220;G\u00fc\u00e7 yoluyla bar\u0131\u015f&#8221; <\/b><\/em>ifadeleri yer ald\u0131.<\/p>\n<p><strong>ABD \u0130LE \u0130RAN BUG\u00dcN UMMAN&#8217;DA G\u00d6R\u00dc\u015eT\u00dc<\/strong><\/p>\n<p>\u0130ran devlet televizyonuna g\u00f6re, Umman&#8217;\u0131n ba\u015fkenti Maskat&#8217;ta TS\u0130 11.00 sular\u0131nda ba\u015flayan ABD-\u0130ran g\u00f6r\u00fc\u015fmeleri tamamlan\u0131rken \u0130ranl\u0131 m\u00fczakere heyeti, konutlar\u0131na d\u00f6nd\u00fc.<\/p>\n<p>\u0130ran devlet televizyonu muhabiri, D\u0131\u015fi\u015fleri Bakanl\u0131\u011f\u0131 S\u00f6zc\u00fcs\u00fc \u0130smail Bekayi&#8217;nin g\u00f6r\u00fc\u015fmelerin <b><em>&#8220;\u015fimdilik&#8221; <\/em><\/b>sona erdi\u011fini bildirdi\u011fini ve iki \u00fclkenin heyetlerinin \u00fclkelerine d\u00f6nmelerinin \u00f6ng\u00f6r\u00fcld\u00fc\u011f\u00fcn\u00fc aktard\u0131.<\/p>\n<p>Taraflar hen\u00fcz g\u00f6r\u00fc\u015fmelerin sonucu hakk\u0131nda a\u00e7\u0131klama yapmad\u0131.<\/p>\n<p>M\u00fczakerelerde \u0130ran heyetini D\u0131\u015fi\u015fleri Bakan\u0131 Abbas Erak\u00e7i, ABD\u2019yi Ba\u015fkan Donald Trump\u2019\u0131n Orta Do\u011fu \u00d6zel Temsilcisi Steve Witkoff temsil etti. Witkoff&#8217;un beraberinde Trump&#8217;\u0131n damad\u0131 ve dan\u0131\u015fman\u0131 Jared Kushner ve ABD Merkez Kuvvetler Komutanl\u0131\u011f\u0131 (CENTCOM) Komutan\u0131 Brad Cooper da yer ald\u0131.<\/p>\n<p>Erak\u00e7i&#8217;nin beraberinde ise Siyasi \u0130\u015flerden Sorumlu D\u0131\u015fi\u015fleri Bakan Yard\u0131mc\u0131s\u0131 Mecid Taht Revan\u00e7i, Ekonomik \u0130\u015flerden Sorumlu D\u0131\u015fi\u015fleri Bakan Yard\u0131mc\u0131s\u0131 Hamid Kanberi ile D\u0131\u015fi\u015fleri Bakanl\u0131\u011f\u0131 Hukuk \u0130\u015flerinden Sorumlu Yard\u0131mc\u0131s\u0131 Kaz\u0131m Garibabadi de haz\u0131r bulundu.<\/p>\n<p>Umman D\u0131\u015fi\u015fleri Bakan\u0131 Bedr bin Hamed el-Busaidi, Erak\u00e7i ile Witkoff aras\u0131nda mesaj al\u0131\u015fveri\u015fine arac\u0131l\u0131k etti.<\/p>\n<p><img decoding=\"async\" src=\"https:\/\/bihavadis.com\/wp-content\/uploads\/2026\/02\/centcom-irana-deniz-gucuyle-gozdagi-verdi-0-6nAjzLnU.jpg\"\/><\/p>\n<p><img decoding=\"async\" src=\"https:\/\/bihavadis.com\/wp-content\/uploads\/2026\/02\/centcom-irana-deniz-gucuyle-gozdagi-verdi-1-c3kzABuM.jpg\"\/><\/p>\n<p><img decoding=\"async\" src=\"https:\/\/bihavadis.com\/wp-content\/uploads\/2026\/02\/centcom-irana-deniz-gucuyle-gozdagi-verdi-2-WZX9uwR5.jpg\"\/><\/p>\n<p><img decoding=\"async\" src=\"https:\/\/bihavadis.com\/wp-content\/uploads\/2026\/02\/centcom-irana-deniz-gucuyle-gozdagi-verdi-3-L5OsGyuq.jpg\"\/><\/p>\n","protected":false},"excerpt":{"rendered":"<p>ABD Merkez Kuvvetler Komutanl\u0131\u011f\u0131 (CENTCOM), u\u00e7ak gemisi USS Abraham Lincoln\u2019\u00fcn Umman Denizi\u2019ndeki faaliyetlerine ili\u015fkin a\u00e7\u0131klama yapt\u0131. CENTCOM seyir halindeki gemilerin toplu g\u00f6rsellerini de payla\u015ft\u0131.<\/p>\n","protected":false},"author":1,"featured_media":25840,"comment_status":"open","ping_status":"open","sticky":false,"template":"","format":"standard","meta":{"footnotes":""},"categories":[6],"tags":[272,4117,3489,271,3051],"class_list":["post-25839","post","type-post","status-publish","format-standard","has-post-thumbnail","hentry","category-dunya","tag-abd","tag-disisleri-bakan","tag-gemisi","tag-iran","tag-umman"],"_links":{"self":[{"href":"https:\/\/bihavadis.com\/index.php\/wp-json\/wp\/v2\/posts\/25839","targetHints":{"allow":["GET"]}}],"collection":[{"href":"https:\/\/bihavadis.com\/index.php\/wp-json\/wp\/v2\/posts"}],"about":[{"href":"https:\/\/bihavadis.com\/index.php\/wp-json\/wp\/v2\/types\/post"}],"author":[{"embeddable":true,"href":"https:\/\/bihavadis.com\/index.php\/wp-json\/wp\/v2\/users\/1"}],"replies":[{"embeddable":true,"href":"https:\/\/bihavadis.com\/index.php\/wp-json\/wp\/v2\/comments?post=25839"}],"version-history":[{"count":1,"href":"https:\/\/bihavadis.com\/index.php\/wp-json\/wp\/v2\/posts\/25839\/revisions"}],"predecessor-version":[{"id":25845,"href":"https:\/\/bihavadis.com\/index.php\/wp-json\/wp\/v2\/posts\/25839\/revisions\/25845"}],"wp:featuredmedia":[{"embeddable":true,"href":"https:\/\/bihavadis.com\/index.php\/wp-json\/wp\/v2\/media\/25840"}],"wp:attachment":[{"href":"https:\/\/bihavadis.com\/index.php\/wp-json\/wp\/v2\/media?parent=25839"}],"wp:term":[{"taxonomy":"category","embeddable":true,"href":"https:\/\/bihavadis.com\/index.php\/wp-json\/wp\/v2\/categories?post=25839"},{"taxonomy":"post_tag","embeddable":true,"href":"https:\/\/bihavadis.com\/index.php\/wp-json\/wp\/v2\/tags?post=25839"}],"curies":[{"name":"wp","href":"https:\/\/api.w.org\/{rel}","templated":true}]}}