{"id":25863,"date":"2026-02-10T16:15:05","date_gmt":"2026-02-10T16:15:05","guid":{"rendered":"https:\/\/bihavadis.com\/?p=25863"},"modified":"2026-02-10T16:15:05","modified_gmt":"2026-02-10T16:15:05","slug":"suudi-arabistandan-abd-ve-irana-sinirlama-hava-sahasi-ve-topraklarimizi-kullanamazsiniz","status":"publish","type":"post","link":"https:\/\/bihavadis.com\/index.php\/2026\/02\/10\/suudi-arabistandan-abd-ve-irana-sinirlama-hava-sahasi-ve-topraklarimizi-kullanamazsiniz\/","title":{"rendered":"Suudi Arabistan&#8217;dan ABD ve \u0130ran&#8217;a S\u0131n\u0131rlama: Hava Sahas\u0131 ve Topraklar\u0131m\u0131z\u0131 Kullanamazs\u0131n\u0131z"},"content":{"rendered":"<p>Orta Do\u011fu&#8217;daki gerilim, ABD ile \u0130ran aras\u0131nda t\u0131rman\u0131rken Suudi Arabistan&#8217;dan gelen son diplomatik ad\u0131m b\u00f6lgesel dengeleri sarsacak nitelikte oldu. Londra merkezli Asharq Al-Awsat haber ajans\u0131n\u0131n aktard\u0131\u011f\u0131na g\u00f6re Suudi Arabistan, hava sahas\u0131 ve topraklar\u0131n\u0131n \u0130ran&#8217;a kar\u015f\u0131 herhangi bir askeri operasyon i\u00e7in kullan\u0131lmas\u0131na izin vermeyece\u011fini a\u00e7\u0131klad\u0131. Bu mesaj, Riyad&#8217;\u0131n Washington&#8217;a y\u00f6nelik \u00e7ok net bir s\u0131n\u0131rlama koydu\u011funu ortaya koydu.<\/p>\n<p><b>PEZE\u015eK\u0130YAN \u0130LE TELEFON G\u00d6R\u00dc\u015eMES\u0130 YAPTI<\/b><\/p>\n<p>Suudi Veliaht Prensi Muhammed bin Selman bin Abd\u00fclaziz, \u0130ran Cumhurba\u015fkan\u0131 Mesud Peze\u015fkiyan ile yapt\u0131\u011f\u0131 telefon g\u00f6r\u00fc\u015fmesinde, krall\u0131\u011f\u0131n hi\u00e7bir taraf\u0131n hava sahas\u0131n\u0131 veya kara topraklar\u0131n\u0131 \u0130ran&#8217;a sald\u0131r\u0131 amac\u0131yla kullanmas\u0131na m\u00fcsaade etmeyece\u011fini vurgulad\u0131. Prens, egemenlik ilkesine ba\u011fl\u0131l\u0131klar\u0131n\u0131 ve b\u00f6lgesel g\u00fcvenlik ile istikrar\u0131n sa\u011flanmas\u0131 i\u00e7in diyalo\u011fu tercih ettiklerini ifade etti.<\/p>\n<p><b>GER\u0130L\u0130M TIRMANIRKEN OLAY MESAJ<\/b><\/p>\n<p>Bu a\u00e7\u0131klama, ABD&#8217;nin \u0130ran&#8217;a olas\u0131 bir sald\u0131r\u0131 plan\u0131 veya hava harek\u00e2t\u0131 ihtimali \u00fczerine y\u00fckselen tansiyonun ortas\u0131nda geldi. Wall Street Journal&#8217;\u0131n haberine g\u00f6re hem Suudi Arabistan hem de Birle\u015fik Arap Emirlikleri gibi K\u00f6rfez m\u00fcttefikleri, Washington&#8217;a do\u011frudan mesaj g\u00f6ndererek hava sahalar\u0131n\u0131 b\u00f6yle bir operasyon i\u00e7in a\u00e7mayacaklar\u0131n\u0131 bildirdi.<\/p>\n<p><b>ABD&#8217;N\u0130N SE\u00c7ENEKLER\u0130N\u0130 SINIRLAYACAK<\/b><\/p>\n<p>D\u0131\u015f bas\u0131nda yer alan analizlere g\u00f6re Riyad&#8217;\u0131n bu \u00e7\u0131k\u0131\u015f\u0131, ABD&#8217;nin b\u00f6lgesel askeri se\u00e7eneklerini diplomatik ve lojistik anlamda s\u0131n\u0131rl\u0131yor. Wall Street Journal bu durumu &#8220;Trump y\u00f6netiminin se\u00e7eneklerinin daralmas\u0131&#8221; olarak de\u011ferlendirirken, Suudi ve BAE tavr\u0131n\u0131n Washington&#8217;un askeri planlamas\u0131n\u0131 zorla\u015ft\u0131rd\u0131\u011f\u0131na dikkat \u00e7ekti.<\/p>\n<p>\u00d6te yandan Suudi savunma \u00e7evreleri i\u00e7inde g\u00f6r\u00fc\u015f ayr\u0131l\u0131klar\u0131 oldu\u011fu da yans\u0131yor. Baz\u0131 yetkililer Washington&#8217;da yapt\u0131klar\u0131 g\u00f6r\u00fc\u015fmelerde \u0130ran&#8217;a sert bir tepki verilmemesinin b\u00f6lge i\u00e7in daha tehlikeli sonu\u00e7lar do\u011furaca\u011f\u0131n\u0131 ifade etti. Bu durum, Riyad&#8217;\u0131n resm\u00ee s\u00f6ylemi ile baz\u0131 i\u00e7 de\u011ferlendirmeler aras\u0131nda stratejik bir denge aray\u0131\u015f\u0131n\u0131 g\u00f6steriyor. Bu ad\u0131m, Orta Do\u011fu&#8217;daki gerginliklerin sadece askeri de\u011fil, ayn\u0131 zamanda diplomatik ve jeopolitik bir stratejik sava\u015fa d\u00f6n\u00fc\u015ft\u00fc\u011f\u00fcn\u00fc i\u015faret ediyor. Riyad&#8217;\u0131n tavr\u0131, \u0130ran&#8217;la do\u011frudan bir \u00e7at\u0131\u015fman\u0131n \u00f6n\u00fcne ge\u00e7me gayreti olarak yorumlan\u0131rken, b\u00f6lge akt\u00f6rlerinin askeri m\u00fcdahale se\u00e7eneklerine olas\u0131 bir a\u011f\u0131rl\u0131k verme niyeti konusunda soru i\u015faretleri do\u011furuyor.<\/p>\n","protected":false},"excerpt":{"rendered":"<p>\u0130ran ile ABD aras\u0131ndaki gerilim git gide t\u0131rman\u0131rken b\u00f6lgede s\u0131cak bir geli\u015fme ya\u015fand\u0131. Suudi Arabistan, \u0130ran&#8217;a y\u00f6nelik herhangi bir askeri operasyonda hava sahas\u0131n\u0131n kullan\u0131lmas\u0131na izin vermeyece\u011fini net \u015fekilde ilan ederken, d\u0131\u015f bas\u0131n bu karar\u0131 ABD&#8217;nin b\u00f6lgedeki askeri se\u00e7eneklerini daraltan kritik bir diplomatik mesaj olarak yorumlad\u0131.<\/p>\n","protected":false},"author":1,"featured_media":25864,"comment_status":"open","ping_status":"open","sticky":false,"template":"","format":"standard","meta":{"footnotes":""},"categories":[12],"tags":[2032,510,271,4276],"class_list":["post-25863","post","type-post","status-publish","format-standard","has-post-thumbnail","hentry","category-siyaset","tag-askeri","tag-bolge","tag-iran","tag-suudi"],"_links":{"self":[{"href":"https:\/\/bihavadis.com\/index.php\/wp-json\/wp\/v2\/posts\/25863","targetHints":{"allow":["GET"]}}],"collection":[{"href":"https:\/\/bihavadis.com\/index.php\/wp-json\/wp\/v2\/posts"}],"about":[{"href":"https:\/\/bihavadis.com\/index.php\/wp-json\/wp\/v2\/types\/post"}],"author":[{"embeddable":true,"href":"https:\/\/bihavadis.com\/index.php\/wp-json\/wp\/v2\/users\/1"}],"replies":[{"embeddable":true,"href":"https:\/\/bihavadis.com\/index.php\/wp-json\/wp\/v2\/comments?post=25863"}],"version-history":[{"count":1,"href":"https:\/\/bihavadis.com\/index.php\/wp-json\/wp\/v2\/posts\/25863\/revisions"}],"predecessor-version":[{"id":25865,"href":"https:\/\/bihavadis.com\/index.php\/wp-json\/wp\/v2\/posts\/25863\/revisions\/25865"}],"wp:featuredmedia":[{"embeddable":true,"href":"https:\/\/bihavadis.com\/index.php\/wp-json\/wp\/v2\/media\/25864"}],"wp:attachment":[{"href":"https:\/\/bihavadis.com\/index.php\/wp-json\/wp\/v2\/media?parent=25863"}],"wp:term":[{"taxonomy":"category","embeddable":true,"href":"https:\/\/bihavadis.com\/index.php\/wp-json\/wp\/v2\/categories?post=25863"},{"taxonomy":"post_tag","embeddable":true,"href":"https:\/\/bihavadis.com\/index.php\/wp-json\/wp\/v2\/tags?post=25863"}],"curies":[{"name":"wp","href":"https:\/\/api.w.org\/{rel}","templated":true}]}}