{"id":25937,"date":"2026-02-10T17:12:07","date_gmt":"2026-02-10T17:12:07","guid":{"rendered":"https:\/\/bihavadis.com\/?p=25937"},"modified":"2026-02-10T17:12:07","modified_gmt":"2026-02-10T17:12:07","slug":"kolombiyada-sel-6-kisi-hayatini-kaybetti","status":"publish","type":"post","link":"https:\/\/bihavadis.com\/index.php\/2026\/02\/10\/kolombiyada-sel-6-kisi-hayatini-kaybetti\/","title":{"rendered":"Kolombiya&#8217;da sel: 6 ki\u015fi hayat\u0131n\u0131 kaybetti"},"content":{"rendered":"<p>Kolombiya&#8217;da olumsuz hava \u015fartlar\u0131 \u00fclke genelinde bir\u00e7ok b\u00f6lgede sel ya\u015fanmas\u0131na neden oldu.<\/p>\n<p><strong>\u015e\u0130DDETL\u0130 YA\u011eI\u015eLAR 240 SEL OLAYINA YOL A\u00c7TI<\/strong><\/p>\n<p>Yetkililer, yakla\u015f\u0131k 240 sel olay\u0131n\u0131n meydana geldi\u011fini, bir\u00e7ok nehir ve derenin ta\u015ft\u0131\u011f\u0131n\u0131, k\u0131y\u0131 dalgalar\u0131nda da ciddi art\u0131\u015f g\u00f6r\u00fcld\u00fc\u011f\u00fcn\u00fc ve bu durumdan \u00fclke genelinde 15 binden fazla ki\u015finin etkilendi\u011fini a\u00e7\u0131klad\u0131.<\/p>\n<p>Kolombiya Hidroloji, Meteoroloji ve \u00c7evre Enstit\u00fcs\u00fc (IDEAM), \u00fclkede etkili olan so\u011fuk hava cephesinin Antioquia, Cordoba, Sucre, Bolivar, Atlantico, Magdalena, Cesar ve La Guajira eyaletlerinde ya\u011f\u0131\u015flar\u0131 yo\u011funla\u015ft\u0131rd\u0131\u011f\u0131n\u0131 a\u00e7\u0131klad\u0131.<\/p>\n<p>\u00dclkenin orta ve g\u00fcney b\u00f6lgelerindeki Santander, Cauca, Valle del Cauca, Tolima, Huila, Cundinamarca, Boyaca, Narino ve &#8220;Kahve Ku\u015fa\u011f\u0131&#8221; olarak bilinen b\u00f6lgesinde de ya\u011f\u0131\u015flar\u0131n artt\u0131\u011f\u0131 kaydedildi.<\/p>\n<p><img decoding=\"async\" src=\"https:\/\/bihavadis.com\/wp-content\/uploads\/2026\/02\/kolombiyada-sel-6-kisi-hayatini-kaybetti-0-BZl1W2q1.jpg\"\/><\/p>\n<p><strong>\u00dcLKE GENEL\u0130NDE 6 K\u0130\u015e\u0130 HAYATINI KAYBETT\u0130<\/strong><\/p>\n<p>\u00dclkenin kuzeyindeki Cordoba eyaleti ya\u011f\u0131\u015flardan en \u00e7ok etkilenen b\u00f6lge oldu. Ulusal Afet Risk Y\u00f6netimi Birimi&#8217;nin (UNGRD) verilerine g\u00f6re, 5 binden fazla aile selden etkilendi.<\/p>\n<p>Yetkililer, ilk raporlara g\u00f6re eyalette 3 ki\u015finin ya\u015fam\u0131n\u0131 yitirdi\u011fini, \u00fclke genelinde ise toplamda 6 can kayb\u0131n\u0131n do\u011fruland\u0131\u011f\u0131n\u0131 bildirdi.<\/p>\n<p>Bu \u00f6l\u00fcmlerden 4&#8217;\u00fcn\u00fcn Valle del Cauca, 2&#8217;sinin ise Magdalena&#8217;da meydana geldi\u011fi belirtildi.<\/p>\n<p><img decoding=\"async\" src=\"https:\/\/bihavadis.com\/wp-content\/uploads\/2026\/02\/kolombiyada-sel-6-kisi-hayatini-kaybetti-1-de2bES6S.jpg\"\/><\/p>\n<p><strong>&#8220;T\u0130ERRALTA B\u00d6LGES\u0130N\u0130N Y\u00dcZDE 80&#8217;\u0130 SU ALTINDA KALDI&#8221;<\/strong><\/p>\n<p>UNGRD, Cordoba&#8217;daki en \u00e7ok etkilenen belediyenin Tierralta oldu\u011funu a\u00e7\u0131klad\u0131. B\u00f6lgede 8 bin hektardan fazla tar\u0131m arazisinin zarar g\u00f6rd\u00fc\u011f\u00fc ve b\u00f6lgenin yakla\u015f\u0131k y\u00fczde 80&#8217;inin su alt\u0131nda kald\u0131\u011f\u0131 belirtildi.<\/p>\n<p>Tierralta Belediye Ba\u015fkan\u0131 Jesus David Contreras, olaya ili\u015fkin ilk incelemeleri <em><b>&#8220;felaket&#8221;<\/b><\/em> olarak nitelendirerek, <em><b>&#8220;Belediye genelinde \u015fu anda devam eden n\u00fcfus say\u0131mlar\u0131nda 5 bin 109 ailenin olaydan etkilendi\u011fi kaydedildi&#8221;<\/b><\/em> dedi.<\/p>\n<p>Kolombiya&#8217;daki \u015fiddetli ya\u011f\u0131\u015flar\u0131n etkisini s\u00fcrd\u00fcrmesi bekleniyor. Uzmanlar, olumsuz hava \u015fartlar\u0131n\u0131n 9 \u015eubat&#8217;a kadar etkili olaca\u011f\u0131n\u0131 a\u00e7\u0131klad\u0131.<\/p>\n<p>Cordoba \u00dcniversitesi&#8217;nden Akademisyen Teobaldis Mercado ise yerel bas\u0131na yapt\u0131\u011f\u0131 a\u00e7\u0131klamada, en yo\u011fun ya\u011f\u0131\u015f\u0131n yar\u0131n ya\u015fanmas\u0131n\u0131n beklendi\u011fini ve ya\u011f\u0131\u015f \u015fiddetinin y\u00fczde 55 ile y\u00fcz 100 aras\u0131nda de\u011fi\u015febilece\u011fini belirtti.<\/p>\n<p><img decoding=\"async\" src=\"https:\/\/bihavadis.com\/wp-content\/uploads\/2026\/02\/kolombiyada-sel-6-kisi-hayatini-kaybetti-2-TS4sm2Kl.jpg\"\/><\/p>\n<p><img decoding=\"async\" src=\"https:\/\/bihavadis.com\/wp-content\/uploads\/2026\/02\/kolombiyada-sel-6-kisi-hayatini-kaybetti-3-XWucvZcF.jpg\"\/><\/p>\n","protected":false},"excerpt":{"rendered":"<p>Kolombiya Ulusal Afet Risk Y\u00f6netimi Birimi&#8217;nin (UNGRD) raporlar\u0131na g\u00f6re, \u00fclkede meydana gelen sel olaylar\u0131nda 6 ki\u015fi hayat\u0131n\u0131 kaybetti. Yetkililer, yakla\u015f\u0131k 240 sel olay\u0131nda 15 binden fazla ki\u015finin etkilendi\u011fini a\u00e7\u0131klad\u0131.<\/p>\n","protected":false},"author":1,"featured_media":25938,"comment_status":"open","ping_status":"open","sticky":false,"template":"","format":"standard","meta":{"footnotes":""},"categories":[6],"tags":[510,1732,700,1178],"class_list":["post-25937","post","type-post","status-publish","format-standard","has-post-thumbnail","hentry","category-dunya","tag-bolge","tag-genelinde","tag-ulke","tag-yagislar"],"_links":{"self":[{"href":"https:\/\/bihavadis.com\/index.php\/wp-json\/wp\/v2\/posts\/25937","targetHints":{"allow":["GET"]}}],"collection":[{"href":"https:\/\/bihavadis.com\/index.php\/wp-json\/wp\/v2\/posts"}],"about":[{"href":"https:\/\/bihavadis.com\/index.php\/wp-json\/wp\/v2\/types\/post"}],"author":[{"embeddable":true,"href":"https:\/\/bihavadis.com\/index.php\/wp-json\/wp\/v2\/users\/1"}],"replies":[{"embeddable":true,"href":"https:\/\/bihavadis.com\/index.php\/wp-json\/wp\/v2\/comments?post=25937"}],"version-history":[{"count":1,"href":"https:\/\/bihavadis.com\/index.php\/wp-json\/wp\/v2\/posts\/25937\/revisions"}],"predecessor-version":[{"id":25943,"href":"https:\/\/bihavadis.com\/index.php\/wp-json\/wp\/v2\/posts\/25937\/revisions\/25943"}],"wp:featuredmedia":[{"embeddable":true,"href":"https:\/\/bihavadis.com\/index.php\/wp-json\/wp\/v2\/media\/25938"}],"wp:attachment":[{"href":"https:\/\/bihavadis.com\/index.php\/wp-json\/wp\/v2\/media?parent=25937"}],"wp:term":[{"taxonomy":"category","embeddable":true,"href":"https:\/\/bihavadis.com\/index.php\/wp-json\/wp\/v2\/categories?post=25937"},{"taxonomy":"post_tag","embeddable":true,"href":"https:\/\/bihavadis.com\/index.php\/wp-json\/wp\/v2\/tags?post=25937"}],"curies":[{"name":"wp","href":"https:\/\/api.w.org\/{rel}","templated":true}]}}