{"id":26074,"date":"2026-02-10T19:00:08","date_gmt":"2026-02-10T19:00:08","guid":{"rendered":"https:\/\/bihavadis.com\/?p=26074"},"modified":"2026-02-10T19:00:08","modified_gmt":"2026-02-10T19:00:08","slug":"trump-iran-anlasma-icin-istekli","status":"publish","type":"post","link":"https:\/\/bihavadis.com\/index.php\/2026\/02\/10\/trump-iran-anlasma-icin-istekli\/","title":{"rendered":"Trump: \u0130ran anla\u015fma i\u00e7in istekli"},"content":{"rendered":"<p>ABD Ba\u015fkan\u0131 Donald Trump, \u0130ran ile Umman\u2019da ger\u00e7ekle\u015ftirilen dolayl\u0131 g\u00f6r\u00fc\u015fmelere ili\u015fkin de\u011ferlendirmelerde bulundu. G\u00f6r\u00fc\u015fmelerin \u201colduk\u00e7a iyi\u201d ge\u00e7ti\u011fini ifade eden Trump, \u0130ran\u2019\u0131n anla\u015fmaya her zamankinden daha istekli oldu\u011funu savunarak, anla\u015fma sa\u011flanmamas\u0131 halinde Tahran\u2019\u0131n bunun sonu\u00e7lar\u0131n\u0131 bildi\u011fini s\u00f6yledi.<\/p>\n<p><strong>&#8220;\u0130RAN BU KEZ FARKLI B\u0130R TUTUM SERG\u0130L\u0130YOR&#8221;<\/strong><\/p>\n<p>Washington\u2019dan Florida\u2019ya giderken u\u00e7akta gazetecilerin sorular\u0131n\u0131 yan\u0131tlayan Trump, \u0130ran\u2019la y\u00fcr\u00fct\u00fclen temaslar\u0131n seyrine ili\u015fkin iyimser mesajlar verdi. Trump, <em><b>\u201c\u0130ran anla\u015fma yapmak istiyor gibi g\u00f6r\u00fcn\u00fcyor. Bu kez \u00f6nceki s\u00fcre\u00e7lerden farkl\u0131 bir tablo var. Anla\u015fman\u0131n i\u00e7eri\u011fini g\u00f6rece\u011fiz ama ciddi bir istek seziyoruz\u201d<\/b><\/em> dedi.<\/p>\n<p>\u0130ran\u2019\u0131n ge\u00e7mi\u015fte ABD ile anla\u015fmaya yana\u015fmad\u0131\u011f\u0131n\u0131 hat\u0131rlatan Trump, <em><b>\u201c\u015eimdi tutumlar\u0131n\u0131n de\u011fi\u015fti\u011fini d\u00fc\u015f\u00fcn\u00fcyorum. Bu seferki anla\u015fma, eskisinden farkl\u0131 olacak\u201d<\/b><\/em> ifadelerini kulland\u0131.<\/p>\n<p><strong>ASKER\u0130 SE\u00c7ENEK VURGUSU: &#8220;B\u00dcY\u00dcK B\u0130R F\u0130LO YOLDA&#8221;<\/strong><\/p>\n<p>Trump, diplomatik s\u00fcrece ra\u011fmen askeri se\u00e7ene\u011fin g\u00fcndemden d\u00fc\u015fmedi\u011fini de a\u00e7\u0131k\u00e7a dile getirdi. ABD donanmas\u0131na ait b\u00fcy\u00fck bir filonun b\u00f6lgeye do\u011fru hareket halinde oldu\u011funu belirten Trump, <b><em>\u201cO b\u00f6lgede g\u00fc\u00e7l\u00fc bir askeri varl\u0131\u011f\u0131m\u0131z olacak. S\u00fcrecin nas\u0131l sonu\u00e7lanaca\u011f\u0131n\u0131 hep birlikte g\u00f6rece\u011fiz\u201d <\/em><\/b>\u015feklinde konu\u015ftu.<\/p>\n<p><img decoding=\"async\" src=\"https:\/\/bihavadis.com\/wp-content\/uploads\/2026\/02\/trump-iran-anlasma-icin-istekli-0-uRQbjbxJ.jpg\"\/><\/p>\n<p><strong>&#8220;GELECEK HAFTA YEN\u0130DEN MASAYA OTURACA\u011eIZ&#8221;<\/strong><\/p>\n<p>\u0130ran\u2019la anla\u015fma i\u00e7in bir zaman bask\u0131s\u0131 olmad\u0131\u011f\u0131n\u0131 s\u00f6yleyen Trump, aceleci davranmad\u0131klar\u0131n\u0131 vurgulad\u0131. <em><b>\u201cVenezuela konusunda da bekledik. \u0130ran\u2019la da zaman\u0131m\u0131z var\u201d<\/b><\/em> diyen Trump, \u0130ran\u2019la yap\u0131lan g\u00f6r\u00fc\u015fmelerin yan\u0131 s\u0131ra Rusya-Ukrayna hatt\u0131nda da temaslar\u0131n s\u00fcrd\u00fc\u011f\u00fcn\u00fc aktard\u0131:<\/p>\n<p>Gelecek haftan\u0131n ba\u015f\u0131nda \u0130ran\u2019la tekrar bir araya gelece\u011fiz. \u00dcst d\u00fczey bir temsilciyle verimli bir toplant\u0131 yapt\u0131k. \u0130ran anla\u015fma yapmak istiyor ve istemeleri de gerekiyor. Aksi halde sonu\u00e7lar\u0131n a\u011f\u0131r olaca\u011f\u0131n\u0131 biliyorlar.<\/p>\n<p><strong>&#8220;N\u00dcKLEER S\u0130LAH KES\u0130NL\u0130KLE KABUL ED\u0130LEMEZ&#8221;<\/strong><\/p>\n<p>Bir gazetecinin, yaln\u0131zca n\u00fckleer konuyu kapsayan bir anla\u015fman\u0131n yeterli olup olmayaca\u011f\u0131 sorusuna Trump, <em><b>\u201cEvet, bu kabul edilebilir. Ancak net bir \u015fart\u0131m\u0131z var: N\u00fckleer silah yok\u201d <\/b><\/em>yan\u0131t\u0131n\u0131 verdi.<\/p>\n<p>Trump, \u0130ran\u2019\u0131n \u00f6nceki d\u00f6nemlere k\u0131yasla \u00e7ok daha istekli oldu\u011funu savunarak,<em><b> \u201cBir ya da bir bu\u00e7uk y\u0131l \u00f6ncesine g\u00f6re anla\u015fmaya \u00e7ok daha fazla yakla\u015ft\u0131lar\u201d<\/b><\/em> de\u011ferlendirmesinde bulundu.<\/p>\n<p><strong>OBAMA V\u0130DEOSU TARTI\u015eMASINA YANIT<\/strong><\/p>\n<p>Trump, Truth Social hesab\u0131nda payla\u015f\u0131lan ve eski ABD Ba\u015fkan\u0131 Barack Obama ile e\u015fini hedef alan tart\u0131\u015fmal\u0131 bir videoya ili\u015fkin ele\u015ftiriler hakk\u0131nda da konu\u015ftu. Videonun tamam\u0131n\u0131 izlemedi\u011fini \u00f6ne s\u00fcren Trump, payla\u015f\u0131m\u0131n se\u00e7imlerdeki usuls\u00fczl\u00fck iddialar\u0131na odakland\u0131\u011f\u0131n\u0131 d\u00fc\u015f\u00fcnd\u00fc\u011f\u00fcn\u00fc s\u00f6yledi.<\/p>\n<p>Payla\u015f\u0131m\u0131n bir personel taraf\u0131ndan yap\u0131ld\u0131\u011f\u0131n\u0131 ve fark edilir edilmez kald\u0131r\u0131ld\u0131\u011f\u0131n\u0131 belirten Trump,<b><em> \u201cBen yaln\u0131zca ba\u015f\u0131na bakt\u0131m. Son b\u00f6l\u00fcm\u00fcnde rahats\u0131z edici bir i\u00e7erik oldu\u011funu bilmiyordum. G\u00f6rseydim ben de ho\u015flanmazd\u0131m\u201d<\/em><\/b> dedi.<\/p>\n<p><strong>&#8220;\u00d6Z\u00dcR D\u0130LEMEY\u0130 D\u00dc\u015e\u00dcNM\u00dcYORUM&#8221;<\/strong><\/p>\n<p>Demokratlardan \u00f6z\u00fcr dileyip dilemeyece\u011fi sorulan Trump, hata yapmad\u0131\u011f\u0131n\u0131 savundu. <b><em>\u201cBinlerce i\u00e7erik g\u00f6r\u00fcyorum. Bunun da sadece ba\u015f\u0131na bakt\u0131m. Sorun yoktu\u201d <\/em><\/b>diyen Trump, s\u00f6z konusu videonun Aslan Kral\u2019dan esinlenmi\u015f bir uyarlama oldu\u011funu ve payla\u015f\u0131m\u0131n tamam\u0131n\u0131n g\u00f6r\u00fclmemesi nedeniyle hata yap\u0131ld\u0131\u011f\u0131n\u0131 ifade etti.<\/p>\n","protected":false},"excerpt":{"rendered":"<p>ABD Ba\u015fkan\u0131 Trump, \u0130ran\u2019la y\u00fcr\u00fct\u00fclen dolayl\u0131 temaslar\u0131n olumlu ilerledi\u011fini s\u00f6yledi. Trump, \u00f6n\u00fcm\u00fczdeki hafta yeni bir g\u00f6r\u00fc\u015fme yap\u0131laca\u011f\u0131n\u0131 a\u00e7\u0131klarken, askeri se\u00e7ene\u011fin h\u00e2l\u00e2 masada oldu\u011funu vurgulad\u0131.<\/p>\n","protected":false},"author":1,"featured_media":26075,"comment_status":"open","ping_status":"open","sticky":false,"template":"","format":"standard","meta":{"footnotes":""},"categories":[6],"tags":[1426,271,1369,4292],"class_list":["post-26074","post","type-post","status-publish","format-standard","has-post-thumbnail","hentry","category-dunya","tag-anlasma","tag-iran","tag-trump","tag-trump-iran"],"_links":{"self":[{"href":"https:\/\/bihavadis.com\/index.php\/wp-json\/wp\/v2\/posts\/26074","targetHints":{"allow":["GET"]}}],"collection":[{"href":"https:\/\/bihavadis.com\/index.php\/wp-json\/wp\/v2\/posts"}],"about":[{"href":"https:\/\/bihavadis.com\/index.php\/wp-json\/wp\/v2\/types\/post"}],"author":[{"embeddable":true,"href":"https:\/\/bihavadis.com\/index.php\/wp-json\/wp\/v2\/users\/1"}],"replies":[{"embeddable":true,"href":"https:\/\/bihavadis.com\/index.php\/wp-json\/wp\/v2\/comments?post=26074"}],"version-history":[{"count":1,"href":"https:\/\/bihavadis.com\/index.php\/wp-json\/wp\/v2\/posts\/26074\/revisions"}],"predecessor-version":[{"id":26077,"href":"https:\/\/bihavadis.com\/index.php\/wp-json\/wp\/v2\/posts\/26074\/revisions\/26077"}],"wp:featuredmedia":[{"embeddable":true,"href":"https:\/\/bihavadis.com\/index.php\/wp-json\/wp\/v2\/media\/26075"}],"wp:attachment":[{"href":"https:\/\/bihavadis.com\/index.php\/wp-json\/wp\/v2\/media?parent=26074"}],"wp:term":[{"taxonomy":"category","embeddable":true,"href":"https:\/\/bihavadis.com\/index.php\/wp-json\/wp\/v2\/categories?post=26074"},{"taxonomy":"post_tag","embeddable":true,"href":"https:\/\/bihavadis.com\/index.php\/wp-json\/wp\/v2\/tags?post=26074"}],"curies":[{"name":"wp","href":"https:\/\/api.w.org\/{rel}","templated":true}]}}