{"id":26259,"date":"2026-02-10T21:03:07","date_gmt":"2026-02-10T21:03:07","guid":{"rendered":"https:\/\/bihavadis.com\/?p=26259"},"modified":"2026-02-10T21:03:07","modified_gmt":"2026-02-10T21:03:07","slug":"teknosab-lojistik-teknoparkta-basari","status":"publish","type":"post","link":"https:\/\/bihavadis.com\/index.php\/2026\/02\/10\/teknosab-lojistik-teknoparkta-basari\/","title":{"rendered":"TEKNOSAB Lojistik Teknopark&#8217;ta Ba\u015far\u0131"},"content":{"rendered":"<p> Bursa Ticaret ve Sanayi Odas\u0131 (BTSO) Y\u00f6netim Kurulu Ba\u015fkan\u0131 \u0130brahim Burkay, T\u00fcrkiye&#8217;nin ilk y\u00fcksek teknolojili organize sanayi b\u00f6lgesi TEKNOSAB&#8217;da \u00f6rnek bir giri\u015fim modeliyle hayata ge\u00e7irilen TEKNOSAB Lojistik Teknopark Giri\u015fim Sermayesi Yat\u0131r\u0131m Fonu&#8217;nun kurulu\u015fundan itibaren k\u0131sa s\u00fcrede \u00f6nemli bir ba\u015far\u0131 ortaya koydu\u011funu s\u00f6yledi. Ba\u015fkan Burkay, Ekim 2024&#8217;te kurulan fonun bir y\u0131l gibi k\u0131sa bir s\u00fcrede TL baz\u0131nda y\u00fczde 126, dolar baz\u0131nda ise y\u00fczde 86 de\u011fer kazand\u0131\u011f\u0131n\u0131 ifade etti.<\/p>\n<p>BTSO Ba\u015fkan\u0131 Burkay, TEKNOSAB Lojistik Teknopark Giri\u015fim Sermayesi Yat\u0131r\u0131m Fonu ile lojistik alan\u0131nda T\u00fcrkiye&#8217;nin en \u00f6nemli yat\u0131r\u0131mlar\u0131ndan birini hayata ge\u00e7irdiklerini s\u00f6yledi. TEKNOSAB Lojistik Teknopark&#8217;\u0131n hem b\u00f6lgenin hem de T\u00fcrkiye&#8217;nin en b\u00fcy\u00fck ihtiya\u00e7lar\u0131ndan birine kar\u015f\u0131l\u0131k verdi\u011fini vurgulayan Burkay, projenin konum avantajlar\u0131na dikkat \u00e7ekti. Burkay, &#8220;Ba\u011flant\u0131 yollar\u0131, otoyol, demiryolu ve limanlara eri\u015fim imkanlar\u0131yla TEKNOSAB Lojistik Teknopark, T\u00fcrkiye&#8217;nin en \u00f6nemli lojistik merkezlerden biri olacak&#8221; ifadelerini kulland\u0131.<\/p>\n<p>&#8220;Y\u00fcksek teknolojili bir kompleks kuruyoruz&#8221;<\/p>\n<p>Projenin kapsam\u0131na ili\u015fkin de\u011ferlendirmelerde bulunan \u0130brahim Burkay, kurulacak yap\u0131n\u0131n klasik lojistik faaliyetlerle s\u0131n\u0131rl\u0131 olmad\u0131\u011f\u0131n\u0131 belirtti. Ba\u015fkan Burkay, &#8220;Antrepolardan so\u011fuk hava depolar\u0131na ve e-ticarete y\u00f6nelik yapay zeka destekli ak\u0131ll\u0131 depolama sistemlerine kadar geni\u015f bir yelpazede hizmet sunacak bir altyap\u0131 olu\u015fturuyoruz. Ayn\u0131 zamanda veri merkezlerine teknik ve fiziki altyap\u0131 sa\u011flayaca\u011f\u0131m\u0131z alanlar\u0131n da yer ald\u0131\u011f\u0131 fonksiyonel bir kompleks hayata ge\u00e7iriyoruz.&#8221; dedi. Merkezin enerji ihtiyac\u0131n\u0131n yenilenebilir kaynaklarla kar\u015f\u0131lanaca\u011f\u0131n\u0131 ifade eden \u0130brahim Burkay, &#8220;\u00d6n\u00fcm\u00fczdeki s\u00fcre\u00e7te uluslararas\u0131 \u015firketlerin de yer ald\u0131\u011f\u0131 bir yap\u0131 olu\u015fturmay\u0131 hedefliyoruz&#8221; diye konu\u015ftu.<\/p>\n<p>&#8220;2026&#8217;n\u0131n ilk \u00e7eyre\u011finde in\u015faat s\u00fcreci ba\u015fl\u0131yor&#8221;<\/p>\n<p>Projenin mevcut durumu hakk\u0131nda da bilgi veren BTSO Y\u00f6netim Kurulu Ba\u015fkan\u0131 \u0130brahim Burkay, altyap\u0131 \u00e7al\u0131\u015fmalar\u0131n\u0131n sona yakla\u015fmakta oldu\u011funu ve ihale s\u00fcrecinin ard\u0131ndan in\u015faat \u00e7al\u0131\u015fmalar\u0131n\u0131n k\u0131sa s\u00fcre i\u00e7inde ba\u015flayaca\u011f\u0131n\u0131 a\u00e7\u0131klad\u0131. 18 ila 24 ay gibi bir s\u00fcrede in\u015faat\u0131 tamamlamay\u0131 hedeflediklerini a\u00e7\u0131klayan Ba\u015fkan Burkay, konu\u015fmas\u0131n\u0131 \u015f\u00f6yle s\u00fcrd\u00fcrd\u00fc: &#8220;E-ticarette hayata ge\u00e7irilen yeni reg\u00fclasyonlarla birlikte uluslararas\u0131 markalar art\u0131k lokalle\u015fmek zorunda. Bu kapsamda t\u00fcm uluslararas\u0131 markalarla g\u00f6r\u00fc\u015fme halindeyiz. Bu markalar\u0131n tamam\u0131 b\u00f6lgemizde kullan\u0131c\u0131 konumuna gelecek ve lojistik alan\u0131ndaki en b\u00fcy\u00fck ihtiya\u00e7lardan birini kar\u015f\u0131lam\u0131\u015f olaca\u011f\u0131z&#8221; diye konu\u015ftu.<\/p>\n<p>&#8220;KOB\u0130&#8217;lerle sanayicileri ayn\u0131 yat\u0131r\u0131mda bulu\u015fturan proje&#8221;<\/p>\n<p>Fonun yat\u0131r\u0131mc\u0131 yap\u0131s\u0131na ili\u015fkin de\u011ferlendirmelerde bulunan Burkay, TEKNOSAB Lojistik Teknopark GSYF&#8217;nin T\u00fcrkiye&#8217;de kurulu 537 giri\u015fim sermayesi yat\u0131r\u0131m fonu aras\u0131nda \u00f6nemli bir konuma sahip oldu\u011funu s\u00f6yledi. Burkay, &#8220;Kat\u0131l\u0131mc\u0131 say\u0131s\u0131 a\u00e7\u0131s\u0131ndan T\u00fcrkiye&#8217;nin ilk \u00fc\u00e7 fonu aras\u0131nda yer al\u0131yoruz. Toplam nitelikli yat\u0131r\u0131mc\u0131lar\u0131n y\u00fczde 10&#8217;unun bu fonda yer almas\u0131 son derece k\u0131ymetli. De\u011fer b\u00fcy\u00fckl\u00fc\u011f\u00fc a\u00e7\u0131s\u0131ndan ise T\u00fcrkiye&#8217;nin dokuzuncu b\u00fcy\u00fck fonu konumunday\u0131z.&#8221; dedi. BTSO&#8217;nun 615 \u00fcyesinin projede yat\u0131r\u0131mc\u0131 ve ortak olarak yer ald\u0131\u011f\u0131n\u0131 belirten Ba\u015fkan Burkay, &#8220;Ayn\u0131 projede, KOB\u0130&#8217;lerimizden b\u00fcy\u00fck sanayi kurulu\u015flar\u0131m\u0131za kadar kapsaml\u0131 bir yat\u0131r\u0131mc\u0131 profilimiz var. B\u00f6ylesine kapsay\u0131c\u0131 bir yat\u0131r\u0131mc\u0131 profili, T\u00fcrkiye&#8217;de benzeri olmayan bir i\u015fbirli\u011fi modelidir. Yat\u0131r\u0131m fonumuz, bir y\u0131lda TL baz\u0131nda y\u00fczde 126, dolar baz\u0131nda ise y\u00fczde 86 reel kazan\u00e7 sa\u011flad\u0131. T\u00fcm yat\u0131r\u0131mc\u0131lar\u0131m\u0131z i\u00e7in hay\u0131rl\u0131 olsun&#8221; ifadelerini kulland\u0131.<\/p>\n<p>&#8220;\u00d6l\u00e7ek ekonomisi zorunlu hale geldi&#8221;<\/p>\n<p>Yeni ekonomi ve d\u00f6n\u00fc\u015f\u00fcm s\u00fcrecine ili\u015fkin de\u011ferlendirmelerde bulunan \u0130brahim Burkay, i\u015f d\u00fcnyas\u0131n\u0131n birlikte hareket etmesinin \u00f6nemine i\u015faret etti. Burkay, &#8220;Yeni ekonomi \u00f6n\u00fcm\u00fczdeki s\u00fcre\u00e7te \u00f6l\u00e7ek ekonomisine ge\u00e7i\u015fi zorunlu k\u0131l\u0131yor. \u0130\u015f d\u00fcnyas\u0131 olarak mutlaka bir araya gelmeli, nitelikli yat\u0131r\u0131mc\u0131larla vizyon projeler ortaya koymal\u0131 ve bu projelerde birlikte yat\u0131r\u0131mc\u0131 olmal\u0131y\u0131z. \u00d6n\u00fcm\u00fczdeki 50 y\u0131lda \u00e7ok farkl\u0131 alanlarda \u00f6nemli geli\u015fmeler ya\u015fanacak.&#8221; dedi. TEKNOSAB Lojistik Teknopark projesinin, 2030 Sanayi ve Teknoloji Stratejisi ile \u00f6rt\u00fc\u015ft\u00fc\u011f\u00fcn\u00fc belirten Burkay, &#8220;Say\u0131n Cumhurba\u015fkan\u0131m\u0131z\u0131n liderli\u011finde ortaya konulan ve giri\u015fim sermayesi yat\u0131r\u0131m fonlar\u0131 \u00fczerinden yeni ekonomideki projelerin hayata ge\u00e7irilmesi vizyonunu ete kemi\u011fe b\u00fcr\u00fcnd\u00fcren bir projeyi hayata ge\u00e7irmi\u015f durumday\u0131z&#8221; dedi.<\/p>\n<p>&#8220;\u00d6n\u00fcm\u00fczdeki 100 y\u0131lda da ticaretin merkezinde olacak&#8221;<\/p>\n<p>K\u00fcresel ekonomide ya\u015fanan k\u0131r\u0131lganl\u0131klara da de\u011finen Burkay, &#8220;D\u00fcnya konjonkt\u00fcrel olarak zor bir d\u00f6nemden ge\u00e7iyor. K\u0131r\u0131lganl\u0131klar art\u0131yor, tedarik yap\u0131lar\u0131 ve k\u00fcresel ekonomik dengeler de\u011fi\u015fiyor. Biz i\u015f d\u00fcnyam\u0131z\u0131n birikimlerini do\u011fru alanlarda \u00f6l\u00e7e\u011fe kavu\u015fturarak, \u00f6n\u00fcm\u00fczdeki 50 y\u0131l boyunca da ekonominin ve k\u00fcresel rekabetin merkezinde olacak projelere y\u00f6nlendiriyoruz. Nas\u0131l ki 14. y\u00fczy\u0131ldan itibaren Bursa tarihi \u0130pek Yolu \u00fczerinde ticaretin merkezi olduysa, \u00f6n\u00fcm\u00fczdeki 100 y\u0131lda da Bursa ticaretin merkezinde yer almaya devam edecek&#8221; \u015feklinde konu\u015ftu.<\/p>\n<p>&#8220;Yurt i\u00e7i ve yurt d\u0131\u015f\u0131nda yeni fon projeleri geliyor&#8221;<\/p>\n<p>T\u00fcrkiye ekonomisinde hizmet sekt\u00f6r\u00fcn\u00fcn son 10 y\u0131lda ciddi bir ivme kazand\u0131\u011f\u0131n\u0131 belirten Burkay, &#8220;Lojistik ve ta\u015f\u0131mac\u0131l\u0131\u011f\u0131n toplam ekonomi i\u00e7indeki pay\u0131 h\u0131zla art\u0131yor. E-ticarette geometrik bir y\u00fckseli\u015f trendi s\u00f6z konusu. Bu da g\u00fc\u00e7l\u00fc teknik altyap\u0131ya sahip merkezlere olan ihtiyac\u0131 art\u0131r\u0131yor. \u00d6n\u00fcm\u00fczdeki d\u00f6nemde giri\u015fim sermayesi yat\u0131r\u0131m fonlar\u0131 \u00fczerinden yeni yat\u0131r\u0131mlar\u0131 da hayata ge\u00e7irmeyi planl\u0131yoruz&#8221; dedi.<\/p>\n<p>\u0130brahim Burkay, projeye yap\u0131lan yat\u0131r\u0131mlar\u0131n tamam\u0131n\u0131n yat\u0131r\u0131mc\u0131lara d\u00fczenli ve s\u00fcrd\u00fcr\u00fclebilir gelir sa\u011flayaca\u011f\u0131n\u0131 vurgulayarak \u015funlar\u0131 s\u00f6yledi;<\/p>\n<p>&#8220;Bu projede yer alan yat\u0131r\u0131mc\u0131lar\u0131n tamam\u0131 d\u00fczenli olarak kira gelirleri elde edecek. Ayn\u0131 zamanda yat\u0131r\u0131mlar, temett\u00fc ve kira gelirleriyle birlikte ciddi anlamda de\u011fer kazanacak. Bu tablo bize, birikimlerin do\u011fru alanlara kanalize edildi\u011finde \u00fclke ekonomisini kalk\u0131nd\u0131rmada ne kadar g\u00fc\u00e7l\u00fc bir itici unsur oldu\u011funu a\u00e7\u0131k \u015fekilde g\u00f6steriyor. Aksi takdirde yaln\u0131zca finansal enstr\u00fcmanlar i\u00e7inde d\u00f6nen birikimler, belli d\u00f6nemlerde \u00fclke ekonomisine zarar verebiliyor. Bu nedenle do\u011fru kanallar ve do\u011fru i\u015f modelleri b\u00fcy\u00fck \u00f6nem ta\u015f\u0131yor.&#8221;<\/p>\n<p>&#8220;T\u00fcrkiye Y\u00fczy\u0131l\u0131 hedeflerine katk\u0131 sa\u011flayacak&#8221;<\/p>\n<p>Cumhurba\u015fkan\u0131 Recep Tayyip Erdo\u011fan taraf\u0131ndan ortaya konulan vizyonun bu noktada son derece k\u0131ymetli oldu\u011funa dikkat \u00e7eken Burkay, giri\u015fim sermayesi yat\u0131r\u0131m fonlar\u0131 \u00fczerinden yeni ekonomi projelerinin hayata ge\u00e7irilmesinin stratejik bir ad\u0131m oldu\u011funu belirtti. Burkay, &#8220;Cumhurba\u015fkan\u0131m\u0131z\u0131n, giri\u015fim sermayesi yat\u0131r\u0131m fonlar\u0131 \u00fczerinden T\u00fcrkiye Y\u00fczy\u0131l\u0131 projelerinin hayata ge\u00e7irilmesi y\u00f6n\u00fcndeki vizyonu do\u011frultusunda \u00e7ok \u00f6nemli vergi destekleri sa\u011flan\u0131yor. Ama\u00e7, bu birikimlerin do\u011fru projelerde, uzun vadeli ve s\u00fcrd\u00fcr\u00fclebilir yat\u0131r\u0131mlarda kullan\u0131lmas\u0131. Asl\u0131nda bizim hayata ge\u00e7irdi\u011fimiz TEKNOSAB Lojistik Teknopark Giri\u015fim Sermayesi Yat\u0131r\u0131m Fonu, bu vizyonun sahadaki en somut, ete kemi\u011fe b\u00fcr\u00fcnm\u00fc\u015f \u00f6rneklerinden biri&#8221; dedi.<\/p>\n<p>TEKNOSAB Lojistik Teknopark GSYF&#8217;nin ard\u0131ndan yeni bir ad\u0131m\u0131 daha hayata ge\u00e7ireceklerini ifade eden Burkay, \u015fehir fonu \u00e7al\u0131\u015fmalar\u0131na da ba\u015flad\u0131klar\u0131n\u0131 a\u00e7\u0131klad\u0131. Burkay, bu fonun b\u00f6lgedeki giri\u015fim ekosistemine \u00f6nemli katk\u0131 sa\u011flayaca\u011f\u0131n\u0131 belirterek, &#8220;Bu fonla birlikte b\u00f6lgemizde yeni fikirlerin, yeni giri\u015fimlerin desteklenece\u011fi bir yap\u0131 olu\u015fturuyoruz. Melek yat\u0131r\u0131mc\u0131 olarak tan\u0131mlad\u0131\u011f\u0131m\u0131z yat\u0131r\u0131mc\u0131lar\u0131m\u0131z\u0131n yan\u0131 s\u0131ra Ar-Ge \u015firketlerimizin kanunen zaten ay\u0131rmak zorunda olduklar\u0131 kaynaklar\u0131 da bu fon arac\u0131l\u0131\u011f\u0131yla do\u011fru projelere y\u00f6nlendirece\u011fiz. \u015eehrimizin ve b\u00f6lgemizin yeni fikirlerini hayata ge\u00e7irece\u011fiz&#8221; diye konu\u015ftu.<\/p>\n<p>Yeni ekonomi olarak tan\u0131mlanan alanlar\u0131n tam da bu noktada \u015fekillendi\u011fini vurgulayan Burkay, Bursa&#8217;n\u0131n bu d\u00f6n\u00fc\u015f\u00fcmde g\u00fc\u00e7l\u00fc bir merkez olaca\u011f\u0131n\u0131 belirtti. Burkay, &#8220;\u00d6n\u00fcm\u00fczdeki s\u00fcre\u00e7te yeni ekonomi diye tarif etti\u011fimiz alanlar tam olarak burada \u015fekilleniyor. Bursa&#8217;m\u0131z, BTSO&#8217;nun vizyonu ve ortaya koydu\u011fu projelerle \u00f6n\u00fcm\u00fczdeki 50 y\u0131lda da merkez konumunu g\u00fc\u00e7l\u00fc \u015fekilde s\u00fcrd\u00fcrecek&#8221; ifadelerini kulland\u0131. &#8211; BURSA<\/p>\n","protected":false},"excerpt":{"rendered":"<p>BTSO Ba\u015fkan\u0131 Burkay, TEKNOSAB Lojistik Teknopark Yat\u0131r\u0131m Fonu&#8217;nun k\u0131sa s\u00fcrede \u00f6nemli kazan\u00e7lar elde etti\u011fini a\u00e7\u0131klad\u0131.<\/p>\n","protected":false},"author":1,"featured_media":26260,"comment_status":"open","ping_status":"open","sticky":false,"template":"","format":"standard","meta":{"footnotes":""},"categories":[8],"tags":[4325,4324,1256,544,216],"class_list":["post-26259","post","type-post","status-publish","format-standard","has-post-thumbnail","hentry","category-ekonomi","tag-fonu","tag-hayata","tag-projeler","tag-sure","tag-yatirim"],"_links":{"self":[{"href":"https:\/\/bihavadis.com\/index.php\/wp-json\/wp\/v2\/posts\/26259","targetHints":{"allow":["GET"]}}],"collection":[{"href":"https:\/\/bihavadis.com\/index.php\/wp-json\/wp\/v2\/posts"}],"about":[{"href":"https:\/\/bihavadis.com\/index.php\/wp-json\/wp\/v2\/types\/post"}],"author":[{"embeddable":true,"href":"https:\/\/bihavadis.com\/index.php\/wp-json\/wp\/v2\/users\/1"}],"replies":[{"embeddable":true,"href":"https:\/\/bihavadis.com\/index.php\/wp-json\/wp\/v2\/comments?post=26259"}],"version-history":[{"count":1,"href":"https:\/\/bihavadis.com\/index.php\/wp-json\/wp\/v2\/posts\/26259\/revisions"}],"predecessor-version":[{"id":26261,"href":"https:\/\/bihavadis.com\/index.php\/wp-json\/wp\/v2\/posts\/26259\/revisions\/26261"}],"wp:featuredmedia":[{"embeddable":true,"href":"https:\/\/bihavadis.com\/index.php\/wp-json\/wp\/v2\/media\/26260"}],"wp:attachment":[{"href":"https:\/\/bihavadis.com\/index.php\/wp-json\/wp\/v2\/media?parent=26259"}],"wp:term":[{"taxonomy":"category","embeddable":true,"href":"https:\/\/bihavadis.com\/index.php\/wp-json\/wp\/v2\/categories?post=26259"},{"taxonomy":"post_tag","embeddable":true,"href":"https:\/\/bihavadis.com\/index.php\/wp-json\/wp\/v2\/tags?post=26259"}],"curies":[{"name":"wp","href":"https:\/\/api.w.org\/{rel}","templated":true}]}}