{"id":26295,"date":"2026-02-10T21:42:10","date_gmt":"2026-02-10T21:42:10","guid":{"rendered":"https:\/\/bihavadis.com\/?p=26295"},"modified":"2026-02-10T21:42:10","modified_gmt":"2026-02-10T21:42:10","slug":"hatayda-kocasini-kaybeden-kadin-3-cocuguna-sahip-cikmaya-devam-ediyor","status":"publish","type":"post","link":"https:\/\/bihavadis.com\/index.php\/2026\/02\/10\/hatayda-kocasini-kaybeden-kadin-3-cocuguna-sahip-cikmaya-devam-ediyor\/","title":{"rendered":"Hatay&#8217;da kocas\u0131n\u0131 kaybeden kad\u0131n 3 \u00e7ocu\u011funa sahip \u00e7\u0131kmaya devam ediyor"},"content":{"rendered":"<p>Hatay&#8217;da y\u00fcrekleri burkan g\u00f6r\u00fcnt\u00fc&#8230;<\/p>\n<p>Kahramanmara\u015f merkezli depremlerde en \u00e7ok y\u0131k\u0131ma u\u011frayan Hatay&#8217;da binlerce bina yerle bir olurken yakla\u015f\u0131k 25 bin insan hayat\u0131n\u0131 kaybetti.<\/p>\n<p>Asr\u0131n felaketine Antakya il\u00e7esi G\u00fcld\u00fcren Mahallesi&#8217;nde ya\u015fayan Mehmet Ko\u00e7ak, tedavi g\u00f6rd\u00fc\u011f\u00fc hastanenin y\u0131k\u0131lmas\u0131yla enkaz alt\u0131nda kald\u0131.<\/p>\n<p><strong>6 G\u00dcN ENKAZ ALTINDA KALDI<\/strong><\/p>\n<p>Depremin ard\u0131ndan kendisinden haber al\u0131namayan Ko\u00e7ak, enkazdan 6 g\u00fcn sonra kurtar\u0131ld\u0131.<\/p>\n<p>O\u011flunun cenazesini bulduktan sonra defneden anne Sebahat Ko\u00e7ak, o\u011flunun mezar\u0131n\u0131 g\u00f6rmeden dayanamad\u0131\u011f\u0131n\u0131 belirterek, her g\u00fcn o\u011flunun mezar\u0131na gidip dua etti\u011fini s\u00f6yledi.<\/p>\n<p><img decoding=\"async\" src=\"https:\/\/bihavadis.com\/wp-content\/uploads\/2026\/02\/hatayda-kocasini-kaybeden-kadin-3-cocuguna-sahip-cikmaya-devam-ediyor-0-G1ZZGMHi.jpg\"\/><\/p>\n<p><strong>&#8220;O\u011eLUMU \u00c7OK \u00d6ZL\u00dcYORUM&#8221;<\/strong><\/p>\n<p>Depremde kaybetti\u011fi o\u011flunun mezar\u0131na her g\u00fcn gitti\u011fini s\u00f6yleyen ac\u0131l\u0131 anne Sebahat Ko\u00e7ak, <b><em>&#8220;Depremde \u00e7ok zor durumlar ya\u015fad\u0131k, o\u011flumu kaybettim ve 3 \u00e7ocu\u011fu vard\u0131. O anlar zor ge\u00e7ti. D\u0131\u015far\u0131da ve ya\u011fmurlarda kald\u0131k. O\u011flum hastaland\u0131 ve o g\u00fcn hastanede yat\u0131yordu. Bir iki g\u00fcn sonra taburcu olacakt\u0131 ama deprem oldu ve orada kaybettik. O\u011flumun cans\u0131z bedenini 6 g\u00fcn sonra \u00e7\u0131kartt\u0131k. <\/em><\/b><\/p>\n<p><b><em>Mahalledeki mezarl\u0131\u011fa defin ettik. O g\u00fcn ne oldu\u011funu anlayamad\u0131k. Ya\u011fmurun alt\u0131nda d\u0131\u015far\u0131da kald\u0131k. Enkaz ba\u015f\u0131nda aramaya gidiyoruz ama bulam\u0131yorduk. Abisi, 6 g\u00fcn kald\u0131 enkaz ba\u015f\u0131nda ve sonra bulup getirdi. O\u011flum m\u00fczede temizlik personeliydi. O\u011flumu \u00e7ok \u00f6zl\u00fcyorum. Mezar\u0131ndaki topra\u011f\u0131 g\u00f6rmeden dayanam\u0131yorum. Her g\u00fcn mezar\u0131na giderim&#8221; <\/em><\/b>dedi.<\/p>\n<p><img decoding=\"async\" src=\"https:\/\/bihavadis.com\/wp-content\/uploads\/2026\/02\/hatayda-kocasini-kaybeden-kadin-3-cocuguna-sahip-cikmaya-devam-ediyor-1-zLWKgFDx.jpg\"\/><\/p>\n<p><strong>&#8220;E\u015e\u0130MDEN GER\u0130YE 3 \u00c7OCU\u011eUM KALDI&#8221;<\/strong><\/p>\n<p>Depremde kaybetti\u011fi e\u015finden kendine emanet kalan birisi engelli 3 evlad\u0131na hem annelik, hem de babal\u0131k yapan anne Seher Ko\u00e7ak, <b><em>&#8220;Depremde evde yakaland\u0131k ve e\u015fimde hastanede yat\u0131yordu. O g\u00fcnler \u00e7ok zor g\u00fcnler ya\u015fad\u0131k. \u00c7ocuklar\u0131m o g\u00fcn\u00fc atlatam\u0131yor. Bu engelli o\u011flum babas\u0131na \u00e7ok a\u011fl\u0131yor. <\/em><\/b><\/p>\n<p><b><em>O g\u00fcnlerde \u00e7ok zor g\u00fcnler ya\u015fad\u0131k ve sular\u0131n\u0131n alt\u0131nda yatt\u0131k. Evde bir \u015fey olmad\u0131 ama eve girilmiyordu. \u0130nsan e\u015fini \u00f6zlemez mi, \u00e7ocuklar da \u00f6zl\u00fcyor. E\u015fimden geriye 3 \u00e7ocu\u011fum kald\u0131&#8221;<\/em><\/b> \u015feklinde konu\u015ftu.<\/p>\n<p><img decoding=\"async\" src=\"https:\/\/bihavadis.com\/wp-content\/uploads\/2026\/02\/hatayda-kocasini-kaybeden-kadin-3-cocuguna-sahip-cikmaya-devam-ediyor-2-IclXP4Bu.jpg\"\/><\/p>\n","protected":false},"excerpt":{"rendered":"<p>6 \u015eubat 2023 ya\u015fanan depremlerden etkilenen kentte tedavi g\u00f6rd\u00fc\u011f\u00fc hastanede hayat\u0131n\u0131 kaybeden Mehmet Ko\u00e7ak&#8217;\u0131n e\u015fi Seher Ko\u00e7ak, 1&#8217;i engelli olmak \u00fczere 3 evlad\u0131na hem annelik hem de babal\u0131k yaparak g\u00f6renlerin takdirini topluyor.<\/p>\n","protected":false},"author":1,"featured_media":26296,"comment_status":"open","ping_status":"open","sticky":false,"template":"","format":"standard","meta":{"footnotes":""},"categories":[4,13],"tags":[60,3355,236,3930,4173],"class_list":["post-26295","post","type-post","status-publish","format-standard","has-post-thumbnail","hentry","category-gundem","category-son-dakika","tag-deprem","tag-enkaz","tag-gun","tag-kaldi","tag-oglum"],"_links":{"self":[{"href":"https:\/\/bihavadis.com\/index.php\/wp-json\/wp\/v2\/posts\/26295","targetHints":{"allow":["GET"]}}],"collection":[{"href":"https:\/\/bihavadis.com\/index.php\/wp-json\/wp\/v2\/posts"}],"about":[{"href":"https:\/\/bihavadis.com\/index.php\/wp-json\/wp\/v2\/types\/post"}],"author":[{"embeddable":true,"href":"https:\/\/bihavadis.com\/index.php\/wp-json\/wp\/v2\/users\/1"}],"replies":[{"embeddable":true,"href":"https:\/\/bihavadis.com\/index.php\/wp-json\/wp\/v2\/comments?post=26295"}],"version-history":[{"count":1,"href":"https:\/\/bihavadis.com\/index.php\/wp-json\/wp\/v2\/posts\/26295\/revisions"}],"predecessor-version":[{"id":26300,"href":"https:\/\/bihavadis.com\/index.php\/wp-json\/wp\/v2\/posts\/26295\/revisions\/26300"}],"wp:featuredmedia":[{"embeddable":true,"href":"https:\/\/bihavadis.com\/index.php\/wp-json\/wp\/v2\/media\/26296"}],"wp:attachment":[{"href":"https:\/\/bihavadis.com\/index.php\/wp-json\/wp\/v2\/media?parent=26295"}],"wp:term":[{"taxonomy":"category","embeddable":true,"href":"https:\/\/bihavadis.com\/index.php\/wp-json\/wp\/v2\/categories?post=26295"},{"taxonomy":"post_tag","embeddable":true,"href":"https:\/\/bihavadis.com\/index.php\/wp-json\/wp\/v2\/tags?post=26295"}],"curies":[{"name":"wp","href":"https:\/\/api.w.org\/{rel}","templated":true}]}}