{"id":26355,"date":"2026-02-10T22:30:15","date_gmt":"2026-02-10T22:30:15","guid":{"rendered":"https:\/\/bihavadis.com\/?p=26355"},"modified":"2026-02-10T22:30:15","modified_gmt":"2026-02-10T22:30:15","slug":"ekrem-imamoglunun-korumasi-bektas-kamburoglu-gozaltina-alindi","status":"publish","type":"post","link":"https:\/\/bihavadis.com\/index.php\/2026\/02\/10\/ekrem-imamoglunun-korumasi-bektas-kamburoglu-gozaltina-alindi\/","title":{"rendered":"Ekrem \u0130mamo\u011flu&#8217;nun korumas\u0131 Bekta\u015f Kamburo\u011flu g\u00f6zalt\u0131na al\u0131nd\u0131"},"content":{"rendered":"<p>\u0130stanbul Cumhuriyet Ba\u015fsavc\u0131l\u0131\u011f\u0131 taraf\u0131ndan \u0130BB&#8217;ye y\u00f6nelik ba\u015flat\u0131lan yolsuzluk ve r\u00fc\u015fvet soru\u015fturmas\u0131 devam ediyor.\u00a0<\/p>\n<p>Soru\u015fturma kapsam\u0131nda sabah saatlerinde \u00f6nemli bir geli\u015fme ya\u015fand\u0131.\u00a0<\/p>\n<p>Yolsuzluk ve r\u00fc\u015fvet soru\u015fturmas\u0131 kapsam\u0131nda tutuklu bulunan ve g\u00f6revinden uzakla\u015ft\u0131r\u0131lan \u0130BB eski Belediye Ba\u015fkan\u0131 Ekrem \u0130mamo\u011flu&#8217;nun korumalar\u0131ndan\u00a0Bekta\u015f Kamburo\u011flu\u00a0g\u00f6zalt\u0131na al\u0131nd\u0131.\u00a0<\/p>\n<p><strong>MAL\u0130 SU\u00c7LARLA M\u00dcCADELE EK\u0130PLER\u0130 TARAFINDAN ALINDI<\/strong><\/p>\n<p>Sabah saatlerinde evinden g\u00f6zalt\u0131na al\u0131nan Bar\u0131\u015f Kamburo\u011flu&#8217;nun evine Mali Su\u00e7larla M\u00fccadele \u015eube M\u00fcd\u00fcrl\u00fc\u011f\u00fc ekiplerinin gitti\u011fi kaydedildi.<\/p>\n<p>Kamburo\u011flu&#8217;nun g\u00f6zalt\u0131na al\u0131nma nedeni ise tam olarak a\u00e7\u0131klanmad\u0131.\u00a0<\/p>\n<p><img decoding=\"async\" src=\"https:\/\/bihavadis.com\/wp-content\/uploads\/2026\/02\/ekrem-imamoglunun-korumasi-bektas-kamburoglu-gozaltina-alindi-0-wKsnPiQC.jpg\"\/><\/p>\n<p><strong>\u0130MAMO\u011eLU&#8217;NA KAMU DAVASI<\/strong><\/p>\n<p>\u0130stanbul Cumhuriyet Ba\u015fsavc\u0131l\u0131\u011f\u0131nca, yolsuzluk soru\u015fturmas\u0131 kapsam\u0131nda tutuklanmas\u0131n\u0131n ard\u0131ndan \u0130BB Ba\u015fkanl\u0131\u011f\u0131 g\u00f6revinden uzakla\u015ft\u0131r\u0131lan Ekrem \u0130mamo\u011flu, Necati \u00d6zkan, H\u00fcseyin G\u00fcn ve Merdan Yanarda\u011f hakk\u0131nda\u00a0&#8220;siyasi casusluk&#8221;\u00a0su\u00e7undan ba\u015flat\u0131lan soru\u015fturma tamamlanm\u0131\u015ft\u0131.\u00a0<\/p>\n<p>\u015e\u00fcpheliler Ekrem \u0130mamo\u011flu, Necati \u00d6zkan, H\u00fcseyin G\u00fcn ve Merdan Yanarda\u011f hakk\u0131nda\u00a0&#8220;siyasi casusluk&#8221;\u00a0su\u00e7undan kamu davas\u0131 a\u00e7\u0131lm\u0131\u015ft\u0131.\u00a0<\/p>\n<p><img decoding=\"async\" src=\"https:\/\/bihavadis.com\/wp-content\/uploads\/2026\/02\/ekrem-imamoglunun-korumasi-bektas-kamburoglu-gozaltina-alindi-1-adP2gSxY.jpg\"\/><\/p>\n<p><strong>\u0130BB \u0130DD\u0130ANAMES\u0130<\/strong><\/p>\n<p>\u00d6te yandan \u0130stanbul Cumhuriyet Ba\u015fsavc\u0131l\u0131\u011f\u0131, \u0130BB hakk\u0131nda y\u00fcr\u00fctt\u00fc\u011f\u00fc yolsuzluk soru\u015fturmas\u0131n\u0131 tamamlayarak 3 bin 900 sayfal\u0131k iddianame haz\u0131rlanm\u0131\u015ft\u0131.\u00a0<\/p>\n<p>402 \u015f\u00fcpheli ve 143 eylemin yer ald\u0131\u011f\u0131 3 bin 900 sayfal\u0131k iddianamede, \u00f6rg\u00fct lideri olarak Ekrem \u0130mamo\u011flu yer alm\u0131\u015ft\u0131.\u00a0<\/p>\n<p>Bu kapsamda savc\u0131l\u0131k taraf\u0131ndan, Ekrem \u0130mamo\u011flu i\u00e7in 828 y\u0131ldan 2 bin 352 y\u0131la kadar hapis cezas\u0131 istenmi\u015fti.\u00a0<\/p>\n<p><img decoding=\"async\" src=\"https:\/\/bihavadis.com\/wp-content\/uploads\/2026\/02\/ekrem-imamoglunun-korumasi-bektas-kamburoglu-gozaltina-alindi-2-LO3NMdCc.jpg\"\/><\/p>\n","protected":false},"excerpt":{"rendered":"<p>Yolsuzluk ve r\u00fc\u015fvet soru\u015fturmas\u0131 kapsam\u0131nda tutuklu bulunan ve g\u00f6revinden uzakla\u015ft\u0131r\u0131lan \u0130BB eski Belediye Ba\u015fkan\u0131 Ekrem \u0130mamo\u011flu&#8217;nun korumas\u0131 Bekta\u015f Kamburo\u011flu&#8217;nun g\u00f6zalt\u0131na al\u0131nd\u0131\u011f\u0131 belirtildi.<\/p>\n","protected":false},"author":1,"featured_media":26356,"comment_status":"open","ping_status":"open","sticky":false,"template":"","format":"standard","meta":{"footnotes":""},"categories":[9,13],"tags":[3738,1025,1705],"class_list":["post-26355","post","type-post","status-publish","format-standard","has-post-thumbnail","hentry","category-genel","category-son-dakika","tag-ekrem-imamoglu","tag-ibb","tag-sorusturma"],"_links":{"self":[{"href":"https:\/\/bihavadis.com\/index.php\/wp-json\/wp\/v2\/posts\/26355","targetHints":{"allow":["GET"]}}],"collection":[{"href":"https:\/\/bihavadis.com\/index.php\/wp-json\/wp\/v2\/posts"}],"about":[{"href":"https:\/\/bihavadis.com\/index.php\/wp-json\/wp\/v2\/types\/post"}],"author":[{"embeddable":true,"href":"https:\/\/bihavadis.com\/index.php\/wp-json\/wp\/v2\/users\/1"}],"replies":[{"embeddable":true,"href":"https:\/\/bihavadis.com\/index.php\/wp-json\/wp\/v2\/comments?post=26355"}],"version-history":[{"count":1,"href":"https:\/\/bihavadis.com\/index.php\/wp-json\/wp\/v2\/posts\/26355\/revisions"}],"predecessor-version":[{"id":26360,"href":"https:\/\/bihavadis.com\/index.php\/wp-json\/wp\/v2\/posts\/26355\/revisions\/26360"}],"wp:featuredmedia":[{"embeddable":true,"href":"https:\/\/bihavadis.com\/index.php\/wp-json\/wp\/v2\/media\/26356"}],"wp:attachment":[{"href":"https:\/\/bihavadis.com\/index.php\/wp-json\/wp\/v2\/media?parent=26355"}],"wp:term":[{"taxonomy":"category","embeddable":true,"href":"https:\/\/bihavadis.com\/index.php\/wp-json\/wp\/v2\/categories?post=26355"},{"taxonomy":"post_tag","embeddable":true,"href":"https:\/\/bihavadis.com\/index.php\/wp-json\/wp\/v2\/tags?post=26355"}],"curies":[{"name":"wp","href":"https:\/\/api.w.org\/{rel}","templated":true}]}}